{"id":141450,"date":"2025-10-24T21:22:39","date_gmt":"2025-10-25T00:22:39","guid":{"rendered":"https:\/\/www.barragrande24horas.com.br\/v1\/?p=141450"},"modified":"2025-10-24T21:23:24","modified_gmt":"2025-10-25T00:23:24","slug":"prefeitura-de-ibirapitanga-anuncia-micaita-historico-com-grandes-nomes-da-musica","status":"publish","type":"post","link":"https:\/\/www.barragrande24horas.com.br\/v1\/2025\/10\/24\/prefeitura-de-ibirapitanga-anuncia-micaita-historico-com-grandes-nomes-da-musica\/","title":{"rendered":"PREFEITURA DE IBIRAPITANGA ANUNCIA MICAITA HIST\u00d3RICO COM GRANDES NOMES DA M\u00daSICA"},"content":{"rendered":"<p class=\"p1\" style=\"text-align: justify;\"><span class=\"s1\">A Prefeitura de Ibirapitanga realizar\u00e1, nos dias 14, 15 e 16 de novembro, a maior micareta da hist\u00f3ria de Itamarati, o <\/span><span class=\"s2\">MicaIta 2025<\/span><span class=\"s1\">. O evento acontecer\u00e1 no est\u00e1dio do distrito, que se tornar\u00e1 o verdadeiro cora\u00e7\u00e3o da folia, com uma programa\u00e7\u00e3o que promete agitar toda a regi\u00e3o e reunir milhares de foli\u00f5es em uma grande celebra\u00e7\u00e3o de alegria, m\u00fasica e cultura.<\/span><\/p>\n<p class=\"p1\" style=\"text-align: justify;\"><span class=\"s1\">Entre as atra\u00e7\u00f5es confirmadas est\u00e3o <\/span><span class=\"s2\">Toque Dez, O Pol\u00eamico, \u00c9 o Tchan, Edicity, Larissa Gomes, Ana Catarina, Ad\u00e3o Nego, Raquel dos Teclados, Trio da Huana, Raneychas, Kiko Cigano, Cicinho da Bahia, Jeito de Amar e Gil Brito dos Teclados<\/span><span class=\"s1\">, nomes que garantem uma mistura de ritmos e estilos para todos os gostos.<\/span><\/p>\n<p class=\"p1\" style=\"text-align: justify;\"><span class=\"s1\">Antes da micareta, o distrito tamb\u00e9m sediar\u00e1 a <\/span><span class=\"s2\">ItaFeira \u2013 Feira de Agricultura Familiar e Economia Solid\u00e1ria<\/span><span class=\"s1\">, nos dias <\/span><span class=\"s2\">12 e 13 de novembro<\/span><span class=\"s1\">, fortalecendo o calend\u00e1rio de eventos locais com uma programa\u00e7\u00e3o voltada para o desenvolvimento econ\u00f4mico, empreendedorismo e valoriza\u00e7\u00e3o da produ\u00e7\u00e3o rural.<\/span><\/p>\n<p class=\"p1\" style=\"text-align: justify;\"><span class=\"s1\">De acordo com o prefeito <\/span><span class=\"s2\">J\u00e9 Assun\u00e7\u00e3o<\/span><span class=\"s1\">, o evento ser\u00e1 um grande espa\u00e7o de valoriza\u00e7\u00e3o dos artistas e empreendedores locais, reunindo m\u00fasica, cultura e oportunidade.<\/span><\/p>\n<p class=\"p3\" style=\"text-align: justify;\"><span class=\"s1\">\u201cO MicaIta ser\u00e1 uma festa para todos, uma vitrine para os talentos da nossa terra e um motor para a economia local. Estamos preparando tudo com muito carinho para que Itamarati viva dias inesquec\u00edveis\u201d, destacou o prefeito.<\/span><\/p>\n<p class=\"p3\" style=\"text-align: justify;\"><span class=\"s1\">O <\/span><span class=\"s2\">Micareta de Itamarati<\/span><span class=\"s1\">, na cidade das \u00e1guas e do cacau, \u00e9 uma realiza\u00e7\u00e3o da <\/span><span class=\"s2\">Prefeitura Municipal de Ibirapitanga<\/span><span class=\"s1\">, atrav\u00e9s da <\/span><span class=\"s2\">Secretaria de Educa\u00e7\u00e3o, Esporte e Cultura<\/span><span class=\"s1\">, com apoio do <\/span><span class=\"s2\">Governo do Estado da Bahia<\/span><span class=\"s1\">, <\/span><span class=\"s2\">Secretaria de Cultura da Bahia<\/span><span class=\"s1\">, <\/span><span class=\"s2\">Superintend\u00eancia de Fomento ao Turismo (SUFOTUR)<\/span><span class=\"s1\"> e <\/span><span class=\"s2\">Secretaria de Turismo (SETUR)<\/span><span class=\"s1\">.<\/span><\/p>\n","protected":false},"excerpt":{"rendered":"<p>A Prefeitura de Ibirapitanga realizar\u00e1, nos dias 14, 15 e 16 de novembro, a maior micareta da hist\u00f3ria de Itamarati, o MicaIta 2025. O evento acontecer\u00e1 no est\u00e1dio do distrito, que se tornar\u00e1 o verdadeiro cora\u00e7\u00e3o da folia, com uma programa\u00e7\u00e3o que promete agitar toda a regi\u00e3o e reunir milhares de foli\u00f5es em uma grande celebra\u00e7\u00e3o de alegria, m\u00fasica e cultura. Entre as atra\u00e7\u00f5es confirmadas est\u00e3o Toque Dez, O Pol\u00eamico, \u00c9 o Tchan, Edicity, Larissa Gomes, Ana Catarina, Ad\u00e3o Nego, Raquel dos Teclados, Trio da Huana, Raneychas, Kiko Cigano, Cicinho da Bahia, Jeito de Amar e Gil Brito dos Teclados, [&hellip;]<\/p>\n","protected":false},"author":2,"featured_media":141451,"comment_status":"closed","ping_status":"open","sticky":false,"template":"","format":"standard","meta":[],"categories":[24],"tags":[],"_links":{"self":[{"href":"https:\/\/www.barragrande24horas.com.br\/v1\/wp-json\/wp\/v2\/posts\/141450"}],"collection":[{"href":"https:\/\/www.barragrande24horas.com.br\/v1\/wp-json\/wp\/v2\/posts"}],"about":[{"href":"https:\/\/www.barragrande24horas.com.br\/v1\/wp-json\/wp\/v2\/types\/post"}],"author":[{"embeddable":true,"href":"https:\/\/www.barragrande24horas.com.br\/v1\/wp-json\/wp\/v2\/users\/2"}],"replies":[{"embeddable":true,"href":"https:\/\/www.barragrande24horas.com.br\/v1\/wp-json\/wp\/v2\/comments?post=141450"}],"version-history":[{"count":1,"href":"https:\/\/www.barragrande24horas.com.br\/v1\/wp-json\/wp\/v2\/posts\/141450\/revisions"}],"predecessor-version":[{"id":141452,"href":"https:\/\/www.barragrande24horas.com.br\/v1\/wp-json\/wp\/v2\/posts\/141450\/revisions\/141452"}],"wp:featuredmedia":[{"embeddable":true,"href":"https:\/\/www.barragrande24horas.com.br\/v1\/wp-json\/wp\/v2\/media\/141451"}],"wp:attachment":[{"href":"https:\/\/www.barragrande24horas.com.br\/v1\/wp-json\/wp\/v2\/media?parent=141450"}],"wp:term":[{"taxonomy":"category","embeddable":true,"href":"https:\/\/www.barragrande24horas.com.br\/v1\/wp-json\/wp\/v2\/categories?post=141450"},{"taxonomy":"post_tag","embeddable":true,"href":"https:\/\/www.barragrande24horas.com.br\/v1\/wp-json\/wp\/v2\/tags?post=141450"}],"curies":[{"name":"wp","href":"https:\/\/api.w.org\/{rel}","templated":true}]}}