{"id":141409,"date":"2025-10-24T12:27:38","date_gmt":"2025-10-24T15:27:38","guid":{"rendered":"https:\/\/www.barragrande24horas.com.br\/v1\/?p=141409"},"modified":"2025-10-24T12:27:38","modified_gmt":"2025-10-24T15:27:38","slug":"ubaitaba-avanca-no-fortalecimento-do-empreendedorismo-local-com-inauguracao-da-sala-do-empreendedor-e-posto-do-credibahia","status":"publish","type":"post","link":"https:\/\/www.barragrande24horas.com.br\/v1\/2025\/10\/24\/ubaitaba-avanca-no-fortalecimento-do-empreendedorismo-local-com-inauguracao-da-sala-do-empreendedor-e-posto-do-credibahia\/","title":{"rendered":"UBAITABA AVAN\u00c7A NO FORTALECIMENTO DO EMPREENDEDORISMO LOCAL COM INAUGURA\u00c7\u00c3O DA SALA DO EMPREENDEDOR E POSTO DO CREDIBAHIA"},"content":{"rendered":"<p style=\"text-align: justify;\">A Prefeitura Municipal de Ubaitaba, sob a lideran\u00e7a da prefeita Gracinha Viana, segue fortalecendo a economia local e criando novas oportunidades para quem faz o com\u00e9rcio da cidade girar. Em parceria com o SEBRAE \u2013 Ag\u00eancia Ilh\u00e9us\/BA, a DesenBahia \u2013 Ag\u00eancia de Fomento do Estado da Bahia e a SETRE \u2013 Secretaria do Trabalho, Emprego, Renda e Esporte do Estado da Bahia, foi inaugurada nesta quinta-feira, 23 de outubro, a Sala do Empreendedor e o Posto do CrediBahia.<\/p>\n<p><img loading=\"lazy\" class=\"aligncenter wp-image-141414 size-full\" src=\"https:\/\/www.barragrande24horas.com.br\/v1\/wp-content\/uploads\/2025\/10\/e90853c8-122c-4d1e-8715-4d02c1fe805c.jpeg\" alt=\"\" width=\"800\" height=\"450\" srcset=\"https:\/\/www.barragrande24horas.com.br\/v1\/wp-content\/uploads\/2025\/10\/e90853c8-122c-4d1e-8715-4d02c1fe805c.jpeg 800w, https:\/\/www.barragrande24horas.com.br\/v1\/wp-content\/uploads\/2025\/10\/e90853c8-122c-4d1e-8715-4d02c1fe805c-300x169.jpeg 300w, https:\/\/www.barragrande24horas.com.br\/v1\/wp-content\/uploads\/2025\/10\/e90853c8-122c-4d1e-8715-4d02c1fe805c-768x432.jpeg 768w, https:\/\/www.barragrande24horas.com.br\/v1\/wp-content\/uploads\/2025\/10\/e90853c8-122c-4d1e-8715-4d02c1fe805c-400x225.jpeg 400w, https:\/\/www.barragrande24horas.com.br\/v1\/wp-content\/uploads\/2025\/10\/e90853c8-122c-4d1e-8715-4d02c1fe805c-600x338.jpeg 600w\" sizes=\"(max-width: 800px) 100vw, 800px\" \/><\/p>\n<p style=\"text-align: justify;\">O novo espa\u00e7o chega para oferecer suporte t\u00e9cnico, orienta\u00e7\u00e3o e linhas de cr\u00e9dito que v\u00e3o impulsionar o desenvolvimento dos micro e pequenos empreendedores do munic\u00edpio, ampliando as possibilidades de crescimento econ\u00f4mico e gera\u00e7\u00e3o de renda.<\/p>\n<p><img loading=\"lazy\" class=\"aligncenter wp-image-141413 size-full\" src=\"https:\/\/www.barragrande24horas.com.br\/v1\/wp-content\/uploads\/2025\/10\/af4046cd-a4bb-4df3-9180-3aed53cebb60.jpeg\" alt=\"\" width=\"800\" height=\"450\" srcset=\"https:\/\/www.barragrande24horas.com.br\/v1\/wp-content\/uploads\/2025\/10\/af4046cd-a4bb-4df3-9180-3aed53cebb60.jpeg 800w, https:\/\/www.barragrande24horas.com.br\/v1\/wp-content\/uploads\/2025\/10\/af4046cd-a4bb-4df3-9180-3aed53cebb60-300x169.jpeg 300w, https:\/\/www.barragrande24horas.com.br\/v1\/wp-content\/uploads\/2025\/10\/af4046cd-a4bb-4df3-9180-3aed53cebb60-768x432.jpeg 768w, https:\/\/www.barragrande24horas.com.br\/v1\/wp-content\/uploads\/2025\/10\/af4046cd-a4bb-4df3-9180-3aed53cebb60-400x225.jpeg 400w, https:\/\/www.barragrande24horas.com.br\/v1\/wp-content\/uploads\/2025\/10\/af4046cd-a4bb-4df3-9180-3aed53cebb60-600x338.jpeg 600w\" sizes=\"(max-width: 800px) 100vw, 800px\" \/><\/p>\n<p style=\"text-align: justify;\">Estiveram presentes \u00e0 cerim\u00f4nia de inaugura\u00e7\u00e3o a prefeita Gracinha Viana, o presidente da C\u00e2mara de Vereadores, Izaque do Armand\u00e3o, as vereadoras Karol Viana e Socorro, al\u00e9m do vereador George. Tamb\u00e9m participaram representantes do SEBRAE, DesenBahia, SETRE, lideran\u00e7as pol\u00edticas e demais autoridades locais.<\/p>\n<p><img loading=\"lazy\" class=\"aligncenter wp-image-141412 size-full\" src=\"https:\/\/www.barragrande24horas.com.br\/v1\/wp-content\/uploads\/2025\/10\/ff462d5b-7cda-46c0-beff-8cfa6a2e0dea.jpeg\" alt=\"\" width=\"800\" height=\"600\" srcset=\"https:\/\/www.barragrande24horas.com.br\/v1\/wp-content\/uploads\/2025\/10\/ff462d5b-7cda-46c0-beff-8cfa6a2e0dea.jpeg 800w, https:\/\/www.barragrande24horas.com.br\/v1\/wp-content\/uploads\/2025\/10\/ff462d5b-7cda-46c0-beff-8cfa6a2e0dea-300x225.jpeg 300w, https:\/\/www.barragrande24horas.com.br\/v1\/wp-content\/uploads\/2025\/10\/ff462d5b-7cda-46c0-beff-8cfa6a2e0dea-768x576.jpeg 768w, https:\/\/www.barragrande24horas.com.br\/v1\/wp-content\/uploads\/2025\/10\/ff462d5b-7cda-46c0-beff-8cfa6a2e0dea-180x135.jpeg 180w, https:\/\/www.barragrande24horas.com.br\/v1\/wp-content\/uploads\/2025\/10\/ff462d5b-7cda-46c0-beff-8cfa6a2e0dea-400x300.jpeg 400w, https:\/\/www.barragrande24horas.com.br\/v1\/wp-content\/uploads\/2025\/10\/ff462d5b-7cda-46c0-beff-8cfa6a2e0dea-600x450.jpeg 600w\" sizes=\"(max-width: 800px) 100vw, 800px\" \/><\/p>\n<p style=\"text-align: justify;\">Durante o evento, a prefeita destacou a import\u00e2ncia da iniciativa como mais um passo rumo a uma gest\u00e3o que investe nas pessoas e acredita no potencial de Ubaitaba.<\/p>\n<p style=\"text-align: justify;\">\u201cEstamos abrindo portas para que nossos empreendedores cres\u00e7am, formalizem seus neg\u00f3cios e tenham acesso a cr\u00e9dito e capacita\u00e7\u00e3o. Esse \u00e9 o caminho para uma cidade mais justa, forte e desenvolvida\u201d, afirmou Gracinha Viana.<\/p>\n<p><img loading=\"lazy\" class=\"aligncenter wp-image-141411 size-full\" src=\"https:\/\/www.barragrande24horas.com.br\/v1\/wp-content\/uploads\/2025\/10\/dd0f412c-3acb-46dc-bdab-3dc999daf8c8.jpeg\" alt=\"\" width=\"800\" height=\"450\" srcset=\"https:\/\/www.barragrande24horas.com.br\/v1\/wp-content\/uploads\/2025\/10\/dd0f412c-3acb-46dc-bdab-3dc999daf8c8.jpeg 800w, https:\/\/www.barragrande24horas.com.br\/v1\/wp-content\/uploads\/2025\/10\/dd0f412c-3acb-46dc-bdab-3dc999daf8c8-300x169.jpeg 300w, https:\/\/www.barragrande24horas.com.br\/v1\/wp-content\/uploads\/2025\/10\/dd0f412c-3acb-46dc-bdab-3dc999daf8c8-768x432.jpeg 768w, https:\/\/www.barragrande24horas.com.br\/v1\/wp-content\/uploads\/2025\/10\/dd0f412c-3acb-46dc-bdab-3dc999daf8c8-400x225.jpeg 400w, https:\/\/www.barragrande24horas.com.br\/v1\/wp-content\/uploads\/2025\/10\/dd0f412c-3acb-46dc-bdab-3dc999daf8c8-600x338.jpeg 600w\" sizes=\"(max-width: 800px) 100vw, 800px\" \/><\/p>\n<p style=\"text-align: justify;\">Com a cria\u00e7\u00e3o da Sala do Empreendedor e do Posto do CrediBahia, a gest\u00e3o municipal reafirma seu compromisso com o fortalecimento da economia solid\u00e1ria e o incentivo ao empreendedorismo como ferramenta de transforma\u00e7\u00e3o social e gera\u00e7\u00e3o de oportunidades para todos os ubaitabenses.<\/p>\n","protected":false},"excerpt":{"rendered":"<p>A Prefeitura Municipal de Ubaitaba, sob a lideran\u00e7a da prefeita Gracinha Viana, segue fortalecendo a economia local e criando novas oportunidades para quem faz o com\u00e9rcio da cidade girar. Em parceria com o SEBRAE \u2013 Ag\u00eancia Ilh\u00e9us\/BA, a DesenBahia \u2013 Ag\u00eancia de Fomento do Estado da Bahia e a SETRE \u2013 Secretaria do Trabalho, Emprego, Renda e Esporte do Estado da Bahia, foi inaugurada nesta quinta-feira, 23 de outubro, a Sala do Empreendedor e o Posto do CrediBahia. O novo espa\u00e7o chega para oferecer suporte t\u00e9cnico, orienta\u00e7\u00e3o e linhas de cr\u00e9dito que v\u00e3o impulsionar o desenvolvimento dos micro e pequenos [&hellip;]<\/p>\n","protected":false},"author":2,"featured_media":141410,"comment_status":"closed","ping_status":"open","sticky":false,"template":"","format":"standard","meta":[],"categories":[8],"tags":[],"_links":{"self":[{"href":"https:\/\/www.barragrande24horas.com.br\/v1\/wp-json\/wp\/v2\/posts\/141409"}],"collection":[{"href":"https:\/\/www.barragrande24horas.com.br\/v1\/wp-json\/wp\/v2\/posts"}],"about":[{"href":"https:\/\/www.barragrande24horas.com.br\/v1\/wp-json\/wp\/v2\/types\/post"}],"author":[{"embeddable":true,"href":"https:\/\/www.barragrande24horas.com.br\/v1\/wp-json\/wp\/v2\/users\/2"}],"replies":[{"embeddable":true,"href":"https:\/\/www.barragrande24horas.com.br\/v1\/wp-json\/wp\/v2\/comments?post=141409"}],"version-history":[{"count":1,"href":"https:\/\/www.barragrande24horas.com.br\/v1\/wp-json\/wp\/v2\/posts\/141409\/revisions"}],"predecessor-version":[{"id":141415,"href":"https:\/\/www.barragrande24horas.com.br\/v1\/wp-json\/wp\/v2\/posts\/141409\/revisions\/141415"}],"wp:featuredmedia":[{"embeddable":true,"href":"https:\/\/www.barragrande24horas.com.br\/v1\/wp-json\/wp\/v2\/media\/141410"}],"wp:attachment":[{"href":"https:\/\/www.barragrande24horas.com.br\/v1\/wp-json\/wp\/v2\/media?parent=141409"}],"wp:term":[{"taxonomy":"category","embeddable":true,"href":"https:\/\/www.barragrande24horas.com.br\/v1\/wp-json\/wp\/v2\/categories?post=141409"},{"taxonomy":"post_tag","embeddable":true,"href":"https:\/\/www.barragrande24horas.com.br\/v1\/wp-json\/wp\/v2\/tags?post=141409"}],"curies":[{"name":"wp","href":"https:\/\/api.w.org\/{rel}","templated":true}]}}