{"id":141373,"date":"2025-10-21T14:31:11","date_gmt":"2025-10-21T17:31:11","guid":{"rendered":"https:\/\/www.barragrande24horas.com.br\/v1\/?p=141373"},"modified":"2025-10-21T14:31:11","modified_gmt":"2025-10-21T17:31:11","slug":"governador-jeronimo-rodrigues-e-ministro-rui-costa-confirmam-presenca-em-congresso-da-amurc-em-itacare","status":"publish","type":"post","link":"https:\/\/www.barragrande24horas.com.br\/v1\/2025\/10\/21\/governador-jeronimo-rodrigues-e-ministro-rui-costa-confirmam-presenca-em-congresso-da-amurc-em-itacare\/","title":{"rendered":"GOVERNADOR JER\u00d4NIMO RODRIGUES E MINISTRO RUI COSTA CONFIRMAM PRESEN\u00c7A EM CONGRESSO DA AMURC EM ITACAR\u00c9"},"content":{"rendered":"<p style=\"text-align: justify;\">O Municipalismo em Foco, congresso promovido pela AMURC (Associa\u00e7\u00e3o dos Munic\u00edpios do Sul, Extremo Sul e Sudoeste Baiano), ser\u00e1 realizado nos dias 25 e 26 de outubro, em Itacar\u00e9, reunindo importantes lideran\u00e7as pol\u00edticas da Bahia e do Brasil.<\/p>\n<p style=\"text-align: justify;\">Est\u00e3o confirmadas as presen\u00e7as do governador Jer\u00f4nimo Rodrigues e do ministro da Casa Civil, Rui Costa, que se juntar\u00e3o a uma expressiva comitiva composta por mais de 50 prefeitos, al\u00e9m de senadores e deputados, para debater a agenda municipalista e o futuro do desenvolvimento regional.<\/p>\n<p style=\"text-align: justify;\">O evento, considerado um dos principais encontros de l\u00edderes municipais do estado, tem como objetivo fortalecer a discuss\u00e3o de pol\u00edticas p\u00fablicas e ampliar a articula\u00e7\u00e3o de recursos voltados ao desenvolvimento socioecon\u00f4mico dos munic\u00edpios do Sul e Extremo Sul da Bahia.<\/p>\n<p style=\"text-align: justify;\">Para o presidente da AMURC e prefeito de Itaju do Col\u00f4nia, Elder Fontes, o congresso reafirma a import\u00e2ncia da uni\u00e3o entre os gestores municipais:<\/p>\n<p style=\"text-align: justify;\">\u201cN\u00f3s vamos debater juntos e precisamos permanecer unidos para deliberar sobre temas comuns \u00e0 nossa regi\u00e3o e defender pautas que impactam diretamente os nossos munic\u00edpios.\u201d<\/p>\n<p style=\"text-align: justify;\">A presen\u00e7a de autoridades estaduais e federais refor\u00e7a o compromisso do Governo com o fortalecimento das gest\u00f5es municipais e com o avan\u00e7o das pol\u00edticas p\u00fablicas voltadas ao desenvolvimento da Bahia.<\/p>\n<p style=\"text-align: justify;\">Entre as presen\u00e7as confirmadas tamb\u00e9m est\u00e3o os senadores Otto Alencar, Jaques Wagner e \u00c2ngelo Coronel, a presidente da ALBA, Ivana Bastos, e o deputado estadual e l\u00edder do Governo na Assembleia, Rosemberg Pinto.<\/p>\n<p>&nbsp;<\/p>\n","protected":false},"excerpt":{"rendered":"<p>O Municipalismo em Foco, congresso promovido pela AMURC (Associa\u00e7\u00e3o dos Munic\u00edpios do Sul, Extremo Sul e Sudoeste Baiano), ser\u00e1 realizado nos dias 25 e 26 de outubro, em Itacar\u00e9, reunindo importantes lideran\u00e7as pol\u00edticas da Bahia e do Brasil. Est\u00e3o confirmadas as presen\u00e7as do governador Jer\u00f4nimo Rodrigues e do ministro da Casa Civil, Rui Costa, que se juntar\u00e3o a uma expressiva comitiva composta por mais de 50 prefeitos, al\u00e9m de senadores e deputados, para debater a agenda municipalista e o futuro do desenvolvimento regional. O evento, considerado um dos principais encontros de l\u00edderes municipais do estado, tem como objetivo fortalecer a [&hellip;]<\/p>\n","protected":false},"author":2,"featured_media":141374,"comment_status":"closed","ping_status":"open","sticky":false,"template":"","format":"standard","meta":[],"categories":[11],"tags":[],"_links":{"self":[{"href":"https:\/\/www.barragrande24horas.com.br\/v1\/wp-json\/wp\/v2\/posts\/141373"}],"collection":[{"href":"https:\/\/www.barragrande24horas.com.br\/v1\/wp-json\/wp\/v2\/posts"}],"about":[{"href":"https:\/\/www.barragrande24horas.com.br\/v1\/wp-json\/wp\/v2\/types\/post"}],"author":[{"embeddable":true,"href":"https:\/\/www.barragrande24horas.com.br\/v1\/wp-json\/wp\/v2\/users\/2"}],"replies":[{"embeddable":true,"href":"https:\/\/www.barragrande24horas.com.br\/v1\/wp-json\/wp\/v2\/comments?post=141373"}],"version-history":[{"count":1,"href":"https:\/\/www.barragrande24horas.com.br\/v1\/wp-json\/wp\/v2\/posts\/141373\/revisions"}],"predecessor-version":[{"id":141375,"href":"https:\/\/www.barragrande24horas.com.br\/v1\/wp-json\/wp\/v2\/posts\/141373\/revisions\/141375"}],"wp:featuredmedia":[{"embeddable":true,"href":"https:\/\/www.barragrande24horas.com.br\/v1\/wp-json\/wp\/v2\/media\/141374"}],"wp:attachment":[{"href":"https:\/\/www.barragrande24horas.com.br\/v1\/wp-json\/wp\/v2\/media?parent=141373"}],"wp:term":[{"taxonomy":"category","embeddable":true,"href":"https:\/\/www.barragrande24horas.com.br\/v1\/wp-json\/wp\/v2\/categories?post=141373"},{"taxonomy":"post_tag","embeddable":true,"href":"https:\/\/www.barragrande24horas.com.br\/v1\/wp-json\/wp\/v2\/tags?post=141373"}],"curies":[{"name":"wp","href":"https:\/\/api.w.org\/{rel}","templated":true}]}}