{"id":141340,"date":"2025-10-13T18:56:44","date_gmt":"2025-10-13T21:56:44","guid":{"rendered":"https:\/\/www.barragrande24horas.com.br\/v1\/?p=141340"},"modified":"2025-10-13T18:56:44","modified_gmt":"2025-10-13T21:56:44","slug":"marau-promove-dia-d-de-multivacinacao-todas-as-vacinas-disponiveis-para-criancas-e-jovens-ate-15-anos","status":"publish","type":"post","link":"https:\/\/www.barragrande24horas.com.br\/v1\/2025\/10\/13\/marau-promove-dia-d-de-multivacinacao-todas-as-vacinas-disponiveis-para-criancas-e-jovens-ate-15-anos\/","title":{"rendered":"MARA\u00da PROMOVE DIA D DE MULTIVACINA\u00c7\u00c3O: TODAS AS VACINAS DISPON\u00cdVEIS PARA CRIAN\u00c7AS E JOVENS AT\u00c9 15 ANOS"},"content":{"rendered":"<p style=\"text-align: justify;\">A Prefeitura de Mara\u00fa, atrav\u00e9s da Secretaria Municipal de Sa\u00fade, realiza neste s\u00e1bado, dia 18 de outubro, o Dia D de Multivacina\u00e7\u00e3o. A iniciativa tem como p\u00fablico-alvo crian\u00e7as e adolescentes menores de 15 anos e acontece simultaneamente na sede do munic\u00edpio e em Barra Grande, das 08h \u00e0s 17h.<\/p>\n<p style=\"text-align: justify;\">Durante a mobiliza\u00e7\u00e3o, estar\u00e3o dispon\u00edveis vacinas do calend\u00e1rio b\u00e1sico e tamb\u00e9m doses de refor\u00e7o, incluindo: BCG, hepatite A e B, poliomielite, rotav\u00edrus, pentavalente, pneumoc\u00f3cica, meningoc\u00f3cica, influenza, febre amarela, tr\u00edplice viral, tetra viral, DTP (refor\u00e7o), varicela, HPV quadrivalente e covid-19.<\/p>\n<p style=\"text-align: justify;\">A a\u00e7\u00e3o refor\u00e7a o compromisso da Secretaria de Sa\u00fade de Mara\u00fa em manter a popula\u00e7\u00e3o protegida e garantir maior cobertura vacinal, prevenindo doen\u00e7as e fortalecendo a sa\u00fade coletiva.<\/p>\n<p style=\"text-align: justify;\">\ud83d\udccd Os pais e respons\u00e1veis devem levar a caderneta de vacina\u00e7\u00e3o da crian\u00e7a ou adolescente para que as equipes possam avaliar quais doses precisam ser atualizadas.<\/p>\n","protected":false},"excerpt":{"rendered":"<p>A Prefeitura de Mara\u00fa, atrav\u00e9s da Secretaria Municipal de Sa\u00fade, realiza neste s\u00e1bado, dia 18 de outubro, o Dia D de Multivacina\u00e7\u00e3o. A iniciativa tem como p\u00fablico-alvo crian\u00e7as e adolescentes menores de 15 anos e acontece simultaneamente na sede do munic\u00edpio e em Barra Grande, das 08h \u00e0s 17h. Durante a mobiliza\u00e7\u00e3o, estar\u00e3o dispon\u00edveis vacinas do calend\u00e1rio b\u00e1sico e tamb\u00e9m doses de refor\u00e7o, incluindo: BCG, hepatite A e B, poliomielite, rotav\u00edrus, pentavalente, pneumoc\u00f3cica, meningoc\u00f3cica, influenza, febre amarela, tr\u00edplice viral, tetra viral, DTP (refor\u00e7o), varicela, HPV quadrivalente e covid-19. A a\u00e7\u00e3o refor\u00e7a o compromisso da Secretaria de Sa\u00fade de Mara\u00fa em [&hellip;]<\/p>\n","protected":false},"author":2,"featured_media":141341,"comment_status":"closed","ping_status":"open","sticky":false,"template":"","format":"standard","meta":[],"categories":[26],"tags":[],"_links":{"self":[{"href":"https:\/\/www.barragrande24horas.com.br\/v1\/wp-json\/wp\/v2\/posts\/141340"}],"collection":[{"href":"https:\/\/www.barragrande24horas.com.br\/v1\/wp-json\/wp\/v2\/posts"}],"about":[{"href":"https:\/\/www.barragrande24horas.com.br\/v1\/wp-json\/wp\/v2\/types\/post"}],"author":[{"embeddable":true,"href":"https:\/\/www.barragrande24horas.com.br\/v1\/wp-json\/wp\/v2\/users\/2"}],"replies":[{"embeddable":true,"href":"https:\/\/www.barragrande24horas.com.br\/v1\/wp-json\/wp\/v2\/comments?post=141340"}],"version-history":[{"count":1,"href":"https:\/\/www.barragrande24horas.com.br\/v1\/wp-json\/wp\/v2\/posts\/141340\/revisions"}],"predecessor-version":[{"id":141342,"href":"https:\/\/www.barragrande24horas.com.br\/v1\/wp-json\/wp\/v2\/posts\/141340\/revisions\/141342"}],"wp:featuredmedia":[{"embeddable":true,"href":"https:\/\/www.barragrande24horas.com.br\/v1\/wp-json\/wp\/v2\/media\/141341"}],"wp:attachment":[{"href":"https:\/\/www.barragrande24horas.com.br\/v1\/wp-json\/wp\/v2\/media?parent=141340"}],"wp:term":[{"taxonomy":"category","embeddable":true,"href":"https:\/\/www.barragrande24horas.com.br\/v1\/wp-json\/wp\/v2\/categories?post=141340"},{"taxonomy":"post_tag","embeddable":true,"href":"https:\/\/www.barragrande24horas.com.br\/v1\/wp-json\/wp\/v2\/tags?post=141340"}],"curies":[{"name":"wp","href":"https:\/\/api.w.org\/{rel}","templated":true}]}}