{"id":141327,"date":"2025-10-13T18:45:17","date_gmt":"2025-10-13T21:45:17","guid":{"rendered":"https:\/\/www.barragrande24horas.com.br\/v1\/?p=141327"},"modified":"2025-10-13T18:45:17","modified_gmt":"2025-10-13T21:45:17","slug":"ubaitaba-gracinha-viana-participa-de-cafe-da-manha-com-conselheiros-tutelares-e-reforca-compromisso-com-a-protecao-das-criancas-e-adolescentes","status":"publish","type":"post","link":"https:\/\/www.barragrande24horas.com.br\/v1\/2025\/10\/13\/ubaitaba-gracinha-viana-participa-de-cafe-da-manha-com-conselheiros-tutelares-e-reforca-compromisso-com-a-protecao-das-criancas-e-adolescentes\/","title":{"rendered":"UBAITABA: GRACINHA VIANA PARTICIPA DE CAF\u00c9 DA MANH\u00c3 COM CONSELHEIROS TUTELARES E REFOR\u00c7A COMPROMISSO COM A PROTE\u00c7\u00c3O DAS CRIAN\u00c7AS E ADOLESCENTES"},"content":{"rendered":"<p class=\"p1\">\n<p class=\"p1\" style=\"text-align: justify;\"><span class=\"s1\">A Prefeita de Ubaitaba, Gracinha Viana (Avante), iniciou a segunda-feira, 13 de outubro, com um caf\u00e9 da manh\u00e3 especial ao lado da equipe do Conselho Tutelar de Ubaitaba. O encontro teve como objetivo promover uma roda de conversa produtiva, voltada para o fortalecimento do di\u00e1logo e das a\u00e7\u00f5es em rede no munic\u00edpio.<\/span><\/p>\n<p class=\"p1\" style=\"text-align: justify;\"><span class=\"s1\">Durante a reuni\u00e3o, Gracinha destacou a import\u00e2ncia do trabalho desempenhado pelos conselheiros tutelares e reafirmou o compromisso da gest\u00e3o com a prote\u00e7\u00e3o e o bem-estar das crian\u00e7as e adolescentes. \u201cMeu objetivo foi ouvir esses guerreiros e ver de que forma poderemos ajudar ainda mais nesse trabalho maravilhoso desenvolvido pelo Conselho Tutelar de Ubaitaba\u201d, afirmou a prefeita.<\/span><\/p>\n<p class=\"p1\" style=\"text-align: justify;\"><span class=\"s1\">A iniciativa refor\u00e7a o empenho da administra\u00e7\u00e3o municipal em valorizar os profissionais que atuam na linha de frente da garantia dos direitos das crian\u00e7as e adolescentes, al\u00e9m de buscar mais efici\u00eancia nas a\u00e7\u00f5es de prote\u00e7\u00e3o social no munic\u00edpio. <\/span><span class=\"s2\">(Ubaitaba Urgente)<\/span><\/p>\n","protected":false},"excerpt":{"rendered":"<p>A Prefeita de Ubaitaba, Gracinha Viana (Avante), iniciou a segunda-feira, 13 de outubro, com um caf\u00e9 da manh\u00e3 especial ao lado da equipe do Conselho Tutelar de Ubaitaba. O encontro teve como objetivo promover uma roda de conversa produtiva, voltada para o fortalecimento do di\u00e1logo e das a\u00e7\u00f5es em rede no munic\u00edpio. Durante a reuni\u00e3o, Gracinha destacou a import\u00e2ncia do trabalho desempenhado pelos conselheiros tutelares e reafirmou o compromisso da gest\u00e3o com a prote\u00e7\u00e3o e o bem-estar das crian\u00e7as e adolescentes. \u201cMeu objetivo foi ouvir esses guerreiros e ver de que forma poderemos ajudar ainda mais nesse trabalho maravilhoso desenvolvido [&hellip;]<\/p>\n","protected":false},"author":2,"featured_media":141328,"comment_status":"closed","ping_status":"open","sticky":false,"template":"","format":"standard","meta":[],"categories":[11],"tags":[],"_links":{"self":[{"href":"https:\/\/www.barragrande24horas.com.br\/v1\/wp-json\/wp\/v2\/posts\/141327"}],"collection":[{"href":"https:\/\/www.barragrande24horas.com.br\/v1\/wp-json\/wp\/v2\/posts"}],"about":[{"href":"https:\/\/www.barragrande24horas.com.br\/v1\/wp-json\/wp\/v2\/types\/post"}],"author":[{"embeddable":true,"href":"https:\/\/www.barragrande24horas.com.br\/v1\/wp-json\/wp\/v2\/users\/2"}],"replies":[{"embeddable":true,"href":"https:\/\/www.barragrande24horas.com.br\/v1\/wp-json\/wp\/v2\/comments?post=141327"}],"version-history":[{"count":1,"href":"https:\/\/www.barragrande24horas.com.br\/v1\/wp-json\/wp\/v2\/posts\/141327\/revisions"}],"predecessor-version":[{"id":141329,"href":"https:\/\/www.barragrande24horas.com.br\/v1\/wp-json\/wp\/v2\/posts\/141327\/revisions\/141329"}],"wp:featuredmedia":[{"embeddable":true,"href":"https:\/\/www.barragrande24horas.com.br\/v1\/wp-json\/wp\/v2\/media\/141328"}],"wp:attachment":[{"href":"https:\/\/www.barragrande24horas.com.br\/v1\/wp-json\/wp\/v2\/media?parent=141327"}],"wp:term":[{"taxonomy":"category","embeddable":true,"href":"https:\/\/www.barragrande24horas.com.br\/v1\/wp-json\/wp\/v2\/categories?post=141327"},{"taxonomy":"post_tag","embeddable":true,"href":"https:\/\/www.barragrande24horas.com.br\/v1\/wp-json\/wp\/v2\/tags?post=141327"}],"curies":[{"name":"wp","href":"https:\/\/api.w.org\/{rel}","templated":true}]}}