{"id":141313,"date":"2025-10-09T21:40:24","date_gmt":"2025-10-10T00:40:24","guid":{"rendered":"https:\/\/www.barragrande24horas.com.br\/v1\/?p=141313"},"modified":"2025-10-09T21:40:24","modified_gmt":"2025-10-10T00:40:24","slug":"itacare-recebe-caravana-do-comite-de-cultura-da-bahia-nos-dias-9-e-10-de-outubro","status":"publish","type":"post","link":"https:\/\/www.barragrande24horas.com.br\/v1\/2025\/10\/09\/itacare-recebe-caravana-do-comite-de-cultura-da-bahia-nos-dias-9-e-10-de-outubro\/","title":{"rendered":"ITACAR\u00c9 RECEBE CARAVANA DO COMIT\u00ca DE CULTURA DA BAHIA NOS DIAS 9 E 10 DE OUTUBRO"},"content":{"rendered":"<p>&nbsp;<\/p>\n<p>&nbsp;<\/p>\n<p style=\"text-align: justify;\">Nos dias 9 e 10 de outubro, Itacar\u00e9 ser\u00e1 palco da Caravana do Comit\u00ea de Cultura da Bahia, que integra a programa\u00e7\u00e3o da Flicar\u00e9. A iniciativa do Minist\u00e9rio da Cultura oferece oficinas de forma\u00e7\u00e3o, rodas de conversa e apresenta\u00e7\u00f5es culturais, com participa\u00e7\u00e3o de artistas locais e coletivos da regi\u00e3o.<\/p>\n<p><img loading=\"lazy\" class=\"aligncenter wp-image-141315 size-full\" src=\"https:\/\/www.barragrande24horas.com.br\/v1\/wp-content\/uploads\/2025\/10\/59966e82-bf6b-49f2-b8ad-462c1a385fa8.jpeg\" alt=\"\" width=\"800\" height=\"600\" srcset=\"https:\/\/www.barragrande24horas.com.br\/v1\/wp-content\/uploads\/2025\/10\/59966e82-bf6b-49f2-b8ad-462c1a385fa8.jpeg 800w, https:\/\/www.barragrande24horas.com.br\/v1\/wp-content\/uploads\/2025\/10\/59966e82-bf6b-49f2-b8ad-462c1a385fa8-300x225.jpeg 300w, https:\/\/www.barragrande24horas.com.br\/v1\/wp-content\/uploads\/2025\/10\/59966e82-bf6b-49f2-b8ad-462c1a385fa8-768x576.jpeg 768w, https:\/\/www.barragrande24horas.com.br\/v1\/wp-content\/uploads\/2025\/10\/59966e82-bf6b-49f2-b8ad-462c1a385fa8-180x135.jpeg 180w, https:\/\/www.barragrande24horas.com.br\/v1\/wp-content\/uploads\/2025\/10\/59966e82-bf6b-49f2-b8ad-462c1a385fa8-400x300.jpeg 400w, https:\/\/www.barragrande24horas.com.br\/v1\/wp-content\/uploads\/2025\/10\/59966e82-bf6b-49f2-b8ad-462c1a385fa8-600x450.jpeg 600w\" sizes=\"(max-width: 800px) 100vw, 800px\" \/><\/p>\n<p style=\"text-align: justify;\">Ao todo, ser\u00e3o oito oficinas gratuitas \u2014 incluindo audiovisual, fotografia, escrita criativa, slam e capoeira \u2014 al\u00e9m de debates sobre Pontos de Cultura e \u201cCultura e Mudan\u00e7as Clim\u00e1ticas\u201d. As atividades acontecer\u00e3o em escolas, espa\u00e7os p\u00fablicos e na C\u00e2mara de Vereadores, com direito a certifica\u00e7\u00e3o.<\/p>\n<p><img loading=\"lazy\" class=\"aligncenter wp-image-141317 size-full\" src=\"https:\/\/www.barragrande24horas.com.br\/v1\/wp-content\/uploads\/2025\/10\/92d15c1a-7992-472c-a633-fe0a476a4ad7.jpeg\" alt=\"\" width=\"800\" height=\"600\" srcset=\"https:\/\/www.barragrande24horas.com.br\/v1\/wp-content\/uploads\/2025\/10\/92d15c1a-7992-472c-a633-fe0a476a4ad7.jpeg 800w, https:\/\/www.barragrande24horas.com.br\/v1\/wp-content\/uploads\/2025\/10\/92d15c1a-7992-472c-a633-fe0a476a4ad7-300x225.jpeg 300w, https:\/\/www.barragrande24horas.com.br\/v1\/wp-content\/uploads\/2025\/10\/92d15c1a-7992-472c-a633-fe0a476a4ad7-768x576.jpeg 768w, https:\/\/www.barragrande24horas.com.br\/v1\/wp-content\/uploads\/2025\/10\/92d15c1a-7992-472c-a633-fe0a476a4ad7-180x135.jpeg 180w, https:\/\/www.barragrande24horas.com.br\/v1\/wp-content\/uploads\/2025\/10\/92d15c1a-7992-472c-a633-fe0a476a4ad7-400x300.jpeg 400w, https:\/\/www.barragrande24horas.com.br\/v1\/wp-content\/uploads\/2025\/10\/92d15c1a-7992-472c-a633-fe0a476a4ad7-600x450.jpeg 600w\" sizes=\"(max-width: 800px) 100vw, 800px\" \/><\/p>\n<p style=\"text-align: justify;\">A Caravana j\u00e1 passou por diversos territ\u00f3rios baianos e tem como objetivo valorizar as identidades locais, promover o acesso \u00e0s pol\u00edticas p\u00fablicas de cultura e fortalecer a participa\u00e7\u00e3o social. Em Itacar\u00e9, a a\u00e7\u00e3o conta com apoio da Funda\u00e7\u00e3o Pedro Calmon e das secretarias municipais de Educa\u00e7\u00e3o e Cultura.<\/p>\n<p style=\"text-align: justify;\">\ud83d\udc49 Inscri\u00e7\u00f5es no site: <a href=\"http:\/\/www.comitedeculturabahia.com.br\/\">www.comitedeculturabahia.com.br<\/a><\/p>\n","protected":false},"excerpt":{"rendered":"<p>&nbsp; &nbsp; Nos dias 9 e 10 de outubro, Itacar\u00e9 ser\u00e1 palco da Caravana do Comit\u00ea de Cultura da Bahia, que integra a programa\u00e7\u00e3o da Flicar\u00e9. A iniciativa do Minist\u00e9rio da Cultura oferece oficinas de forma\u00e7\u00e3o, rodas de conversa e apresenta\u00e7\u00f5es culturais, com participa\u00e7\u00e3o de artistas locais e coletivos da regi\u00e3o. Ao todo, ser\u00e3o oito oficinas gratuitas \u2014 incluindo audiovisual, fotografia, escrita criativa, slam e capoeira \u2014 al\u00e9m de debates sobre Pontos de Cultura e \u201cCultura e Mudan\u00e7as Clim\u00e1ticas\u201d. As atividades acontecer\u00e3o em escolas, espa\u00e7os p\u00fablicos e na C\u00e2mara de Vereadores, com direito a certifica\u00e7\u00e3o. A Caravana j\u00e1 passou por [&hellip;]<\/p>\n","protected":false},"author":2,"featured_media":141314,"comment_status":"closed","ping_status":"open","sticky":false,"template":"","format":"standard","meta":[],"categories":[8],"tags":[],"_links":{"self":[{"href":"https:\/\/www.barragrande24horas.com.br\/v1\/wp-json\/wp\/v2\/posts\/141313"}],"collection":[{"href":"https:\/\/www.barragrande24horas.com.br\/v1\/wp-json\/wp\/v2\/posts"}],"about":[{"href":"https:\/\/www.barragrande24horas.com.br\/v1\/wp-json\/wp\/v2\/types\/post"}],"author":[{"embeddable":true,"href":"https:\/\/www.barragrande24horas.com.br\/v1\/wp-json\/wp\/v2\/users\/2"}],"replies":[{"embeddable":true,"href":"https:\/\/www.barragrande24horas.com.br\/v1\/wp-json\/wp\/v2\/comments?post=141313"}],"version-history":[{"count":1,"href":"https:\/\/www.barragrande24horas.com.br\/v1\/wp-json\/wp\/v2\/posts\/141313\/revisions"}],"predecessor-version":[{"id":141318,"href":"https:\/\/www.barragrande24horas.com.br\/v1\/wp-json\/wp\/v2\/posts\/141313\/revisions\/141318"}],"wp:featuredmedia":[{"embeddable":true,"href":"https:\/\/www.barragrande24horas.com.br\/v1\/wp-json\/wp\/v2\/media\/141314"}],"wp:attachment":[{"href":"https:\/\/www.barragrande24horas.com.br\/v1\/wp-json\/wp\/v2\/media?parent=141313"}],"wp:term":[{"taxonomy":"category","embeddable":true,"href":"https:\/\/www.barragrande24horas.com.br\/v1\/wp-json\/wp\/v2\/categories?post=141313"},{"taxonomy":"post_tag","embeddable":true,"href":"https:\/\/www.barragrande24horas.com.br\/v1\/wp-json\/wp\/v2\/tags?post=141313"}],"curies":[{"name":"wp","href":"https:\/\/api.w.org\/{rel}","templated":true}]}}