{"id":141221,"date":"2025-09-20T13:03:57","date_gmt":"2025-09-20T16:03:57","guid":{"rendered":"https:\/\/www.barragrande24horas.com.br\/v1\/?p=141221"},"modified":"2025-09-20T13:15:47","modified_gmt":"2025-09-20T16:15:47","slug":"camamu-vive-dois-dias-historicos-com-a-festa-do-evangelico-2025-sob-a-lideranca-do-prefeito-jairo-cruz","status":"publish","type":"post","link":"https:\/\/www.barragrande24horas.com.br\/v1\/2025\/09\/20\/camamu-vive-dois-dias-historicos-com-a-festa-do-evangelico-2025-sob-a-lideranca-do-prefeito-jairo-cruz\/","title":{"rendered":"CAMAMU VIVE DOIS DIAS HIST\u00d3RICOS COM A FESTA DO EVANG\u00c9LICO 2025 SOB A LIDERAN\u00c7A DO PREFEITO JAIRO CRUZ"},"content":{"rendered":"<p class=\"p1\" style=\"text-align: justify;\"><span class=\"s1\">Camamu viveu um momento hist\u00f3rico com a realiza\u00e7\u00e3o da <\/span><span class=\"s2\">Festa do Evang\u00e9lico 2025<\/span><span class=\"s1\">, que pela primeira vez se estendeu por <\/span><span class=\"s2\">dois dias de programa\u00e7\u00e3o intensa<\/span><span class=\"s1\">, reunindo f\u00e9, m\u00fasica e confraterniza\u00e7\u00e3o comunit\u00e1ria.<\/span><\/p>\n<p><img loading=\"lazy\" class=\"aligncenter wp-image-141227 size-full\" src=\"https:\/\/www.barragrande24horas.com.br\/v1\/wp-content\/uploads\/2025\/09\/7e1c209d-5af7-4ddc-a234-3bb77ddc3388.jpeg\" alt=\"\" width=\"800\" height=\"533\" srcset=\"https:\/\/www.barragrande24horas.com.br\/v1\/wp-content\/uploads\/2025\/09\/7e1c209d-5af7-4ddc-a234-3bb77ddc3388.jpeg 800w, https:\/\/www.barragrande24horas.com.br\/v1\/wp-content\/uploads\/2025\/09\/7e1c209d-5af7-4ddc-a234-3bb77ddc3388-300x200.jpeg 300w, https:\/\/www.barragrande24horas.com.br\/v1\/wp-content\/uploads\/2025\/09\/7e1c209d-5af7-4ddc-a234-3bb77ddc3388-768x512.jpeg 768w\" sizes=\"(max-width: 800px) 100vw, 800px\" \/><\/p>\n<p class=\"p1\" style=\"text-align: justify;\"><span class=\"s1\">O evento contou com apresenta\u00e7\u00f5es de grandes nomes da m\u00fasica gospel nacional, como <\/span><span class=\"s2\">Anderson Freire, Gisele Nascimento, Micael do Carmo e Jerson Rufino<\/span><span class=\"s1\">, que emocionaram o p\u00fablico com momentos de adora\u00e7\u00e3o e celebra\u00e7\u00e3o.<\/span><\/p>\n<p><img loading=\"lazy\" class=\"aligncenter wp-image-141224 size-full\" src=\"https:\/\/www.barragrande24horas.com.br\/v1\/wp-content\/uploads\/2025\/09\/df7d95c5-bc59-47db-996b-32e96a3c808d.jpeg\" alt=\"\" width=\"800\" height=\"533\" srcset=\"https:\/\/www.barragrande24horas.com.br\/v1\/wp-content\/uploads\/2025\/09\/df7d95c5-bc59-47db-996b-32e96a3c808d.jpeg 800w, https:\/\/www.barragrande24horas.com.br\/v1\/wp-content\/uploads\/2025\/09\/df7d95c5-bc59-47db-996b-32e96a3c808d-300x200.jpeg 300w, https:\/\/www.barragrande24horas.com.br\/v1\/wp-content\/uploads\/2025\/09\/df7d95c5-bc59-47db-996b-32e96a3c808d-768x512.jpeg 768w\" sizes=\"(max-width: 800px) 100vw, 800px\" \/><\/p>\n<p class=\"p1\" style=\"text-align: justify;\"><span class=\"s1\">O prefeito <\/span><span class=\"s2\">Jairo Cruz<\/span><span class=\"s1\"> destacou a import\u00e2ncia da amplia\u00e7\u00e3o do evento e o compromisso da gest\u00e3o municipal com a f\u00e9 e a cultura local:<\/span><\/p>\n<p><img loading=\"lazy\" class=\"aligncenter wp-image-141228 size-full\" src=\"https:\/\/www.barragrande24horas.com.br\/v1\/wp-content\/uploads\/2025\/09\/f36a9810-f85c-409c-86b9-dc8561d3681c.jpeg\" alt=\"\" width=\"800\" height=\"533\" srcset=\"https:\/\/www.barragrande24horas.com.br\/v1\/wp-content\/uploads\/2025\/09\/f36a9810-f85c-409c-86b9-dc8561d3681c.jpeg 800w, https:\/\/www.barragrande24horas.com.br\/v1\/wp-content\/uploads\/2025\/09\/f36a9810-f85c-409c-86b9-dc8561d3681c-300x200.jpeg 300w, https:\/\/www.barragrande24horas.com.br\/v1\/wp-content\/uploads\/2025\/09\/f36a9810-f85c-409c-86b9-dc8561d3681c-768x512.jpeg 768w\" sizes=\"(max-width: 800px) 100vw, 800px\" \/><\/p>\n<p class=\"p3\" style=\"text-align: justify;\"><span class=\"s1\">\u201cNosso objetivo \u00e9 fortalecer a cultura e a f\u00e9 do nosso povo, proporcionando que mais pessoas participem e vivenciem momentos de espiritualidade e uni\u00e3o.\u201d<\/span><\/p>\n<p><img loading=\"lazy\" class=\"aligncenter wp-image-141226 size-full\" src=\"https:\/\/www.barragrande24horas.com.br\/v1\/wp-content\/uploads\/2025\/09\/0f87a06e-f5e8-46fd-849d-bbe134d73cc6.jpeg\" alt=\"\" width=\"800\" height=\"533\" srcset=\"https:\/\/www.barragrande24horas.com.br\/v1\/wp-content\/uploads\/2025\/09\/0f87a06e-f5e8-46fd-849d-bbe134d73cc6.jpeg 800w, https:\/\/www.barragrande24horas.com.br\/v1\/wp-content\/uploads\/2025\/09\/0f87a06e-f5e8-46fd-849d-bbe134d73cc6-300x200.jpeg 300w, https:\/\/www.barragrande24horas.com.br\/v1\/wp-content\/uploads\/2025\/09\/0f87a06e-f5e8-46fd-849d-bbe134d73cc6-768x512.jpeg 768w\" sizes=\"(max-width: 800px) 100vw, 800px\" \/><\/p>\n<p class=\"p3\" style=\"text-align: justify;\"><span class=\"s1\">Al\u00e9m de consolidar-se como uma das maiores celebra\u00e7\u00f5es evang\u00e9licas da regi\u00e3o, a festa movimentou a economia local e atraiu visitantes de cidades vizinhas, refor\u00e7ando o calend\u00e1rio cultural e religioso de Camamu.<\/span><\/p>\n<p><img loading=\"lazy\" class=\"aligncenter wp-image-141225 size-full\" src=\"https:\/\/www.barragrande24horas.com.br\/v1\/wp-content\/uploads\/2025\/09\/6fdea2ab-433b-4f8b-990a-b88fe3cc51d2.jpeg\" alt=\"\" width=\"800\" height=\"533\" srcset=\"https:\/\/www.barragrande24horas.com.br\/v1\/wp-content\/uploads\/2025\/09\/6fdea2ab-433b-4f8b-990a-b88fe3cc51d2.jpeg 800w, https:\/\/www.barragrande24horas.com.br\/v1\/wp-content\/uploads\/2025\/09\/6fdea2ab-433b-4f8b-990a-b88fe3cc51d2-300x200.jpeg 300w, https:\/\/www.barragrande24horas.com.br\/v1\/wp-content\/uploads\/2025\/09\/6fdea2ab-433b-4f8b-990a-b88fe3cc51d2-768x512.jpeg 768w\" sizes=\"(max-width: 800px) 100vw, 800px\" \/><\/p>\n<p class=\"p3\" style=\"text-align: justify;\"><span class=\"s1\">Com organiza\u00e7\u00e3o, seguran\u00e7a e atra\u00e7\u00f5es de qualidade, a <\/span><span class=\"s2\">Festa do Evang\u00e9lico 2025<\/span><span class=\"s1\"> firmou o munic\u00edpio como refer\u00eancia em eventos gospel, promovendo n\u00e3o apenas a f\u00e9, mas tamb\u00e9m o fortalecimento dos la\u00e7os sociais e culturais da comunidade.<\/span><\/p>\n<p><img loading=\"lazy\" class=\"aligncenter wp-image-141222 size-full\" src=\"https:\/\/www.barragrande24horas.com.br\/v1\/wp-content\/uploads\/2025\/09\/825743e1-a56e-4984-a748-9200f8ee47b6.jpeg\" alt=\"\" width=\"800\" height=\"533\" srcset=\"https:\/\/www.barragrande24horas.com.br\/v1\/wp-content\/uploads\/2025\/09\/825743e1-a56e-4984-a748-9200f8ee47b6.jpeg 800w, https:\/\/www.barragrande24horas.com.br\/v1\/wp-content\/uploads\/2025\/09\/825743e1-a56e-4984-a748-9200f8ee47b6-300x200.jpeg 300w, https:\/\/www.barragrande24horas.com.br\/v1\/wp-content\/uploads\/2025\/09\/825743e1-a56e-4984-a748-9200f8ee47b6-768x512.jpeg 768w\" sizes=\"(max-width: 800px) 100vw, 800px\" \/><\/p>\n","protected":false},"excerpt":{"rendered":"<p>Camamu viveu um momento hist\u00f3rico com a realiza\u00e7\u00e3o da Festa do Evang\u00e9lico 2025, que pela primeira vez se estendeu por dois dias de programa\u00e7\u00e3o intensa, reunindo f\u00e9, m\u00fasica e confraterniza\u00e7\u00e3o comunit\u00e1ria. O evento contou com apresenta\u00e7\u00f5es de grandes nomes da m\u00fasica gospel nacional, como Anderson Freire, Gisele Nascimento, Micael do Carmo e Jerson Rufino, que emocionaram o p\u00fablico com momentos de adora\u00e7\u00e3o e celebra\u00e7\u00e3o. O prefeito Jairo Cruz destacou a import\u00e2ncia da amplia\u00e7\u00e3o do evento e o compromisso da gest\u00e3o municipal com a f\u00e9 e a cultura local: \u201cNosso objetivo \u00e9 fortalecer a cultura e a f\u00e9 do nosso povo, [&hellip;]<\/p>\n","protected":false},"author":2,"featured_media":141223,"comment_status":"closed","ping_status":"open","sticky":false,"template":"","format":"standard","meta":[],"categories":[23],"tags":[41,4252,4253,4254],"_links":{"self":[{"href":"https:\/\/www.barragrande24horas.com.br\/v1\/wp-json\/wp\/v2\/posts\/141221"}],"collection":[{"href":"https:\/\/www.barragrande24horas.com.br\/v1\/wp-json\/wp\/v2\/posts"}],"about":[{"href":"https:\/\/www.barragrande24horas.com.br\/v1\/wp-json\/wp\/v2\/types\/post"}],"author":[{"embeddable":true,"href":"https:\/\/www.barragrande24horas.com.br\/v1\/wp-json\/wp\/v2\/users\/2"}],"replies":[{"embeddable":true,"href":"https:\/\/www.barragrande24horas.com.br\/v1\/wp-json\/wp\/v2\/comments?post=141221"}],"version-history":[{"count":4,"href":"https:\/\/www.barragrande24horas.com.br\/v1\/wp-json\/wp\/v2\/posts\/141221\/revisions"}],"predecessor-version":[{"id":141232,"href":"https:\/\/www.barragrande24horas.com.br\/v1\/wp-json\/wp\/v2\/posts\/141221\/revisions\/141232"}],"wp:featuredmedia":[{"embeddable":true,"href":"https:\/\/www.barragrande24horas.com.br\/v1\/wp-json\/wp\/v2\/media\/141223"}],"wp:attachment":[{"href":"https:\/\/www.barragrande24horas.com.br\/v1\/wp-json\/wp\/v2\/media?parent=141221"}],"wp:term":[{"taxonomy":"category","embeddable":true,"href":"https:\/\/www.barragrande24horas.com.br\/v1\/wp-json\/wp\/v2\/categories?post=141221"},{"taxonomy":"post_tag","embeddable":true,"href":"https:\/\/www.barragrande24horas.com.br\/v1\/wp-json\/wp\/v2\/tags?post=141221"}],"curies":[{"name":"wp","href":"https:\/\/api.w.org\/{rel}","templated":true}]}}