{"id":141138,"date":"2025-09-10T18:06:53","date_gmt":"2025-09-10T21:06:53","guid":{"rendered":"https:\/\/www.barragrande24horas.com.br\/v1\/?p=141138"},"modified":"2025-09-10T18:06:53","modified_gmt":"2025-09-10T21:06:53","slug":"targino-gondim-cacau-com-leite-e-grandes-nomes-no-festival-de-forro-de-itacare-nos-dias-26-27-e-28","status":"publish","type":"post","link":"https:\/\/www.barragrande24horas.com.br\/v1\/2025\/09\/10\/targino-gondim-cacau-com-leite-e-grandes-nomes-no-festival-de-forro-de-itacare-nos-dias-26-27-e-28\/","title":{"rendered":"TARGINO GONDIM, CACAU COM LEITE E GRANDES NOMES NO FESTIVAL DE FORR\u00d3 DE ITACAR\u00c9 NOS DIAS 26, 27 E 28"},"content":{"rendered":"<p class=\"p2\" style=\"text-align: justify;\"><span class=\"s1\">A cidade de Itacar\u00e9 j\u00e1 est\u00e1 em clima de festa com a chegada de mais uma edi\u00e7\u00e3o do <\/span><span class=\"s2\">Festival de Forr\u00f3<\/span><span class=\"s1\">, que acontece nos dias <\/span><span class=\"s2\">26, 27 e 28 de setembro de 2025<\/span><span class=\"s1\">. O evento promete movimentar o munic\u00edpio com muita m\u00fasica, tradi\u00e7\u00e3o e alegria, reunindo artistas consagrados e talentos locais em uma grande celebra\u00e7\u00e3o cultural.<\/span><\/p>\n<p><img loading=\"lazy\" class=\"aligncenter wp-image-141140 size-full\" src=\"https:\/\/www.barragrande24horas.com.br\/v1\/wp-content\/uploads\/2025\/09\/IMG_3250.jpeg\" alt=\"\" width=\"460\" height=\"1000\" srcset=\"https:\/\/www.barragrande24horas.com.br\/v1\/wp-content\/uploads\/2025\/09\/IMG_3250.jpeg 460w, https:\/\/www.barragrande24horas.com.br\/v1\/wp-content\/uploads\/2025\/09\/IMG_3250-138x300.jpeg 138w\" sizes=\"(max-width: 460px) 100vw, 460px\" \/><\/p>\n<p class=\"p2\" style=\"text-align: justify;\"><span class=\"s1\">A programa\u00e7\u00e3o inclui a tradicional <\/span><span class=\"s2\">Levada da Rural Amarela<\/span><span class=\"s1\"> e o animado <\/span><span class=\"s2\">Aul\u00e3o de Forr\u00f3<\/span><span class=\"s1\">, que percorrem a Pra\u00e7a das Mangueiras, a Pituba e seguem at\u00e9 a Orla, arrastando moradores e turistas em um verdadeiro cortejo junino fora de \u00e9poca.<\/span><\/p>\n<p class=\"p2\" style=\"text-align: justify;\"><span class=\"s1\">\ud83c\udfb6 <\/span><span class=\"s2\">Atra\u00e7\u00f5es confirmadas<\/span><\/p>\n<p class=\"p2\" style=\"text-align: justify;\"><span class=\"s1\">No palco da Pra\u00e7a S\u00e3o Miguel, o p\u00fablico vai dan\u00e7ar ao som de <\/span><span class=\"s2\">Targino Gondim, Cacau com Leite, Sebastian Silva, Rennan Mendes, Gel Barbosa, Banda Forr\u00f3 de Meu Nobre, Trio Forr\u00f3 + Eu, Paulo Pootrich e a F\u00e1brica de Som, Ivan Greg, Marquinhos Caf\u00e9, Luana Ingry, Zalela e Os Tr\u00eas da Bahia, Quinteto Sanf\u00f4nico do Brasil e Natureza Forr\u00f3 Bahia.<\/span><\/p>\n<p class=\"p2\" style=\"text-align: justify;\"><span class=\"s1\">Com nomes de peso do forr\u00f3 nordestino e artistas que representam a nova gera\u00e7\u00e3o, o festival promete agradar a todos os gostos \u2014 do tradicional p\u00e9 de serra \u00e0s fus\u00f5es contempor\u00e2neas do g\u00eanero.<\/span><\/p>\n<p class=\"p2\" style=\"text-align: justify;\"><span class=\"s1\">\ud83c\udf35 Al\u00e9m de ser uma grande festa popular, o <\/span><span class=\"s2\">Festival de Forr\u00f3 de Itacar\u00e9<\/span><span class=\"s1\"> fortalece a identidade cultural do munic\u00edpio, valoriza a m\u00fasica regional, fomenta o turismo e aquece a economia local.<\/span><\/p>\n<p class=\"p2\"><span class=\"s1\">\ud83d\udccc <\/span><span class=\"s2\">Anote na agenda:<\/span><span class=\"s1\"> dias 26, 27 e 28 de setembro o forr\u00f3 vai tomar conta de Itacar\u00e9!<\/span><\/p>\n","protected":false},"excerpt":{"rendered":"<p>A cidade de Itacar\u00e9 j\u00e1 est\u00e1 em clima de festa com a chegada de mais uma edi\u00e7\u00e3o do Festival de Forr\u00f3, que acontece nos dias 26, 27 e 28 de setembro de 2025. O evento promete movimentar o munic\u00edpio com muita m\u00fasica, tradi\u00e7\u00e3o e alegria, reunindo artistas consagrados e talentos locais em uma grande celebra\u00e7\u00e3o cultural. A programa\u00e7\u00e3o inclui a tradicional Levada da Rural Amarela e o animado Aul\u00e3o de Forr\u00f3, que percorrem a Pra\u00e7a das Mangueiras, a Pituba e seguem at\u00e9 a Orla, arrastando moradores e turistas em um verdadeiro cortejo junino fora de \u00e9poca. \ud83c\udfb6 Atra\u00e7\u00f5es confirmadas No [&hellip;]<\/p>\n","protected":false},"author":2,"featured_media":141141,"comment_status":"closed","ping_status":"open","sticky":false,"template":"","format":"standard","meta":[],"categories":[23],"tags":[],"_links":{"self":[{"href":"https:\/\/www.barragrande24horas.com.br\/v1\/wp-json\/wp\/v2\/posts\/141138"}],"collection":[{"href":"https:\/\/www.barragrande24horas.com.br\/v1\/wp-json\/wp\/v2\/posts"}],"about":[{"href":"https:\/\/www.barragrande24horas.com.br\/v1\/wp-json\/wp\/v2\/types\/post"}],"author":[{"embeddable":true,"href":"https:\/\/www.barragrande24horas.com.br\/v1\/wp-json\/wp\/v2\/users\/2"}],"replies":[{"embeddable":true,"href":"https:\/\/www.barragrande24horas.com.br\/v1\/wp-json\/wp\/v2\/comments?post=141138"}],"version-history":[{"count":2,"href":"https:\/\/www.barragrande24horas.com.br\/v1\/wp-json\/wp\/v2\/posts\/141138\/revisions"}],"predecessor-version":[{"id":141142,"href":"https:\/\/www.barragrande24horas.com.br\/v1\/wp-json\/wp\/v2\/posts\/141138\/revisions\/141142"}],"wp:featuredmedia":[{"embeddable":true,"href":"https:\/\/www.barragrande24horas.com.br\/v1\/wp-json\/wp\/v2\/media\/141141"}],"wp:attachment":[{"href":"https:\/\/www.barragrande24horas.com.br\/v1\/wp-json\/wp\/v2\/media?parent=141138"}],"wp:term":[{"taxonomy":"category","embeddable":true,"href":"https:\/\/www.barragrande24horas.com.br\/v1\/wp-json\/wp\/v2\/categories?post=141138"},{"taxonomy":"post_tag","embeddable":true,"href":"https:\/\/www.barragrande24horas.com.br\/v1\/wp-json\/wp\/v2\/tags?post=141138"}],"curies":[{"name":"wp","href":"https:\/\/api.w.org\/{rel}","templated":true}]}}