{"id":141132,"date":"2025-09-09T14:37:05","date_gmt":"2025-09-09T17:37:05","guid":{"rendered":"https:\/\/www.barragrande24horas.com.br\/v1\/?p=141132"},"modified":"2025-09-09T14:37:05","modified_gmt":"2025-09-09T17:37:05","slug":"dia-d-vacinacao-contra-a-raiva-acontece-dia-13-em-marau-e-barra-grande","status":"publish","type":"post","link":"https:\/\/www.barragrande24horas.com.br\/v1\/2025\/09\/09\/dia-d-vacinacao-contra-a-raiva-acontece-dia-13-em-marau-e-barra-grande\/","title":{"rendered":"DIA D: VACINA\u00c7\u00c3O CONTRA A RAIVA ACONTECE DIA 13 EM MARA\u00da E BARRA GRANDE"},"content":{"rendered":"<p class=\"p1\" style=\"text-align: justify;\"><span class=\"s1\">No pr\u00f3ximo dia <\/span><span class=\"s2\">13 de setembro<\/span><span class=\"s1\">, acontece em Mara\u00fa o <\/span><span class=\"s2\">Dia D de Vacina\u00e7\u00e3o contra a Raiva para c\u00e3es e gatos<\/span><span class=\"s1\">. <\/span><span class=\"s1\" style=\"font-size: 1.1429rem;\">A a\u00e7\u00e3o vai acontecer em dois pontos principais: <\/span><span class=\"s2\" style=\"font-size: 1.1429rem;\">Sede de Mara\u00fa<\/span><span class=\"s1\" style=\"font-size: 1.1429rem;\"> e <\/span><span class=\"s2\" style=\"font-size: 1.1429rem;\">Barra Grande (Pra\u00e7a das Mangueiras)<\/span><span class=\"s1\" style=\"font-size: 1.1429rem;\">, oferecendo de forma gratuita a imuniza\u00e7\u00e3o dos pets contra a raiva, uma doen\u00e7a grave que pode afetar animais e seres humanos.<\/span><\/p>\n<p><img loading=\"lazy\" class=\"aligncenter wp-image-141129 size-full\" src=\"https:\/\/www.barragrande24horas.com.br\/v1\/wp-content\/uploads\/2025\/09\/IMG_3158.jpeg\" alt=\"\" width=\"800\" height=\"1000\" srcset=\"https:\/\/www.barragrande24horas.com.br\/v1\/wp-content\/uploads\/2025\/09\/IMG_3158.jpeg 800w, https:\/\/www.barragrande24horas.com.br\/v1\/wp-content\/uploads\/2025\/09\/IMG_3158-240x300.jpeg 240w, https:\/\/www.barragrande24horas.com.br\/v1\/wp-content\/uploads\/2025\/09\/IMG_3158-768x960.jpeg 768w\" sizes=\"(max-width: 800px) 100vw, 800px\" \/><\/p>\n<p class=\"p1\" style=\"text-align: justify;\"><span class=\"s1\">A Secretaria de Sa\u00fade refor\u00e7a a import\u00e2ncia da vacina\u00e7\u00e3o para garantir a sa\u00fade e o bem-estar dos animais de estima\u00e7\u00e3o, al\u00e9m de proteger toda a comunidade.<\/span><\/p>\n<p class=\"p1\" style=\"text-align: justify;\"><span class=\"s1\">\ud83d\udccd <\/span><span class=\"s2\">Sede e Barra Grande (Pra\u00e7a das Mangueiras) \u00a0<\/span><\/p>\n<p class=\"p1\" style=\"text-align: justify;\"><span class=\"s1\" style=\"font-size: 1.1429rem;\">\ud83d\udcc6 <\/span><span class=\"s2\" style=\"font-size: 1.1429rem;\">13 de setembro<\/span><\/p>\n<p class=\"p1\">\n","protected":false},"excerpt":{"rendered":"<p>No pr\u00f3ximo dia 13 de setembro, acontece em Mara\u00fa o Dia D de Vacina\u00e7\u00e3o contra a Raiva para c\u00e3es e gatos. A a\u00e7\u00e3o vai acontecer em dois pontos principais: Sede de Mara\u00fa e Barra Grande (Pra\u00e7a das Mangueiras), oferecendo de forma gratuita a imuniza\u00e7\u00e3o dos pets contra a raiva, uma doen\u00e7a grave que pode afetar animais e seres humanos. A Secretaria de Sa\u00fade refor\u00e7a a import\u00e2ncia da vacina\u00e7\u00e3o para garantir a sa\u00fade e o bem-estar dos animais de estima\u00e7\u00e3o, al\u00e9m de proteger toda a comunidade. \ud83d\udccd Sede e Barra Grande (Pra\u00e7a das Mangueiras) \u00a0 \ud83d\udcc6 13 de setembro<\/p>\n","protected":false},"author":2,"featured_media":141129,"comment_status":"closed","ping_status":"open","sticky":false,"template":"","format":"standard","meta":[],"categories":[26],"tags":[],"_links":{"self":[{"href":"https:\/\/www.barragrande24horas.com.br\/v1\/wp-json\/wp\/v2\/posts\/141132"}],"collection":[{"href":"https:\/\/www.barragrande24horas.com.br\/v1\/wp-json\/wp\/v2\/posts"}],"about":[{"href":"https:\/\/www.barragrande24horas.com.br\/v1\/wp-json\/wp\/v2\/types\/post"}],"author":[{"embeddable":true,"href":"https:\/\/www.barragrande24horas.com.br\/v1\/wp-json\/wp\/v2\/users\/2"}],"replies":[{"embeddable":true,"href":"https:\/\/www.barragrande24horas.com.br\/v1\/wp-json\/wp\/v2\/comments?post=141132"}],"version-history":[{"count":1,"href":"https:\/\/www.barragrande24horas.com.br\/v1\/wp-json\/wp\/v2\/posts\/141132\/revisions"}],"predecessor-version":[{"id":141133,"href":"https:\/\/www.barragrande24horas.com.br\/v1\/wp-json\/wp\/v2\/posts\/141132\/revisions\/141133"}],"wp:featuredmedia":[{"embeddable":true,"href":"https:\/\/www.barragrande24horas.com.br\/v1\/wp-json\/wp\/v2\/media\/141129"}],"wp:attachment":[{"href":"https:\/\/www.barragrande24horas.com.br\/v1\/wp-json\/wp\/v2\/media?parent=141132"}],"wp:term":[{"taxonomy":"category","embeddable":true,"href":"https:\/\/www.barragrande24horas.com.br\/v1\/wp-json\/wp\/v2\/categories?post=141132"},{"taxonomy":"post_tag","embeddable":true,"href":"https:\/\/www.barragrande24horas.com.br\/v1\/wp-json\/wp\/v2\/tags?post=141132"}],"curies":[{"name":"wp","href":"https:\/\/api.w.org\/{rel}","templated":true}]}}