{"id":141112,"date":"2026-03-09T20:42:23","date_gmt":"2026-03-09T23:42:23","guid":{"rendered":"https:\/\/www.barragrande24horas.com.br\/v1\/?p=141112"},"modified":"2026-03-09T20:42:23","modified_gmt":"2026-03-09T23:42:23","slug":"prefeito-de-marau-se-reune-com-secretario-de-seguranca-publica-da-bahia-e-comando-da-pm-em-salvador","status":"publish","type":"post","link":"https:\/\/www.barragrande24horas.com.br\/v1\/2026\/03\/09\/prefeito-de-marau-se-reune-com-secretario-de-seguranca-publica-da-bahia-e-comando-da-pm-em-salvador\/","title":{"rendered":"PREFEITO DE MARA\u00da SE RE\u00daNE COM SECRET\u00c1RIO DE SEGURAN\u00c7A P\u00daBLICA DA BAHIA E COMANDO DA PM EM SALVADOR"},"content":{"rendered":"<p class=\"p1\" style=\"text-align: justify;\"><span class=\"s1\">O prefeito de Mara\u00fa, <\/span><span class=\"s2\">Dr. Isravan<\/span><span class=\"s1\">, esteve nesta segunda-feira (09\/03) na sede da <\/span><span class=\"s2\">Secretaria de Seguran\u00e7a P\u00fablica da Bahia (SSP)<\/span><span class=\"s1\">, em Salvador, onde se reuniu com o secret\u00e1rio estadual <\/span><span class=\"s2\">Marcelo Werner<\/span><span class=\"s1\"> e com integrantes do <\/span><span class=\"s2\">alto comando da Pol\u00edcia Militar da Bahia<\/span><span class=\"s1\"> para tratar da seguran\u00e7a p\u00fablica na Pen\u00ednsula de Mara\u00fa.<\/span><\/p>\n<p><img loading=\"lazy\" class=\"aligncenter wp-image-142380 size-full\" src=\"https:\/\/www.barragrande24horas.com.br\/v1\/wp-content\/uploads\/2026\/03\/df3281a8-6545-4dc9-89b0-da4fba5765a7.jpeg\" alt=\"\" width=\"800\" height=\"800\" srcset=\"https:\/\/www.barragrande24horas.com.br\/v1\/wp-content\/uploads\/2026\/03\/df3281a8-6545-4dc9-89b0-da4fba5765a7.jpeg 800w, https:\/\/www.barragrande24horas.com.br\/v1\/wp-content\/uploads\/2026\/03\/df3281a8-6545-4dc9-89b0-da4fba5765a7-300x300.jpeg 300w, https:\/\/www.barragrande24horas.com.br\/v1\/wp-content\/uploads\/2026\/03\/df3281a8-6545-4dc9-89b0-da4fba5765a7-150x150.jpeg 150w, https:\/\/www.barragrande24horas.com.br\/v1\/wp-content\/uploads\/2026\/03\/df3281a8-6545-4dc9-89b0-da4fba5765a7-768x768.jpeg 768w, https:\/\/www.barragrande24horas.com.br\/v1\/wp-content\/uploads\/2026\/03\/df3281a8-6545-4dc9-89b0-da4fba5765a7-180x180.jpeg 180w, https:\/\/www.barragrande24horas.com.br\/v1\/wp-content\/uploads\/2026\/03\/df3281a8-6545-4dc9-89b0-da4fba5765a7-400x400.jpeg 400w, https:\/\/www.barragrande24horas.com.br\/v1\/wp-content\/uploads\/2026\/03\/df3281a8-6545-4dc9-89b0-da4fba5765a7-600x600.jpeg 600w\" sizes=\"(max-width: 800px) 100vw, 800px\" \/><\/p>\n<p class=\"p1\" style=\"text-align: justify;\"><span class=\"s1\">A reuni\u00e3o contou tamb\u00e9m com a presen\u00e7a do secret\u00e1rio municipal de Turismo, <\/span><span class=\"s2\">Hagmar Madeira<\/span><span class=\"s1\">, e teve como pauta principal o aumento das ocorr\u00eancias criminais na regi\u00e3o. Durante o encontro, o prefeito destacou a necessidade de uma aten\u00e7\u00e3o especial do Governo do Estado para refor\u00e7ar o policiamento tanto na Pen\u00ednsula de Mara\u00fa quanto em \u00e1reas da zona rural do munic\u00edpio.<\/span><\/p>\n<div id=\"attachment_142377\" style=\"width: 810px\" class=\"wp-caption aligncenter\"><img aria-describedby=\"caption-attachment-142377\" loading=\"lazy\" class=\"wp-image-142377 size-full\" src=\"https:\/\/www.barragrande24horas.com.br\/v1\/wp-content\/uploads\/2026\/03\/IMG_0694.jpeg\" alt=\"\" width=\"800\" height=\"621\" srcset=\"https:\/\/www.barragrande24horas.com.br\/v1\/wp-content\/uploads\/2026\/03\/IMG_0694.jpeg 800w, https:\/\/www.barragrande24horas.com.br\/v1\/wp-content\/uploads\/2026\/03\/IMG_0694-300x233.jpeg 300w, https:\/\/www.barragrande24horas.com.br\/v1\/wp-content\/uploads\/2026\/03\/IMG_0694-768x596.jpeg 768w\" sizes=\"(max-width: 800px) 100vw, 800px\" \/><p id=\"caption-attachment-142377\" class=\"wp-caption-text\">Screenshot<\/p><\/div>\n<p class=\"p1\" style=\"text-align: justify;\"><span class=\"s1\">Segundo Dr. Isravan, o di\u00e1logo com a Secretaria de Seguran\u00e7a P\u00fablica e com o comando da Pol\u00edcia Militar busca fortalecer estrat\u00e9gias de combate \u00e0 criminalidade, ampliar a presen\u00e7a policial e garantir mais seguran\u00e7a para moradores e turistas que visitam a regi\u00e3o.<\/span><\/p>\n<div id=\"attachment_142376\" style=\"width: 810px\" class=\"wp-caption alignnone\"><img aria-describedby=\"caption-attachment-142376\" loading=\"lazy\" class=\"size-full wp-image-142376\" src=\"https:\/\/www.barragrande24horas.com.br\/v1\/wp-content\/uploads\/2026\/03\/IMG_0695.jpeg\" alt=\"\" width=\"800\" height=\"665\" srcset=\"https:\/\/www.barragrande24horas.com.br\/v1\/wp-content\/uploads\/2026\/03\/IMG_0695.jpeg 800w, https:\/\/www.barragrande24horas.com.br\/v1\/wp-content\/uploads\/2026\/03\/IMG_0695-300x249.jpeg 300w, https:\/\/www.barragrande24horas.com.br\/v1\/wp-content\/uploads\/2026\/03\/IMG_0695-768x638.jpeg 768w\" sizes=\"(max-width: 800px) 100vw, 800px\" \/><p id=\"caption-attachment-142376\" class=\"wp-caption-text\">Screenshot<\/p><\/div>\n","protected":false},"excerpt":{"rendered":"<p>O prefeito de Mara\u00fa, Dr. Isravan, esteve nesta segunda-feira (09\/03) na sede da Secretaria de Seguran\u00e7a P\u00fablica da Bahia (SSP), em Salvador, onde se reuniu com o secret\u00e1rio estadual Marcelo Werner e com integrantes do alto comando da Pol\u00edcia Militar da Bahia para tratar da seguran\u00e7a p\u00fablica na Pen\u00ednsula de Mara\u00fa. A reuni\u00e3o contou tamb\u00e9m com a presen\u00e7a do secret\u00e1rio municipal de Turismo, Hagmar Madeira, e teve como pauta principal o aumento das ocorr\u00eancias criminais na regi\u00e3o. Durante o encontro, o prefeito destacou a necessidade de uma aten\u00e7\u00e3o especial do Governo do Estado para refor\u00e7ar o policiamento tanto na Pen\u00ednsula [&hellip;]<\/p>\n","protected":false},"author":2,"featured_media":142377,"comment_status":"closed","ping_status":"open","sticky":false,"template":"","format":"standard","meta":[],"categories":[3],"tags":[],"_links":{"self":[{"href":"https:\/\/www.barragrande24horas.com.br\/v1\/wp-json\/wp\/v2\/posts\/141112"}],"collection":[{"href":"https:\/\/www.barragrande24horas.com.br\/v1\/wp-json\/wp\/v2\/posts"}],"about":[{"href":"https:\/\/www.barragrande24horas.com.br\/v1\/wp-json\/wp\/v2\/types\/post"}],"author":[{"embeddable":true,"href":"https:\/\/www.barragrande24horas.com.br\/v1\/wp-json\/wp\/v2\/users\/2"}],"replies":[{"embeddable":true,"href":"https:\/\/www.barragrande24horas.com.br\/v1\/wp-json\/wp\/v2\/comments?post=141112"}],"version-history":[{"count":1,"href":"https:\/\/www.barragrande24horas.com.br\/v1\/wp-json\/wp\/v2\/posts\/141112\/revisions"}],"predecessor-version":[{"id":142381,"href":"https:\/\/www.barragrande24horas.com.br\/v1\/wp-json\/wp\/v2\/posts\/141112\/revisions\/142381"}],"wp:featuredmedia":[{"embeddable":true,"href":"https:\/\/www.barragrande24horas.com.br\/v1\/wp-json\/wp\/v2\/media\/142377"}],"wp:attachment":[{"href":"https:\/\/www.barragrande24horas.com.br\/v1\/wp-json\/wp\/v2\/media?parent=141112"}],"wp:term":[{"taxonomy":"category","embeddable":true,"href":"https:\/\/www.barragrande24horas.com.br\/v1\/wp-json\/wp\/v2\/categories?post=141112"},{"taxonomy":"post_tag","embeddable":true,"href":"https:\/\/www.barragrande24horas.com.br\/v1\/wp-json\/wp\/v2\/tags?post=141112"}],"curies":[{"name":"wp","href":"https:\/\/api.w.org\/{rel}","templated":true}]}}