{"id":141083,"date":"2025-09-04T13:42:00","date_gmt":"2025-09-04T16:42:00","guid":{"rendered":"https:\/\/www.barragrande24horas.com.br\/v1\/?p=141083"},"modified":"2025-09-04T13:42:00","modified_gmt":"2025-09-04T16:42:00","slug":"patriotismo-e-cultura-marau-celebra-a-independencia-do-brasil-com-desfile-civico-neste-sabado","status":"publish","type":"post","link":"https:\/\/www.barragrande24horas.com.br\/v1\/2025\/09\/04\/patriotismo-e-cultura-marau-celebra-a-independencia-do-brasil-com-desfile-civico-neste-sabado\/","title":{"rendered":"PATRIOTISMO E CULTURA: MARA\u00da CELEBRA A INDEPEND\u00caNCIA DO BRASIL COM DESFILE C\u00cdVICO NESTE S\u00c1BADO"},"content":{"rendered":"<p class=\"p1\" style=\"text-align: justify;\"><span class=\"s1\">A cidade de Mara\u00fa j\u00e1 est\u00e1 em clima de festa para comemorar a Independ\u00eancia do Brasil. A Prefeitura de Mara\u00fa, em parceria com a Secretaria de Educa\u00e7\u00e3o, preparou um grande <\/span><span class=\"s2\">Desfile C\u00edvico<\/span><span class=\"s1\"> que vai reunir a comunidade em um momento de civismo, cultura e patriotismo.<\/span><\/p>\n<p><img loading=\"lazy\" class=\"aligncenter wp-image-141084 size-full\" src=\"https:\/\/www.barragrande24horas.com.br\/v1\/wp-content\/uploads\/2025\/09\/8ea656b7-9731-4f44-b9f8-69b2062d0de3.jpeg\" alt=\"\" width=\"800\" height=\"1000\" srcset=\"https:\/\/www.barragrande24horas.com.br\/v1\/wp-content\/uploads\/2025\/09\/8ea656b7-9731-4f44-b9f8-69b2062d0de3.jpeg 800w, https:\/\/www.barragrande24horas.com.br\/v1\/wp-content\/uploads\/2025\/09\/8ea656b7-9731-4f44-b9f8-69b2062d0de3-240x300.jpeg 240w, https:\/\/www.barragrande24horas.com.br\/v1\/wp-content\/uploads\/2025\/09\/8ea656b7-9731-4f44-b9f8-69b2062d0de3-768x960.jpeg 768w\" sizes=\"(max-width: 800px) 100vw, 800px\" \/><\/p>\n<p class=\"p1\" style=\"text-align: justify;\"><span class=\"s1\">O evento acontece neste <\/span><span class=\"s2\">s\u00e1bado, 6 de setembro, a partir das 14h<\/span><span class=\"s1\">, com concentra\u00e7\u00e3o no <\/span><span class=\"s2\">Col\u00e9gio Municipal Dr. Antenor Lemos<\/span><span class=\"s1\">. De l\u00e1, estudantes, secretarias municipais e demais participantes seguir\u00e3o em cortejo at\u00e9 a <\/span><span class=\"s2\">Pra\u00e7a da Cidade<\/span><span class=\"s1\">, onde as apresenta\u00e7\u00f5es v\u00e3o acontecer.<\/span><\/p>\n<p><img loading=\"lazy\" class=\"aligncenter wp-image-136287 size-full\" src=\"https:\/\/www.barragrande24horas.com.br\/v1\/wp-content\/uploads\/2023\/09\/WhatsApp-Image-2023-09-08-at-12.59.29-1.jpeg\" alt=\"\" width=\"800\" height=\"533\" srcset=\"https:\/\/www.barragrande24horas.com.br\/v1\/wp-content\/uploads\/2023\/09\/WhatsApp-Image-2023-09-08-at-12.59.29-1.jpeg 800w, https:\/\/www.barragrande24horas.com.br\/v1\/wp-content\/uploads\/2023\/09\/WhatsApp-Image-2023-09-08-at-12.59.29-1-300x200.jpeg 300w, https:\/\/www.barragrande24horas.com.br\/v1\/wp-content\/uploads\/2023\/09\/WhatsApp-Image-2023-09-08-at-12.59.29-1-768x512.jpeg 768w\" sizes=\"(max-width: 800px) 100vw, 800px\" \/><\/p>\n<p class=\"p1\" style=\"text-align: justify;\"><span class=\"s1\">\ud83d\udccc <\/span><span class=\"s2\">Programa\u00e7\u00e3o:<\/span><\/p>\n<p class=\"p3\" style=\"text-align: justify;\"><span class=\"s1\"> \u2022 <\/span><span class=\"s2\">14h<\/span><span class=\"s1\"> \u2013 Concentra\u00e7\u00e3o e sa\u00edda do Col\u00e9gio Municipal Dr. Antenor Lemos<\/span><\/p>\n<p class=\"p3\" style=\"text-align: justify;\"><span class=\"s1\"> \u2022 <\/span><span class=\"s2\">15h<\/span><span class=\"s1\"> \u2013 Abertura oficial na Pra\u00e7a da Cidade<\/span><\/p>\n<p class=\"p1\" style=\"text-align: justify;\"><span class=\"s1\"> \u2022 <\/span><span class=\"s2\">15h30<\/span><span class=\"s1\"> \u2013 Apresenta\u00e7\u00f5es culturais e c\u00edvicas com a participa\u00e7\u00e3o das escolas e das Secretarias de Desenvolvimento Social, Agricultura, Cultura e Eventos, e Esporte e Lazer<\/span><\/p>\n<p class=\"p1\" style=\"text-align: justify;\"><span class=\"s1\">A Prefeitura refor\u00e7a o convite para que toda a popula\u00e7\u00e3o participe e prestigie este importante momento, que valoriza a hist\u00f3ria e fortalece a identidade do povo brasileiro.<\/span><\/p>\n<p class=\"p1\" style=\"text-align: justify;\"><span class=\"s1\">\u2728\ud83c\udde7\ud83c\uddf7 Viva o 7 de Setembro em Mara\u00fa!<\/span><\/p>\n","protected":false},"excerpt":{"rendered":"<p>A cidade de Mara\u00fa j\u00e1 est\u00e1 em clima de festa para comemorar a Independ\u00eancia do Brasil. A Prefeitura de Mara\u00fa, em parceria com a Secretaria de Educa\u00e7\u00e3o, preparou um grande Desfile C\u00edvico que vai reunir a comunidade em um momento de civismo, cultura e patriotismo. O evento acontece neste s\u00e1bado, 6 de setembro, a partir das 14h, com concentra\u00e7\u00e3o no Col\u00e9gio Municipal Dr. Antenor Lemos. De l\u00e1, estudantes, secretarias municipais e demais participantes seguir\u00e3o em cortejo at\u00e9 a Pra\u00e7a da Cidade, onde as apresenta\u00e7\u00f5es v\u00e3o acontecer. \ud83d\udccc Programa\u00e7\u00e3o: \u2022 14h \u2013 Concentra\u00e7\u00e3o e sa\u00edda do Col\u00e9gio Municipal Dr. Antenor Lemos [&hellip;]<\/p>\n","protected":false},"author":2,"featured_media":136285,"comment_status":"closed","ping_status":"open","sticky":false,"template":"","format":"standard","meta":[],"categories":[23],"tags":[],"_links":{"self":[{"href":"https:\/\/www.barragrande24horas.com.br\/v1\/wp-json\/wp\/v2\/posts\/141083"}],"collection":[{"href":"https:\/\/www.barragrande24horas.com.br\/v1\/wp-json\/wp\/v2\/posts"}],"about":[{"href":"https:\/\/www.barragrande24horas.com.br\/v1\/wp-json\/wp\/v2\/types\/post"}],"author":[{"embeddable":true,"href":"https:\/\/www.barragrande24horas.com.br\/v1\/wp-json\/wp\/v2\/users\/2"}],"replies":[{"embeddable":true,"href":"https:\/\/www.barragrande24horas.com.br\/v1\/wp-json\/wp\/v2\/comments?post=141083"}],"version-history":[{"count":1,"href":"https:\/\/www.barragrande24horas.com.br\/v1\/wp-json\/wp\/v2\/posts\/141083\/revisions"}],"predecessor-version":[{"id":141086,"href":"https:\/\/www.barragrande24horas.com.br\/v1\/wp-json\/wp\/v2\/posts\/141083\/revisions\/141086"}],"wp:featuredmedia":[{"embeddable":true,"href":"https:\/\/www.barragrande24horas.com.br\/v1\/wp-json\/wp\/v2\/media\/136285"}],"wp:attachment":[{"href":"https:\/\/www.barragrande24horas.com.br\/v1\/wp-json\/wp\/v2\/media?parent=141083"}],"wp:term":[{"taxonomy":"category","embeddable":true,"href":"https:\/\/www.barragrande24horas.com.br\/v1\/wp-json\/wp\/v2\/categories?post=141083"},{"taxonomy":"post_tag","embeddable":true,"href":"https:\/\/www.barragrande24horas.com.br\/v1\/wp-json\/wp\/v2\/tags?post=141083"}],"curies":[{"name":"wp","href":"https:\/\/api.w.org\/{rel}","templated":true}]}}