{"id":140960,"date":"2025-08-22T17:00:54","date_gmt":"2025-08-22T20:00:54","guid":{"rendered":"https:\/\/www.barragrande24horas.com.br\/v1\/?p=140960"},"modified":"2025-08-22T17:00:54","modified_gmt":"2025-08-22T20:00:54","slug":"benjamin-de-melo-lanca-ultimas-consequencias-no-spotify-em-projeto-intimista","status":"publish","type":"post","link":"https:\/\/www.barragrande24horas.com.br\/v1\/2025\/08\/22\/benjamin-de-melo-lanca-ultimas-consequencias-no-spotify-em-projeto-intimista\/","title":{"rendered":"BENJAMIN DE MELO LAN\u00c7A \u201c\u00daLTIMAS CONSEQU\u00caNCIAS\u201d NO SPOTIFY EM PROJETO INTIMISTA"},"content":{"rendered":"<p class=\"p1\" style=\"text-align: justify;\"><span class=\"s1\">O m\u00fasico e compositor Benjamin de Melo lan\u00e7ou nesta semana, no Spotify, a can\u00e7\u00e3o \u201c\u00daltimas Consequ\u00eancias\u201d, escrita em parceria com o guitarrista e arranjador Rael Guita. A m\u00fasica, que j\u00e1 est\u00e1 dispon\u00edvel para o p\u00fablico na plataforma de streaming, reflete a proposta art\u00edstica do novo projeto do artista, intitulado \u201cRelatos do Tempo Daqui\u201d.<\/span><\/p>\n<p><img loading=\"lazy\" class=\"aligncenter wp-image-140964 size-full\" src=\"https:\/\/www.barragrande24horas.com.br\/v1\/wp-content\/uploads\/2025\/08\/bfc40fdd-1090-4f82-94e2-f3e1adb0bfb1.jpeg\" alt=\"\" width=\"767\" height=\"1000\" srcset=\"https:\/\/www.barragrande24horas.com.br\/v1\/wp-content\/uploads\/2025\/08\/bfc40fdd-1090-4f82-94e2-f3e1adb0bfb1.jpeg 767w, https:\/\/www.barragrande24horas.com.br\/v1\/wp-content\/uploads\/2025\/08\/bfc40fdd-1090-4f82-94e2-f3e1adb0bfb1-230x300.jpeg 230w\" sizes=\"(max-width: 767px) 100vw, 767px\" \/><\/p>\n<p class=\"p1\" style=\"text-align: justify;\"><span class=\"s1\">Depois de integrar as bandas Homo-Decadentis e Neutr\u00f3filos, refer\u00eancias no circuito underground de Salvador, Benjamin inicia uma fase mais intimista, apostando em sonoridades que unem o viol\u00e3o folk e a craviola (viol\u00e3o de 12 cordas) ao di\u00e1logo direto com suas composi\u00e7\u00f5es em estado bruto, como foram concebidas originalmente.<\/span><\/p>\n<p><img loading=\"lazy\" class=\"aligncenter wp-image-140962 size-full\" src=\"https:\/\/www.barragrande24horas.com.br\/v1\/wp-content\/uploads\/2025\/08\/3ab943ac-b50b-4aeb-91a1-197b3a1d48ac.jpeg\" alt=\"\" width=\"800\" height=\"800\" srcset=\"https:\/\/www.barragrande24horas.com.br\/v1\/wp-content\/uploads\/2025\/08\/3ab943ac-b50b-4aeb-91a1-197b3a1d48ac.jpeg 800w, https:\/\/www.barragrande24horas.com.br\/v1\/wp-content\/uploads\/2025\/08\/3ab943ac-b50b-4aeb-91a1-197b3a1d48ac-300x300.jpeg 300w, https:\/\/www.barragrande24horas.com.br\/v1\/wp-content\/uploads\/2025\/08\/3ab943ac-b50b-4aeb-91a1-197b3a1d48ac-150x150.jpeg 150w, https:\/\/www.barragrande24horas.com.br\/v1\/wp-content\/uploads\/2025\/08\/3ab943ac-b50b-4aeb-91a1-197b3a1d48ac-768x768.jpeg 768w, https:\/\/www.barragrande24horas.com.br\/v1\/wp-content\/uploads\/2025\/08\/3ab943ac-b50b-4aeb-91a1-197b3a1d48ac-180x180.jpeg 180w, https:\/\/www.barragrande24horas.com.br\/v1\/wp-content\/uploads\/2025\/08\/3ab943ac-b50b-4aeb-91a1-197b3a1d48ac-400x400.jpeg 400w, https:\/\/www.barragrande24horas.com.br\/v1\/wp-content\/uploads\/2025\/08\/3ab943ac-b50b-4aeb-91a1-197b3a1d48ac-600x600.jpeg 600w\" sizes=\"(max-width: 800px) 100vw, 800px\" \/><\/p>\n<p class=\"p1\" style=\"text-align: justify;\"><span class=\"s1\">Com forte influ\u00eancia do Blues, Rock, Country e Folk Music, o repert\u00f3rio de Benjamin de Melo busca traduzir em can\u00e7\u00f5es o peso da exist\u00eancia, a brevidade da vida, a complexidade dos sentimentos e suas rela\u00e7\u00f5es com o cotidiano. \u201c\u00daltimas Consequ\u00eancias\u201d chega para marcar esse novo momento e j\u00e1 pode ser ouvida atrav\u00e9s do link: https:\/\/shre.ink\/ultimasconsequencias.<\/span><\/p>\n","protected":false},"excerpt":{"rendered":"<p>O m\u00fasico e compositor Benjamin de Melo lan\u00e7ou nesta semana, no Spotify, a can\u00e7\u00e3o \u201c\u00daltimas Consequ\u00eancias\u201d, escrita em parceria com o guitarrista e arranjador Rael Guita. A m\u00fasica, que j\u00e1 est\u00e1 dispon\u00edvel para o p\u00fablico na plataforma de streaming, reflete a proposta art\u00edstica do novo projeto do artista, intitulado \u201cRelatos do Tempo Daqui\u201d. Depois de integrar as bandas Homo-Decadentis e Neutr\u00f3filos, refer\u00eancias no circuito underground de Salvador, Benjamin inicia uma fase mais intimista, apostando em sonoridades que unem o viol\u00e3o folk e a craviola (viol\u00e3o de 12 cordas) ao di\u00e1logo direto com suas composi\u00e7\u00f5es em estado bruto, como foram concebidas [&hellip;]<\/p>\n","protected":false},"author":2,"featured_media":140965,"comment_status":"closed","ping_status":"open","sticky":false,"template":"","format":"standard","meta":[],"categories":[24],"tags":[],"_links":{"self":[{"href":"https:\/\/www.barragrande24horas.com.br\/v1\/wp-json\/wp\/v2\/posts\/140960"}],"collection":[{"href":"https:\/\/www.barragrande24horas.com.br\/v1\/wp-json\/wp\/v2\/posts"}],"about":[{"href":"https:\/\/www.barragrande24horas.com.br\/v1\/wp-json\/wp\/v2\/types\/post"}],"author":[{"embeddable":true,"href":"https:\/\/www.barragrande24horas.com.br\/v1\/wp-json\/wp\/v2\/users\/2"}],"replies":[{"embeddable":true,"href":"https:\/\/www.barragrande24horas.com.br\/v1\/wp-json\/wp\/v2\/comments?post=140960"}],"version-history":[{"count":1,"href":"https:\/\/www.barragrande24horas.com.br\/v1\/wp-json\/wp\/v2\/posts\/140960\/revisions"}],"predecessor-version":[{"id":140966,"href":"https:\/\/www.barragrande24horas.com.br\/v1\/wp-json\/wp\/v2\/posts\/140960\/revisions\/140966"}],"wp:featuredmedia":[{"embeddable":true,"href":"https:\/\/www.barragrande24horas.com.br\/v1\/wp-json\/wp\/v2\/media\/140965"}],"wp:attachment":[{"href":"https:\/\/www.barragrande24horas.com.br\/v1\/wp-json\/wp\/v2\/media?parent=140960"}],"wp:term":[{"taxonomy":"category","embeddable":true,"href":"https:\/\/www.barragrande24horas.com.br\/v1\/wp-json\/wp\/v2\/categories?post=140960"},{"taxonomy":"post_tag","embeddable":true,"href":"https:\/\/www.barragrande24horas.com.br\/v1\/wp-json\/wp\/v2\/tags?post=140960"}],"curies":[{"name":"wp","href":"https:\/\/api.w.org\/{rel}","templated":true}]}}