{"id":140846,"date":"2025-08-07T13:37:10","date_gmt":"2025-08-07T16:37:10","guid":{"rendered":"https:\/\/www.barragrande24horas.com.br\/v1\/?p=140846"},"modified":"2025-08-07T13:37:10","modified_gmt":"2025-08-07T16:37:10","slug":"com-apoio-do-prefeito-ravan-maicon-junior-assume-lideranca-no-paradesporto-e-fortalece-inclusao-social-em-marau","status":"publish","type":"post","link":"https:\/\/www.barragrande24horas.com.br\/v1\/2025\/08\/07\/com-apoio-do-prefeito-ravan-maicon-junior-assume-lideranca-no-paradesporto-e-fortalece-inclusao-social-em-marau\/","title":{"rendered":"COM APOIO DO PREFEITO RAVAN, MAICON J\u00daNIOR ASSUME LIDERAN\u00c7A NO PARADESPORTO E FORTALECE INCLUS\u00c3O SOCIAL EM MARA\u00da"},"content":{"rendered":"<p style=\"text-align: justify;\">Medalhista paral\u00edmpico e atleta da Sele\u00e7\u00e3o Brasileira de Futebol de Cegos, Maicon J\u00fanior dos Santos Mendes agora tamb\u00e9m \u00e9 destaque na gest\u00e3o p\u00fablica de Mara\u00fa. Natural do munic\u00edpio, ele foi nomeado Diretor de Esportes da Inclus\u00e3o Social pela gest\u00e3o do prefeito Dr. Isravan Lemos Barcelos, o \u201cRavan\u201d, e vem conduzindo um trabalho voltado \u00e0 democratiza\u00e7\u00e3o do esporte e \u00e0 valoriza\u00e7\u00e3o da pessoa com defici\u00eancia.<\/p>\n<p><img loading=\"lazy\" class=\"aligncenter wp-image-140847 size-full\" src=\"https:\/\/www.barragrande24horas.com.br\/v1\/wp-content\/uploads\/2025\/08\/IMG_0105.jpeg\" alt=\"\" width=\"800\" height=\"866\" srcset=\"https:\/\/www.barragrande24horas.com.br\/v1\/wp-content\/uploads\/2025\/08\/IMG_0105.jpeg 800w, https:\/\/www.barragrande24horas.com.br\/v1\/wp-content\/uploads\/2025\/08\/IMG_0105-277x300.jpeg 277w, https:\/\/www.barragrande24horas.com.br\/v1\/wp-content\/uploads\/2025\/08\/IMG_0105-768x831.jpeg 768w\" sizes=\"(max-width: 800px) 100vw, 800px\" \/><\/p>\n<p style=\"text-align: justify;\">Com uma trajet\u00f3ria vitoriosa nas quadras e fora delas, Maicon tem como miss\u00e3o ampliar o acesso ao esporte inclusivo, combater o capacitismo e garantir representatividade nas pol\u00edticas p\u00fablicas. \u201cQuero mostrar, com trabalho e comprometimento, que pessoas com defici\u00eancia podem liderar, planejar e transformar realidades\u201d, afirma o atleta.<\/p>\n<p style=\"text-align: justify;\">Entre os principais objetivos de sua atua\u00e7\u00e3o est\u00e3o:<\/p>\n<ul style=\"text-align: justify;\">\n<li>Levar a\u00e7\u00f5es educativas e esportivas \u00e0s escolas municipais;<\/li>\n<li>Incentivar a participa\u00e7\u00e3o de pessoas com defici\u00eancia em campeonatos e atividades esportivas;<\/li>\n<li>Buscar parcerias com o Comit\u00ea Paral\u00edmpico Brasileiro e o Minist\u00e9rio do Esporte;<\/li>\n<li>Usar o esporte como ferramenta de cidadania e transforma\u00e7\u00e3o social.<\/li>\n<\/ul>\n<p style=\"text-align: justify;\">Al\u00e9m da atua\u00e7\u00e3o como gestor, Maicon segue representando o Corinthians Futebol de Cegos e a Sele\u00e7\u00e3o Brasileira, com a qual disputou os Jogos Paral\u00edmpicos de Paris. Ao lado do secret\u00e1rio de Esportes Rog\u00e9rio Bonfim Arag\u00e3o e de toda a equipe da pasta, ele vem promovendo o esporte como instrumento de inclus\u00e3o, especialmente nas comunidades mais vulner\u00e1veis.<\/p>\n<p style=\"text-align: justify;\">A gest\u00e3o municipal \u201cGoverno Renasce a Esperan\u00e7a\u201d, liderada por Ravan, tem priorizado o fortalecimento do esporte em todas as suas formas, apostando em talentos locais e a\u00e7\u00f5es que promovam impacto social real. Maicon J\u00fanior \u00e9 hoje um s\u00edmbolo dessa nova fase: a de uma Mara\u00fa mais inclusiva, representativa e comprometida com o futuro.<\/p>\n","protected":false},"excerpt":{"rendered":"<p>Medalhista paral\u00edmpico e atleta da Sele\u00e7\u00e3o Brasileira de Futebol de Cegos, Maicon J\u00fanior dos Santos Mendes agora tamb\u00e9m \u00e9 destaque na gest\u00e3o p\u00fablica de Mara\u00fa. Natural do munic\u00edpio, ele foi nomeado Diretor de Esportes da Inclus\u00e3o Social pela gest\u00e3o do prefeito Dr. Isravan Lemos Barcelos, o \u201cRavan\u201d, e vem conduzindo um trabalho voltado \u00e0 democratiza\u00e7\u00e3o do esporte e \u00e0 valoriza\u00e7\u00e3o da pessoa com defici\u00eancia. Com uma trajet\u00f3ria vitoriosa nas quadras e fora delas, Maicon tem como miss\u00e3o ampliar o acesso ao esporte inclusivo, combater o capacitismo e garantir representatividade nas pol\u00edticas p\u00fablicas. \u201cQuero mostrar, com trabalho e comprometimento, que pessoas [&hellip;]<\/p>\n","protected":false},"author":2,"featured_media":140848,"comment_status":"closed","ping_status":"open","sticky":false,"template":"","format":"standard","meta":[],"categories":[25],"tags":[],"_links":{"self":[{"href":"https:\/\/www.barragrande24horas.com.br\/v1\/wp-json\/wp\/v2\/posts\/140846"}],"collection":[{"href":"https:\/\/www.barragrande24horas.com.br\/v1\/wp-json\/wp\/v2\/posts"}],"about":[{"href":"https:\/\/www.barragrande24horas.com.br\/v1\/wp-json\/wp\/v2\/types\/post"}],"author":[{"embeddable":true,"href":"https:\/\/www.barragrande24horas.com.br\/v1\/wp-json\/wp\/v2\/users\/2"}],"replies":[{"embeddable":true,"href":"https:\/\/www.barragrande24horas.com.br\/v1\/wp-json\/wp\/v2\/comments?post=140846"}],"version-history":[{"count":1,"href":"https:\/\/www.barragrande24horas.com.br\/v1\/wp-json\/wp\/v2\/posts\/140846\/revisions"}],"predecessor-version":[{"id":140849,"href":"https:\/\/www.barragrande24horas.com.br\/v1\/wp-json\/wp\/v2\/posts\/140846\/revisions\/140849"}],"wp:featuredmedia":[{"embeddable":true,"href":"https:\/\/www.barragrande24horas.com.br\/v1\/wp-json\/wp\/v2\/media\/140848"}],"wp:attachment":[{"href":"https:\/\/www.barragrande24horas.com.br\/v1\/wp-json\/wp\/v2\/media?parent=140846"}],"wp:term":[{"taxonomy":"category","embeddable":true,"href":"https:\/\/www.barragrande24horas.com.br\/v1\/wp-json\/wp\/v2\/categories?post=140846"},{"taxonomy":"post_tag","embeddable":true,"href":"https:\/\/www.barragrande24horas.com.br\/v1\/wp-json\/wp\/v2\/tags?post=140846"}],"curies":[{"name":"wp","href":"https:\/\/api.w.org\/{rel}","templated":true}]}}