{"id":140781,"date":"2025-08-01T19:57:15","date_gmt":"2025-08-01T22:57:15","guid":{"rendered":"https:\/\/www.barragrande24horas.com.br\/v1\/?p=140781"},"modified":"2025-08-01T19:59:29","modified_gmt":"2025-08-01T22:59:29","slug":"deivid-santtos-ultrapassa-1-milhao-de-visualizacoes-e-se-destaca-como-nova-promessa-do-arrocha-baiano","status":"publish","type":"post","link":"https:\/\/www.barragrande24horas.com.br\/v1\/2025\/08\/01\/deivid-santtos-ultrapassa-1-milhao-de-visualizacoes-e-se-destaca-como-nova-promessa-do-arrocha-baiano\/","title":{"rendered":"DEIVID SANTTOS ULTRAPASSA 1 MILH\u00c3O DE VISUALIZA\u00c7\u00d5ES E SE DESTACA COMO NOVA PROMESSA DO ARROCHA BAIANO"},"content":{"rendered":"<p style=\"text-align: justify;\">O jovem cantor baiano Deivid Santtos, de apenas 19 anos, natural da Ilha de Mar\u00e9, em Salvador, est\u00e1 conquistando cada vez mais espa\u00e7o no cen\u00e1rio musical da Bahia \u2014 e com potencial para atingir todo o Brasil. O artista viralizou nas redes sociais com um v\u00eddeo simples, mas emocionante, em que canta a m\u00fasica \u201cDia 1\u201d, do cantor Hugo Henrique. A grava\u00e7\u00e3o ultrapassou 1 milh\u00e3o de visualiza\u00e7\u00f5es, consolidando Deivid como um novo fen\u00f4meno da sofr\u00eancia.<\/p>\n<div id=\"attachment_140782\" style=\"width: 760px\" class=\"wp-caption aligncenter\"><img aria-describedby=\"caption-attachment-140782\" loading=\"lazy\" class=\"wp-image-140782 size-full\" src=\"https:\/\/www.barragrande24horas.com.br\/v1\/wp-content\/uploads\/2025\/08\/IMG_9731.jpeg\" alt=\"\" width=\"750\" height=\"1000\" srcset=\"https:\/\/www.barragrande24horas.com.br\/v1\/wp-content\/uploads\/2025\/08\/IMG_9731.jpeg 750w, https:\/\/www.barragrande24horas.com.br\/v1\/wp-content\/uploads\/2025\/08\/IMG_9731-225x300.jpeg 225w\" sizes=\"(max-width: 750px) 100vw, 750px\" \/><p id=\"caption-attachment-140782\" class=\"wp-caption-text\">Cantor Deivid Santtos ao lado do empres\u00e1rio Vitor Chinelis e da Cantora Su\u00edres Borges<\/p><\/div>\n<p style=\"text-align: justify;\">Gravado em casa, o v\u00eddeo se destacou pela entrega emocional e pela autenticidade, tocando os cora\u00e7\u00f5es dos internautas. O talento do jovem rapidamente chamou a aten\u00e7\u00e3o de grandes artistas como Thiago Brava, Lambasaia, Suires Borges, Felipe Papazoni, Marcos &amp; Belutti, Simone Morena e at\u00e9 mesmo o pr\u00f3prio Hugo Henrique, que elogiou sua performance publicamente.<\/p>\n<h2 style=\"text-align: justify;\">\ud83d\ude80 Profissionaliza\u00e7\u00e3o com a Chinelis Produ\u00e7\u00f5es<\/h2>\n<p style=\"text-align: justify;\">Com o sucesso repentino, Deivid Santtos foi contratado pela Chinelis Produ\u00e7\u00f5es, produtora baiana especializada em gest\u00e3o art\u00edstica e revela\u00e7\u00e3o de talentos. A empresa agora comanda todos os passos da carreira do cantor, oferecendo suporte completo em marketing, estrutura, agenda e produ\u00e7\u00e3o musical.<\/p>\n<p style=\"text-align: justify;\">Sob a dire\u00e7\u00e3o da Chinelis, Deivid j\u00e1 come\u00e7ou a trabalhar em seu primeiro projeto oficial: o \u00e1lbum \u201cNa Pegada do DS\u201d. O disco contar\u00e1 com m\u00fasicas autorais, regrava\u00e7\u00f5es e participa\u00e7\u00f5es especiais, incluindo a do cantor Suires Borges. A produ\u00e7\u00e3o musical \u00e9 assinada por C\u00e1ssio Henrique (CH Produ\u00e7\u00e3o Musical), profissional reconhecido no cen\u00e1rio nacional.<\/p>\n<p><img loading=\"lazy\" class=\"aligncenter wp-image-140784 size-full\" src=\"https:\/\/www.barragrande24horas.com.br\/v1\/wp-content\/uploads\/2025\/08\/IMG_9729.jpeg\" alt=\"\" width=\"750\" height=\"1000\" srcset=\"https:\/\/www.barragrande24horas.com.br\/v1\/wp-content\/uploads\/2025\/08\/IMG_9729.jpeg 750w, https:\/\/www.barragrande24horas.com.br\/v1\/wp-content\/uploads\/2025\/08\/IMG_9729-225x300.jpeg 225w\" sizes=\"(max-width: 750px) 100vw, 750px\" \/><\/p>\n<h2 style=\"text-align: justify;\">\ud83c\udfa4 Shows e agenda crescente<\/h2>\n<p style=\"text-align: justify;\">Mesmo com pouco tempo de estrada, Deivid j\u00e1 subiu aos palcos em cidades como Itacar\u00e9, Camamu, Ibirapitanga e Igrapi\u00fana, e tem datas confirmadas em Salvador. O cantor tamb\u00e9m se prepara para uma turn\u00ea em S\u00e3o Paulo, prevista para agosto de 2025, sinalizando sua expans\u00e3o para o mercado nacional.<\/p>\n<h2 style=\"text-align: justify;\">\ud83d\udcac \u201cEsse \u00e9 s\u00f3 o come\u00e7o\u201d<\/h2>\n<p style=\"text-align: justify;\">Com uma base de f\u00e3s em r\u00e1pido crescimento nas redes sociais e o suporte de uma produtora estruturada, Deivid Santtos vem se consolidando como um dos nomes mais promissores do arrocha atual. <img loading=\"lazy\" class=\"size-medium wp-image-140785 alignleft\" src=\"https:\/\/www.barragrande24horas.com.br\/v1\/wp-content\/uploads\/2025\/08\/IMG_9728-169x300.jpeg\" alt=\"\" width=\"169\" height=\"300\" srcset=\"https:\/\/www.barragrande24horas.com.br\/v1\/wp-content\/uploads\/2025\/08\/IMG_9728-169x300.jpeg 169w, https:\/\/www.barragrande24horas.com.br\/v1\/wp-content\/uploads\/2025\/08\/IMG_9728.jpeg 563w\" sizes=\"(max-width: 169px) 100vw, 169px\" \/><\/p>\n<p style=\"text-align: justify;\">\u201cEsse \u00e9 s\u00f3 o come\u00e7o. Ainda vem muita coisa boa por a\u00ed!\u201d, declarou o cantor nas redes.<\/p>\n<p><span style=\"font-size: 1.1429rem;\">A m\u00fasica baiana ganha um novo nome de peso, e tudo indica que Deivid Santtos chegou para ficar \u2014 e emocionar o Brasil com sua voz<\/span><\/p>\n<p style=\"text-align: justify;\">A m\u00fasica baiana ganha um novo nome de peso, e tudo indica que Deivid Santtos chegou para ficar \u2014 e emocionar o Brasil com sua voz<\/p>\n","protected":false},"excerpt":{"rendered":"<p>O jovem cantor baiano Deivid Santtos, de apenas 19 anos, natural da Ilha de Mar\u00e9, em Salvador, est\u00e1 conquistando cada vez mais espa\u00e7o no cen\u00e1rio musical da Bahia \u2014 e com potencial para atingir todo o Brasil. O artista viralizou nas redes sociais com um v\u00eddeo simples, mas emocionante, em que canta a m\u00fasica \u201cDia 1\u201d, do cantor Hugo Henrique. A grava\u00e7\u00e3o ultrapassou 1 milh\u00e3o de visualiza\u00e7\u00f5es, consolidando Deivid como um novo fen\u00f4meno da sofr\u00eancia. Gravado em casa, o v\u00eddeo se destacou pela entrega emocional e pela autenticidade, tocando os cora\u00e7\u00f5es dos internautas. O talento do jovem rapidamente chamou a [&hellip;]<\/p>\n","protected":false},"author":2,"featured_media":140788,"comment_status":"closed","ping_status":"open","sticky":false,"template":"","format":"standard","meta":[],"categories":[24],"tags":[],"_links":{"self":[{"href":"https:\/\/www.barragrande24horas.com.br\/v1\/wp-json\/wp\/v2\/posts\/140781"}],"collection":[{"href":"https:\/\/www.barragrande24horas.com.br\/v1\/wp-json\/wp\/v2\/posts"}],"about":[{"href":"https:\/\/www.barragrande24horas.com.br\/v1\/wp-json\/wp\/v2\/types\/post"}],"author":[{"embeddable":true,"href":"https:\/\/www.barragrande24horas.com.br\/v1\/wp-json\/wp\/v2\/users\/2"}],"replies":[{"embeddable":true,"href":"https:\/\/www.barragrande24horas.com.br\/v1\/wp-json\/wp\/v2\/comments?post=140781"}],"version-history":[{"count":1,"href":"https:\/\/www.barragrande24horas.com.br\/v1\/wp-json\/wp\/v2\/posts\/140781\/revisions"}],"predecessor-version":[{"id":140786,"href":"https:\/\/www.barragrande24horas.com.br\/v1\/wp-json\/wp\/v2\/posts\/140781\/revisions\/140786"}],"wp:featuredmedia":[{"embeddable":true,"href":"https:\/\/www.barragrande24horas.com.br\/v1\/wp-json\/wp\/v2\/media\/140788"}],"wp:attachment":[{"href":"https:\/\/www.barragrande24horas.com.br\/v1\/wp-json\/wp\/v2\/media?parent=140781"}],"wp:term":[{"taxonomy":"category","embeddable":true,"href":"https:\/\/www.barragrande24horas.com.br\/v1\/wp-json\/wp\/v2\/categories?post=140781"},{"taxonomy":"post_tag","embeddable":true,"href":"https:\/\/www.barragrande24horas.com.br\/v1\/wp-json\/wp\/v2\/tags?post=140781"}],"curies":[{"name":"wp","href":"https:\/\/api.w.org\/{rel}","templated":true}]}}