{"id":140770,"date":"2025-08-01T12:09:40","date_gmt":"2025-08-01T15:09:40","guid":{"rendered":"https:\/\/www.barragrande24horas.com.br\/v1\/?p=140770"},"modified":"2025-08-01T12:09:40","modified_gmt":"2025-08-01T15:09:40","slug":"por-aclamacao-nego-de-saronga-e-eleito-presidente-do-consorcio-da-policlinica-regional-de-ilheus","status":"publish","type":"post","link":"https:\/\/www.barragrande24horas.com.br\/v1\/2025\/08\/01\/por-aclamacao-nego-de-saronga-e-eleito-presidente-do-consorcio-da-policlinica-regional-de-ilheus\/","title":{"rendered":"POR ACLAMA\u00c7\u00c3O, NEGO DE SARONGA \u00c9 ELEITO PRESIDENTE DO CONS\u00d3RCIO DA POLICL\u00cdNICA REGIONAL DE ILH\u00c9US"},"content":{"rendered":"<p class=\"p1\" style=\"text-align: justify;\"><span class=\"s1\"><br \/>\nNa manh\u00e3 desta sexta-feira (02), o Cons\u00f3rcio Interfederativo de Sa\u00fade da Regi\u00e3o de Ilh\u00e9us realizou a elei\u00e7\u00e3o para a presid\u00eancia da Policl\u00ednica Regional. Por aclama\u00e7\u00e3o, o prefeito de Itacar\u00e9, Nego de Saronga, foi eleito presidente do cons\u00f3rcio, tendo como vice-presidente o prefeito Fernando Brito, de Santa Luzia.<\/span><\/p>\n<p><img loading=\"lazy\" class=\"aligncenter wp-image-140773 size-full\" src=\"https:\/\/www.barragrande24horas.com.br\/v1\/wp-content\/uploads\/2025\/08\/IMG_9694.jpeg\" alt=\"\" width=\"800\" height=\"600\" srcset=\"https:\/\/www.barragrande24horas.com.br\/v1\/wp-content\/uploads\/2025\/08\/IMG_9694.jpeg 800w, https:\/\/www.barragrande24horas.com.br\/v1\/wp-content\/uploads\/2025\/08\/IMG_9694-300x225.jpeg 300w, https:\/\/www.barragrande24horas.com.br\/v1\/wp-content\/uploads\/2025\/08\/IMG_9694-768x576.jpeg 768w, https:\/\/www.barragrande24horas.com.br\/v1\/wp-content\/uploads\/2025\/08\/IMG_9694-180x135.jpeg 180w, https:\/\/www.barragrande24horas.com.br\/v1\/wp-content\/uploads\/2025\/08\/IMG_9694-400x300.jpeg 400w, https:\/\/www.barragrande24horas.com.br\/v1\/wp-content\/uploads\/2025\/08\/IMG_9694-600x450.jpeg 600w\" sizes=\"(max-width: 800px) 100vw, 800px\" \/><\/p>\n<p class=\"p1\" style=\"text-align: justify;\"><span class=\"s1\">Nego de Saronga sucede o ex-prefeito de Itacar\u00e9, Ant\u00f4nio de An\u00edzio, que tamb\u00e9m presidiu o cons\u00f3rcio, formado pelos munic\u00edpios de Canavieiras, Coaraci, Gongogi, Ilh\u00e9us, Itacar\u00e9, Mara\u00fa, Ubaitaba, Santa Luzia, Una e Uru\u00e7uca. O objetivo da entidade \u00e9 fortalecer a gest\u00e3o compartilhada da sa\u00fade p\u00fablica, garantindo mais efici\u00eancia, integra\u00e7\u00e3o e qualidade no atendimento \u00e0 popula\u00e7\u00e3o da regi\u00e3o.<\/span><\/p>\n<p><img loading=\"lazy\" class=\"aligncenter wp-image-140772 size-full\" src=\"https:\/\/www.barragrande24horas.com.br\/v1\/wp-content\/uploads\/2025\/08\/IMG_9695.jpeg\" alt=\"\" width=\"800\" height=\"600\" srcset=\"https:\/\/www.barragrande24horas.com.br\/v1\/wp-content\/uploads\/2025\/08\/IMG_9695.jpeg 800w, https:\/\/www.barragrande24horas.com.br\/v1\/wp-content\/uploads\/2025\/08\/IMG_9695-300x225.jpeg 300w, https:\/\/www.barragrande24horas.com.br\/v1\/wp-content\/uploads\/2025\/08\/IMG_9695-768x576.jpeg 768w, https:\/\/www.barragrande24horas.com.br\/v1\/wp-content\/uploads\/2025\/08\/IMG_9695-180x135.jpeg 180w, https:\/\/www.barragrande24horas.com.br\/v1\/wp-content\/uploads\/2025\/08\/IMG_9695-400x300.jpeg 400w, https:\/\/www.barragrande24horas.com.br\/v1\/wp-content\/uploads\/2025\/08\/IMG_9695-600x450.jpeg 600w\" sizes=\"(max-width: 800px) 100vw, 800px\" \/><\/p>\n<p class=\"p1\" style=\"text-align: justify;\"><span class=\"s1\">Em seu pronunciamento, Nego de Saronga destacou que sua gest\u00e3o ser\u00e1 pautada na amplia\u00e7\u00e3o do acesso aos servi\u00e7os especializados e na melhoria cont\u00ednua do atendimento. \u201cAssumimos com o compromisso de fortalecer a sa\u00fade regional, trabalhando em uni\u00e3o com todos os prefeitos para que nossa popula\u00e7\u00e3o tenha cada vez mais acesso a servi\u00e7os de qualidade\u201d, afirmou.<\/span><\/p>\n<p><strong><img loading=\"lazy\" class=\"aligncenter wp-image-140771 size-full\" src=\"https:\/\/www.barragrande24horas.com.br\/v1\/wp-content\/uploads\/2025\/08\/IMG_9696.jpeg\" alt=\"\" width=\"800\" height=\"600\" srcset=\"https:\/\/www.barragrande24horas.com.br\/v1\/wp-content\/uploads\/2025\/08\/IMG_9696.jpeg 800w, https:\/\/www.barragrande24horas.com.br\/v1\/wp-content\/uploads\/2025\/08\/IMG_9696-300x225.jpeg 300w, https:\/\/www.barragrande24horas.com.br\/v1\/wp-content\/uploads\/2025\/08\/IMG_9696-768x576.jpeg 768w, https:\/\/www.barragrande24horas.com.br\/v1\/wp-content\/uploads\/2025\/08\/IMG_9696-180x135.jpeg 180w, https:\/\/www.barragrande24horas.com.br\/v1\/wp-content\/uploads\/2025\/08\/IMG_9696-400x300.jpeg 400w, https:\/\/www.barragrande24horas.com.br\/v1\/wp-content\/uploads\/2025\/08\/IMG_9696-600x450.jpeg 600w\" sizes=\"(max-width: 800px) 100vw, 800px\" \/><\/strong><\/p>\n<p class=\"p1\" style=\"text-align: justify;\"><span class=\"s1\">A Policl\u00ednica Regional \u00e9 uma importante ferramenta de descentraliza\u00e7\u00e3o da sa\u00fade p\u00fablica, oferecendo consultas e exames especializados que reduzem deslocamentos e desafogam os sistemas municipais. A unidade beneficia milhares de moradores ao garantir acesso mais r\u00e1pido e humanizado a servi\u00e7os m\u00e9dicos essenciais.<\/span><\/p>\n","protected":false},"excerpt":{"rendered":"<p>Na manh\u00e3 desta sexta-feira (02), o Cons\u00f3rcio Interfederativo de Sa\u00fade da Regi\u00e3o de Ilh\u00e9us realizou a elei\u00e7\u00e3o para a presid\u00eancia da Policl\u00ednica Regional. Por aclama\u00e7\u00e3o, o prefeito de Itacar\u00e9, Nego de Saronga, foi eleito presidente do cons\u00f3rcio, tendo como vice-presidente o prefeito Fernando Brito, de Santa Luzia. Nego de Saronga sucede o ex-prefeito de Itacar\u00e9, Ant\u00f4nio de An\u00edzio, que tamb\u00e9m presidiu o cons\u00f3rcio, formado pelos munic\u00edpios de Canavieiras, Coaraci, Gongogi, Ilh\u00e9us, Itacar\u00e9, Mara\u00fa, Ubaitaba, Santa Luzia, Una e Uru\u00e7uca. O objetivo da entidade \u00e9 fortalecer a gest\u00e3o compartilhada da sa\u00fade p\u00fablica, garantindo mais efici\u00eancia, integra\u00e7\u00e3o e qualidade no atendimento \u00e0 [&hellip;]<\/p>\n","protected":false},"author":2,"featured_media":140774,"comment_status":"closed","ping_status":"open","sticky":false,"template":"","format":"standard","meta":[],"categories":[8],"tags":[],"_links":{"self":[{"href":"https:\/\/www.barragrande24horas.com.br\/v1\/wp-json\/wp\/v2\/posts\/140770"}],"collection":[{"href":"https:\/\/www.barragrande24horas.com.br\/v1\/wp-json\/wp\/v2\/posts"}],"about":[{"href":"https:\/\/www.barragrande24horas.com.br\/v1\/wp-json\/wp\/v2\/types\/post"}],"author":[{"embeddable":true,"href":"https:\/\/www.barragrande24horas.com.br\/v1\/wp-json\/wp\/v2\/users\/2"}],"replies":[{"embeddable":true,"href":"https:\/\/www.barragrande24horas.com.br\/v1\/wp-json\/wp\/v2\/comments?post=140770"}],"version-history":[{"count":1,"href":"https:\/\/www.barragrande24horas.com.br\/v1\/wp-json\/wp\/v2\/posts\/140770\/revisions"}],"predecessor-version":[{"id":140775,"href":"https:\/\/www.barragrande24horas.com.br\/v1\/wp-json\/wp\/v2\/posts\/140770\/revisions\/140775"}],"wp:featuredmedia":[{"embeddable":true,"href":"https:\/\/www.barragrande24horas.com.br\/v1\/wp-json\/wp\/v2\/media\/140774"}],"wp:attachment":[{"href":"https:\/\/www.barragrande24horas.com.br\/v1\/wp-json\/wp\/v2\/media?parent=140770"}],"wp:term":[{"taxonomy":"category","embeddable":true,"href":"https:\/\/www.barragrande24horas.com.br\/v1\/wp-json\/wp\/v2\/categories?post=140770"},{"taxonomy":"post_tag","embeddable":true,"href":"https:\/\/www.barragrande24horas.com.br\/v1\/wp-json\/wp\/v2\/tags?post=140770"}],"curies":[{"name":"wp","href":"https:\/\/api.w.org\/{rel}","templated":true}]}}