{"id":140739,"date":"2025-07-29T21:41:18","date_gmt":"2025-07-30T00:41:18","guid":{"rendered":"https:\/\/www.barragrande24horas.com.br\/v1\/?p=140739"},"modified":"2025-07-30T10:41:14","modified_gmt":"2025-07-30T13:41:14","slug":"ibirapitanga-realiza-1a-conferencia-municipal-de-politicas-para-as-mulheres","status":"publish","type":"post","link":"https:\/\/www.barragrande24horas.com.br\/v1\/2025\/07\/29\/ibirapitanga-realiza-1a-conferencia-municipal-de-politicas-para-as-mulheres\/","title":{"rendered":"IBIRAPITANGA REALIZA 1\u00aa CONFER\u00caNCIA MUNICIPAL DE POL\u00cdTICAS PARA AS MULHERES"},"content":{"rendered":"<p class=\"p1\" style=\"text-align: justify;\"><span class=\"s1\">\u00a0<\/span><\/p>\n<p style=\"text-align: justify;\">A Prefeitura de Ibirapitanga promoveu nesta segunda-feira (28) a VI Confer\u00eancia Municipal de Pol\u00edticas para as Mulheres, reunindo autoridades, especialistas e a comunidade na C\u00e2mara de Vereadores. O evento foi organizado pela Secretaria de Emprego e Renda, Mulher e Juventude, com foco na formula\u00e7\u00e3o de pol\u00edticas p\u00fablicas para equidade de g\u00eanero e garantia dos direitos das mulheres.<\/p>\n<p><img loading=\"lazy\" class=\"aligncenter wp-image-140740 size-full\" src=\"https:\/\/www.barragrande24horas.com.br\/v1\/wp-content\/uploads\/2025\/07\/IMG_9532.jpeg\" alt=\"\" width=\"750\" height=\"1000\" srcset=\"https:\/\/www.barragrande24horas.com.br\/v1\/wp-content\/uploads\/2025\/07\/IMG_9532.jpeg 750w, https:\/\/www.barragrande24horas.com.br\/v1\/wp-content\/uploads\/2025\/07\/IMG_9532-225x300.jpeg 225w\" sizes=\"(max-width: 750px) 100vw, 750px\" \/><\/p>\n<p style=\"text-align: justify;\">A programa\u00e7\u00e3o contou com palestras das advogadas Lara Kauark e Andr\u00e9a Peixoto, refer\u00eancias na luta pelos direitos das mulheres, Justi\u00e7a Restaurativa e enfrentamento \u00e0 viol\u00eancia dom\u00e9stica.<\/p>\n<p><img loading=\"lazy\" class=\"aligncenter wp-image-140743 size-full\" src=\"https:\/\/www.barragrande24horas.com.br\/v1\/wp-content\/uploads\/2025\/07\/IMG_9529.jpeg\" alt=\"\" width=\"750\" height=\"1000\" srcset=\"https:\/\/www.barragrande24horas.com.br\/v1\/wp-content\/uploads\/2025\/07\/IMG_9529.jpeg 750w, https:\/\/www.barragrande24horas.com.br\/v1\/wp-content\/uploads\/2025\/07\/IMG_9529-225x300.jpeg 225w\" sizes=\"(max-width: 750px) 100vw, 750px\" \/><\/p>\n<p style=\"text-align: justify;\">Foram debatidos quatro eixos centrais: governan\u00e7a e participa\u00e7\u00e3o popular; combate \u00e0 viol\u00eancia contra a mulher; autonomia financeira; e sa\u00fade integral, especialmente para mulheres cuidadoras.<\/p>\n<p style=\"text-align: justify;\">A confer\u00eancia teve como base as pr\u00e9-confer\u00eancias realizadas nos distritos de Itamarati, Novo Horizonte e Camamuzinho, garantindo representatividade das realidades locais.<\/p>\n<p><img loading=\"lazy\" class=\"size-medium wp-image-140741 alignleft\" src=\"https:\/\/www.barragrande24horas.com.br\/v1\/wp-content\/uploads\/2025\/07\/IMG_9531-225x300.jpeg\" alt=\"\" width=\"225\" height=\"300\" srcset=\"https:\/\/www.barragrande24horas.com.br\/v1\/wp-content\/uploads\/2025\/07\/IMG_9531-225x300.jpeg 225w, https:\/\/www.barragrande24horas.com.br\/v1\/wp-content\/uploads\/2025\/07\/IMG_9531.jpeg 750w\" sizes=\"(max-width: 225px) 100vw, 225px\" \/><\/p>\n<p style=\"text-align: justify;\">Para a secret\u00e1ria Eliada Oliveira, o evento fortaleceu a cidadania e impulsionou pautas fundamentais. \u201c\u00c9 um espa\u00e7o essencial para garantir direitos e promover a equidade de g\u00eanero em nosso munic\u00edpio\u201d, afirmou.<\/p>\n<p style=\"text-align: justify;\">Estiveram presentes o prefeito J\u00e9 Assun\u00e7\u00e3o, a vice-prefeita Val de Gude, a representante estadual Maise Zucco, vereadores, secret\u00e1rios e lideran\u00e7as femininas.<\/p>\n<p class=\"p1\" style=\"text-align: justify;\"><span class=\"s1\">\u00a0<\/span><\/p>\n","protected":false},"excerpt":{"rendered":"<p>\u00a0 A Prefeitura de Ibirapitanga promoveu nesta segunda-feira (28) a VI Confer\u00eancia Municipal de Pol\u00edticas para as Mulheres, reunindo autoridades, especialistas e a comunidade na C\u00e2mara de Vereadores. O evento foi organizado pela Secretaria de Emprego e Renda, Mulher e Juventude, com foco na formula\u00e7\u00e3o de pol\u00edticas p\u00fablicas para equidade de g\u00eanero e garantia dos direitos das mulheres. A programa\u00e7\u00e3o contou com palestras das advogadas Lara Kauark e Andr\u00e9a Peixoto, refer\u00eancias na luta pelos direitos das mulheres, Justi\u00e7a Restaurativa e enfrentamento \u00e0 viol\u00eancia dom\u00e9stica. Foram debatidos quatro eixos centrais: governan\u00e7a e participa\u00e7\u00e3o popular; combate \u00e0 viol\u00eancia contra a mulher; autonomia [&hellip;]<\/p>\n","protected":false},"author":2,"featured_media":140742,"comment_status":"closed","ping_status":"open","sticky":false,"template":"","format":"standard","meta":[],"categories":[23],"tags":[],"_links":{"self":[{"href":"https:\/\/www.barragrande24horas.com.br\/v1\/wp-json\/wp\/v2\/posts\/140739"}],"collection":[{"href":"https:\/\/www.barragrande24horas.com.br\/v1\/wp-json\/wp\/v2\/posts"}],"about":[{"href":"https:\/\/www.barragrande24horas.com.br\/v1\/wp-json\/wp\/v2\/types\/post"}],"author":[{"embeddable":true,"href":"https:\/\/www.barragrande24horas.com.br\/v1\/wp-json\/wp\/v2\/users\/2"}],"replies":[{"embeddable":true,"href":"https:\/\/www.barragrande24horas.com.br\/v1\/wp-json\/wp\/v2\/comments?post=140739"}],"version-history":[{"count":4,"href":"https:\/\/www.barragrande24horas.com.br\/v1\/wp-json\/wp\/v2\/posts\/140739\/revisions"}],"predecessor-version":[{"id":140748,"href":"https:\/\/www.barragrande24horas.com.br\/v1\/wp-json\/wp\/v2\/posts\/140739\/revisions\/140748"}],"wp:featuredmedia":[{"embeddable":true,"href":"https:\/\/www.barragrande24horas.com.br\/v1\/wp-json\/wp\/v2\/media\/140742"}],"wp:attachment":[{"href":"https:\/\/www.barragrande24horas.com.br\/v1\/wp-json\/wp\/v2\/media?parent=140739"}],"wp:term":[{"taxonomy":"category","embeddable":true,"href":"https:\/\/www.barragrande24horas.com.br\/v1\/wp-json\/wp\/v2\/categories?post=140739"},{"taxonomy":"post_tag","embeddable":true,"href":"https:\/\/www.barragrande24horas.com.br\/v1\/wp-json\/wp\/v2\/tags?post=140739"}],"curies":[{"name":"wp","href":"https:\/\/api.w.org\/{rel}","templated":true}]}}