{"id":140666,"date":"2026-03-06T13:21:57","date_gmt":"2026-03-06T16:21:57","guid":{"rendered":"https:\/\/www.barragrande24horas.com.br\/v1\/?p=140666"},"modified":"2026-03-06T13:21:57","modified_gmt":"2026-03-06T16:21:57","slug":"ao-lado-do-deputado-valmir-assuncao-vice-prefeito-paulino-recebe-ambulancia-4x4-para-marau","status":"publish","type":"post","link":"https:\/\/www.barragrande24horas.com.br\/v1\/2026\/03\/06\/ao-lado-do-deputado-valmir-assuncao-vice-prefeito-paulino-recebe-ambulancia-4x4-para-marau\/","title":{"rendered":"AO LADO DO DEPUTADO VALMIR ASSUN\u00c7\u00c3O, VICE-PREFEITO PAULINO RECEBE AMBUL\u00c2NCIA 4&#215;4 PARA MARA\u00da"},"content":{"rendered":"<p class=\"p1\" style=\"text-align: justify;\"><span class=\"s1\">O vice-prefeito de Mara\u00fa, <\/span><span class=\"s2\">Paulino<\/span><span class=\"s1\">, recebeu uma <\/span><span class=\"s2\">ambul\u00e2ncia 4&#215;4 destinada ao munic\u00edpio<\/span><span class=\"s1\">, ao lado do deputado federal <\/span><span class=\"s3\">Valmir Assun\u00e7\u00e3o<\/span><span class=\"s1\"> e de Gilson Reis, representando o prefeito <\/span><span class=\"s3\">Dr. Ravan<\/span><span class=\"s1\">. O ve\u00edculo foi conquistado por meio de <\/span><span class=\"s2\">emenda parlamentar do deputado<\/span><span class=\"s1\">, com o objetivo de refor\u00e7ar o atendimento de sa\u00fade e ampliar a capacidade de transporte de pacientes no munic\u00edpio.<\/span><\/p>\n<p><img loading=\"lazy\" class=\"aligncenter wp-image-142362 size-full\" src=\"https:\/\/www.barragrande24horas.com.br\/v1\/wp-content\/uploads\/2025\/07\/93976cf1-017f-44b3-a8dc-36a86a4400f9.jpeg\" alt=\"\" width=\"750\" height=\"1000\" srcset=\"https:\/\/www.barragrande24horas.com.br\/v1\/wp-content\/uploads\/2025\/07\/93976cf1-017f-44b3-a8dc-36a86a4400f9.jpeg 750w, https:\/\/www.barragrande24horas.com.br\/v1\/wp-content\/uploads\/2025\/07\/93976cf1-017f-44b3-a8dc-36a86a4400f9-225x300.jpeg 225w\" sizes=\"(max-width: 750px) 100vw, 750px\" \/><\/p>\n<p class=\"p1\" style=\"text-align: justify;\"><span class=\"s1\">A entrega do equipamento faz parte de um compromisso assumido pelo governador Jer\u00f4nimo Rodrigues durante agenda em Mara\u00fa, quando anunciou o envio de <\/span><span class=\"s2\">duas ambul\u00e2ncias e um ve\u00edculo para Tratamento Fora do Domic\u00edlio (TFD)<\/span><span class=\"s1\">, fortalecendo a estrutura da rede municipal de sa\u00fade.<\/span><\/p>\n<p class=\"p1\" style=\"text-align: justify;\"><span class=\"s1\">Durante o ato, o vice-prefeito Paulino agradeceu o empenho do deputado Valmir Assun\u00e7\u00e3o, destacando que o parlamentar tem destinado diversos recursos e equipamentos para Mara\u00fa. Segundo ele, a nova ambul\u00e2ncia 4&#215;4 ser\u00e1 fundamental para melhorar o atendimento, especialmente nas comunidades mais distantes e de dif\u00edcil acesso do munic\u00edpio, beneficiando diretamente a popula\u00e7\u00e3o marauense.<\/span><\/p>\n","protected":false},"excerpt":{"rendered":"<p>O vice-prefeito de Mara\u00fa, Paulino, recebeu uma ambul\u00e2ncia 4&#215;4 destinada ao munic\u00edpio, ao lado do deputado federal Valmir Assun\u00e7\u00e3o e de Gilson Reis, representando o prefeito Dr. Ravan. O ve\u00edculo foi conquistado por meio de emenda parlamentar do deputado, com o objetivo de refor\u00e7ar o atendimento de sa\u00fade e ampliar a capacidade de transporte de pacientes no munic\u00edpio. A entrega do equipamento faz parte de um compromisso assumido pelo governador Jer\u00f4nimo Rodrigues durante agenda em Mara\u00fa, quando anunciou o envio de duas ambul\u00e2ncias e um ve\u00edculo para Tratamento Fora do Domic\u00edlio (TFD), fortalecendo a estrutura da rede municipal de sa\u00fade. [&hellip;]<\/p>\n","protected":false},"author":2,"featured_media":142364,"comment_status":"closed","ping_status":"open","sticky":false,"template":"","format":"standard","meta":[],"categories":[27],"tags":[],"_links":{"self":[{"href":"https:\/\/www.barragrande24horas.com.br\/v1\/wp-json\/wp\/v2\/posts\/140666"}],"collection":[{"href":"https:\/\/www.barragrande24horas.com.br\/v1\/wp-json\/wp\/v2\/posts"}],"about":[{"href":"https:\/\/www.barragrande24horas.com.br\/v1\/wp-json\/wp\/v2\/types\/post"}],"author":[{"embeddable":true,"href":"https:\/\/www.barragrande24horas.com.br\/v1\/wp-json\/wp\/v2\/users\/2"}],"replies":[{"embeddable":true,"href":"https:\/\/www.barragrande24horas.com.br\/v1\/wp-json\/wp\/v2\/comments?post=140666"}],"version-history":[{"count":1,"href":"https:\/\/www.barragrande24horas.com.br\/v1\/wp-json\/wp\/v2\/posts\/140666\/revisions"}],"predecessor-version":[{"id":142365,"href":"https:\/\/www.barragrande24horas.com.br\/v1\/wp-json\/wp\/v2\/posts\/140666\/revisions\/142365"}],"wp:featuredmedia":[{"embeddable":true,"href":"https:\/\/www.barragrande24horas.com.br\/v1\/wp-json\/wp\/v2\/media\/142364"}],"wp:attachment":[{"href":"https:\/\/www.barragrande24horas.com.br\/v1\/wp-json\/wp\/v2\/media?parent=140666"}],"wp:term":[{"taxonomy":"category","embeddable":true,"href":"https:\/\/www.barragrande24horas.com.br\/v1\/wp-json\/wp\/v2\/categories?post=140666"},{"taxonomy":"post_tag","embeddable":true,"href":"https:\/\/www.barragrande24horas.com.br\/v1\/wp-json\/wp\/v2\/tags?post=140666"}],"curies":[{"name":"wp","href":"https:\/\/api.w.org\/{rel}","templated":true}]}}