{"id":140421,"date":"2025-07-04T21:25:05","date_gmt":"2025-07-05T00:25:05","guid":{"rendered":"https:\/\/www.barragrande24horas.com.br\/v1\/?p=140421"},"modified":"2025-07-04T21:25:05","modified_gmt":"2025-07-05T00:25:05","slug":"ronaldo-carletto-visita-ubaitaba-e-fortalece-parceria-com-a-prefeita-gracinha-viana","status":"publish","type":"post","link":"https:\/\/www.barragrande24horas.com.br\/v1\/2025\/07\/04\/ronaldo-carletto-visita-ubaitaba-e-fortalece-parceria-com-a-prefeita-gracinha-viana\/","title":{"rendered":"RONALDO CARLETTO VISITA UBAITABA E FORTALECE PARCERIA COM A PREFEITA GRACINHA VIANA"},"content":{"rendered":"<p class=\"p1\" style=\"text-align: justify;\"><span class=\"s1\">Na tarde desta sexta-feira, 04 de julho, a prefeita de Ubaitaba, Gracinha Viana, recebeu a visita do grande l\u00edder pol\u00edtico e presidente estadual do Avante, Ronaldo Carletto. A visita refor\u00e7a os la\u00e7os de parceria de mais de 20 anos com a prefeita e tamb\u00e9m o apoio pol\u00edtico \u00e0 gest\u00e3o municipal, que vem se destacando pelo compromisso com o desenvolvimento da cidade.<\/span><\/p>\n<p><img loading=\"lazy\" class=\"aligncenter wp-image-140423 size-full\" src=\"https:\/\/www.barragrande24horas.com.br\/v1\/wp-content\/uploads\/2025\/07\/IMG_7289.jpeg\" alt=\"\" width=\"800\" height=\"600\" srcset=\"https:\/\/www.barragrande24horas.com.br\/v1\/wp-content\/uploads\/2025\/07\/IMG_7289.jpeg 800w, https:\/\/www.barragrande24horas.com.br\/v1\/wp-content\/uploads\/2025\/07\/IMG_7289-300x225.jpeg 300w, https:\/\/www.barragrande24horas.com.br\/v1\/wp-content\/uploads\/2025\/07\/IMG_7289-768x576.jpeg 768w, https:\/\/www.barragrande24horas.com.br\/v1\/wp-content\/uploads\/2025\/07\/IMG_7289-180x135.jpeg 180w, https:\/\/www.barragrande24horas.com.br\/v1\/wp-content\/uploads\/2025\/07\/IMG_7289-400x300.jpeg 400w, https:\/\/www.barragrande24horas.com.br\/v1\/wp-content\/uploads\/2025\/07\/IMG_7289-600x450.jpeg 600w\" sizes=\"(max-width: 800px) 100vw, 800px\" \/><\/p>\n<p class=\"p1\" style=\"text-align: justify;\"><span class=\"s1\">O encontro contou com a presen\u00e7a do ex-prefeito de Gandu, L\u00e9o de Neco, que \u00e9 pr\u00e9-candidato a deputado estadual, do presidente da C\u00e2mara de Vereadores, Isaque do Armand\u00e3o, al\u00e9m dos vereadores Karol Viana, Messias Aguiar e Leomir, secret\u00e1rios e assessores da prefeita.<\/span><\/p>\n<p><img loading=\"lazy\" class=\"aligncenter wp-image-140422 size-full\" src=\"https:\/\/www.barragrande24horas.com.br\/v1\/wp-content\/uploads\/2025\/07\/IMG_7290.jpeg\" alt=\"\" width=\"800\" height=\"600\" srcset=\"https:\/\/www.barragrande24horas.com.br\/v1\/wp-content\/uploads\/2025\/07\/IMG_7290.jpeg 800w, https:\/\/www.barragrande24horas.com.br\/v1\/wp-content\/uploads\/2025\/07\/IMG_7290-300x225.jpeg 300w, https:\/\/www.barragrande24horas.com.br\/v1\/wp-content\/uploads\/2025\/07\/IMG_7290-768x576.jpeg 768w, https:\/\/www.barragrande24horas.com.br\/v1\/wp-content\/uploads\/2025\/07\/IMG_7290-180x135.jpeg 180w, https:\/\/www.barragrande24horas.com.br\/v1\/wp-content\/uploads\/2025\/07\/IMG_7290-400x300.jpeg 400w, https:\/\/www.barragrande24horas.com.br\/v1\/wp-content\/uploads\/2025\/07\/IMG_7290-600x450.jpeg 600w\" sizes=\"(max-width: 800px) 100vw, 800px\" \/><\/p>\n<p class=\"p1\" style=\"text-align: justify;\"><span class=\"s1\">Durante a visita, foram discutidos projetos, investimentos e estrat\u00e9gias para continuar avan\u00e7ando nas a\u00e7\u00f5es que beneficiam a popula\u00e7\u00e3o de Ubaitaba. A presen\u00e7a de Carletto simboliza n\u00e3o apenas apoio, mas tamb\u00e9m a confian\u00e7a na condu\u00e7\u00e3o respons\u00e1vel da administra\u00e7\u00e3o municipal.<\/span><\/p>\n","protected":false},"excerpt":{"rendered":"<p>Na tarde desta sexta-feira, 04 de julho, a prefeita de Ubaitaba, Gracinha Viana, recebeu a visita do grande l\u00edder pol\u00edtico e presidente estadual do Avante, Ronaldo Carletto. A visita refor\u00e7a os la\u00e7os de parceria de mais de 20 anos com a prefeita e tamb\u00e9m o apoio pol\u00edtico \u00e0 gest\u00e3o municipal, que vem se destacando pelo compromisso com o desenvolvimento da cidade. O encontro contou com a presen\u00e7a do ex-prefeito de Gandu, L\u00e9o de Neco, que \u00e9 pr\u00e9-candidato a deputado estadual, do presidente da C\u00e2mara de Vereadores, Isaque do Armand\u00e3o, al\u00e9m dos vereadores Karol Viana, Messias Aguiar e Leomir, secret\u00e1rios e [&hellip;]<\/p>\n","protected":false},"author":2,"featured_media":140424,"comment_status":"closed","ping_status":"open","sticky":false,"template":"","format":"standard","meta":[],"categories":[11],"tags":[],"_links":{"self":[{"href":"https:\/\/www.barragrande24horas.com.br\/v1\/wp-json\/wp\/v2\/posts\/140421"}],"collection":[{"href":"https:\/\/www.barragrande24horas.com.br\/v1\/wp-json\/wp\/v2\/posts"}],"about":[{"href":"https:\/\/www.barragrande24horas.com.br\/v1\/wp-json\/wp\/v2\/types\/post"}],"author":[{"embeddable":true,"href":"https:\/\/www.barragrande24horas.com.br\/v1\/wp-json\/wp\/v2\/users\/2"}],"replies":[{"embeddable":true,"href":"https:\/\/www.barragrande24horas.com.br\/v1\/wp-json\/wp\/v2\/comments?post=140421"}],"version-history":[{"count":1,"href":"https:\/\/www.barragrande24horas.com.br\/v1\/wp-json\/wp\/v2\/posts\/140421\/revisions"}],"predecessor-version":[{"id":140425,"href":"https:\/\/www.barragrande24horas.com.br\/v1\/wp-json\/wp\/v2\/posts\/140421\/revisions\/140425"}],"wp:featuredmedia":[{"embeddable":true,"href":"https:\/\/www.barragrande24horas.com.br\/v1\/wp-json\/wp\/v2\/media\/140424"}],"wp:attachment":[{"href":"https:\/\/www.barragrande24horas.com.br\/v1\/wp-json\/wp\/v2\/media?parent=140421"}],"wp:term":[{"taxonomy":"category","embeddable":true,"href":"https:\/\/www.barragrande24horas.com.br\/v1\/wp-json\/wp\/v2\/categories?post=140421"},{"taxonomy":"post_tag","embeddable":true,"href":"https:\/\/www.barragrande24horas.com.br\/v1\/wp-json\/wp\/v2\/tags?post=140421"}],"curies":[{"name":"wp","href":"https:\/\/api.w.org\/{rel}","templated":true}]}}