{"id":140417,"date":"2025-07-04T17:36:19","date_gmt":"2025-07-04T20:36:19","guid":{"rendered":"https:\/\/www.barragrande24horas.com.br\/v1\/?p=140417"},"modified":"2025-07-04T17:36:19","modified_gmt":"2025-07-04T20:36:19","slug":"itacare-realizara-i-conferencia-de-politicas-para-mulheres-e-da-passo-historico-pela-igualdade-de-genero","status":"publish","type":"post","link":"https:\/\/www.barragrande24horas.com.br\/v1\/2025\/07\/04\/itacare-realizara-i-conferencia-de-politicas-para-mulheres-e-da-passo-historico-pela-igualdade-de-genero\/","title":{"rendered":"ITACAR\u00c9 REALIZAR\u00c1 I CONFER\u00caNCIA DE POL\u00cdTICAS PARA MULHERES E D\u00c1 PASSO HIST\u00d3RICO PELA IGUALDADE DE G\u00caNERO"},"content":{"rendered":"<p style=\"text-align: justify;\">A Prefeitura de Itacar\u00e9, por meio da Secretaria Municipal de Mulheres, realizar\u00e1 a I Confer\u00eancia Municipal de Pol\u00edticas para Mulheres \u2014 um marco in\u00e9dito na cidade. O evento reunir\u00e1 mulheres de diversas comunidades para debater e propor a\u00e7\u00f5es que promovam a igualdade de g\u00eanero, o enfrentamento \u00e0 viol\u00eancia, a sa\u00fade, a educa\u00e7\u00e3o e a autonomia econ\u00f4mica.<\/p>\n<p><img loading=\"lazy\" class=\"aligncenter wp-image-140418 size-full\" src=\"https:\/\/www.barragrande24horas.com.br\/v1\/wp-content\/uploads\/2025\/07\/f3b0d525-061d-47f3-b157-779c7d2b17c9.jpeg\" alt=\"\" width=\"800\" height=\"1000\" srcset=\"https:\/\/www.barragrande24horas.com.br\/v1\/wp-content\/uploads\/2025\/07\/f3b0d525-061d-47f3-b157-779c7d2b17c9.jpeg 800w, https:\/\/www.barragrande24horas.com.br\/v1\/wp-content\/uploads\/2025\/07\/f3b0d525-061d-47f3-b157-779c7d2b17c9-240x300.jpeg 240w, https:\/\/www.barragrande24horas.com.br\/v1\/wp-content\/uploads\/2025\/07\/f3b0d525-061d-47f3-b157-779c7d2b17c9-768x960.jpeg 768w\" sizes=\"(max-width: 800px) 100vw, 800px\" \/><\/p>\n<p style=\"text-align: justify;\">A confer\u00eancia refor\u00e7a o compromisso da gest\u00e3o com a democracia participativa e a constru\u00e7\u00e3o de pol\u00edticas p\u00fablicas mais justas e inclusivas. Tamb\u00e9m ser\u00e3o eleitas delegadas que representar\u00e3o Itacar\u00e9 nas pr\u00f3ximas etapas do processo.<\/p>\n<p style=\"text-align: justify;\">Com o tema \u201cMais democracia, mais igualdade, mais conquistas para todas\u201d, a iniciativa representa um avan\u00e7o significativo na garantia de direitos e na valoriza\u00e7\u00e3o da voz feminina no munic\u00edpio.<\/p>\n","protected":false},"excerpt":{"rendered":"<p>A Prefeitura de Itacar\u00e9, por meio da Secretaria Municipal de Mulheres, realizar\u00e1 a I Confer\u00eancia Municipal de Pol\u00edticas para Mulheres \u2014 um marco in\u00e9dito na cidade. O evento reunir\u00e1 mulheres de diversas comunidades para debater e propor a\u00e7\u00f5es que promovam a igualdade de g\u00eanero, o enfrentamento \u00e0 viol\u00eancia, a sa\u00fade, a educa\u00e7\u00e3o e a autonomia econ\u00f4mica. A confer\u00eancia refor\u00e7a o compromisso da gest\u00e3o com a democracia participativa e a constru\u00e7\u00e3o de pol\u00edticas p\u00fablicas mais justas e inclusivas. Tamb\u00e9m ser\u00e3o eleitas delegadas que representar\u00e3o Itacar\u00e9 nas pr\u00f3ximas etapas do processo. Com o tema \u201cMais democracia, mais igualdade, mais conquistas para todas\u201d, [&hellip;]<\/p>\n","protected":false},"author":2,"featured_media":140419,"comment_status":"closed","ping_status":"open","sticky":false,"template":"","format":"standard","meta":[],"categories":[8],"tags":[],"_links":{"self":[{"href":"https:\/\/www.barragrande24horas.com.br\/v1\/wp-json\/wp\/v2\/posts\/140417"}],"collection":[{"href":"https:\/\/www.barragrande24horas.com.br\/v1\/wp-json\/wp\/v2\/posts"}],"about":[{"href":"https:\/\/www.barragrande24horas.com.br\/v1\/wp-json\/wp\/v2\/types\/post"}],"author":[{"embeddable":true,"href":"https:\/\/www.barragrande24horas.com.br\/v1\/wp-json\/wp\/v2\/users\/2"}],"replies":[{"embeddable":true,"href":"https:\/\/www.barragrande24horas.com.br\/v1\/wp-json\/wp\/v2\/comments?post=140417"}],"version-history":[{"count":1,"href":"https:\/\/www.barragrande24horas.com.br\/v1\/wp-json\/wp\/v2\/posts\/140417\/revisions"}],"predecessor-version":[{"id":140420,"href":"https:\/\/www.barragrande24horas.com.br\/v1\/wp-json\/wp\/v2\/posts\/140417\/revisions\/140420"}],"wp:featuredmedia":[{"embeddable":true,"href":"https:\/\/www.barragrande24horas.com.br\/v1\/wp-json\/wp\/v2\/media\/140419"}],"wp:attachment":[{"href":"https:\/\/www.barragrande24horas.com.br\/v1\/wp-json\/wp\/v2\/media?parent=140417"}],"wp:term":[{"taxonomy":"category","embeddable":true,"href":"https:\/\/www.barragrande24horas.com.br\/v1\/wp-json\/wp\/v2\/categories?post=140417"},{"taxonomy":"post_tag","embeddable":true,"href":"https:\/\/www.barragrande24horas.com.br\/v1\/wp-json\/wp\/v2\/tags?post=140417"}],"curies":[{"name":"wp","href":"https:\/\/api.w.org\/{rel}","templated":true}]}}