{"id":140364,"date":"2025-07-02T21:31:18","date_gmt":"2025-07-03T00:31:18","guid":{"rendered":"https:\/\/www.barragrande24horas.com.br\/v1\/?p=140364"},"modified":"2025-07-02T21:31:18","modified_gmt":"2025-07-03T00:31:18","slug":"camamu-prefeito-jairo-entrega-7-veiculos-em-grande-carreata-e-reforca-alta-aprovacao-popular","status":"publish","type":"post","link":"https:\/\/www.barragrande24horas.com.br\/v1\/2025\/07\/02\/camamu-prefeito-jairo-entrega-7-veiculos-em-grande-carreata-e-reforca-alta-aprovacao-popular\/","title":{"rendered":"CAMAMU: PREFEITO JAIRO ENTREGA 7 VE\u00cdCULOS EM GRANDE CARREATA E REFOR\u00c7A ALTA APROVA\u00c7\u00c3O POPULAR"},"content":{"rendered":"<p style=\"text-align: justify;\">\n<p style=\"text-align: justify;\">O munic\u00edpio de Camamu viveu um dia de festa e celebra\u00e7\u00e3o nesta semana com a entrega de 7 novos ve\u00edculos adquiridos por meio de emendas parlamentares. A entrega foi marcada por uma grande carreata liderada pelo prefeito Jairo de Camamu, que percorreu as principais ruas da cidade ao lado de lideran\u00e7as pol\u00edticas, servidores e moradores.<\/p>\n<p><img loading=\"lazy\" class=\"aligncenter wp-image-140367 size-full\" src=\"https:\/\/www.barragrande24horas.com.br\/v1\/wp-content\/uploads\/2025\/07\/bf538d09-46a3-4739-8cac-c81e71157bdb.jpeg\" alt=\"\" width=\"800\" height=\"533\" srcset=\"https:\/\/www.barragrande24horas.com.br\/v1\/wp-content\/uploads\/2025\/07\/bf538d09-46a3-4739-8cac-c81e71157bdb.jpeg 800w, https:\/\/www.barragrande24horas.com.br\/v1\/wp-content\/uploads\/2025\/07\/bf538d09-46a3-4739-8cac-c81e71157bdb-300x200.jpeg 300w, https:\/\/www.barragrande24horas.com.br\/v1\/wp-content\/uploads\/2025\/07\/bf538d09-46a3-4739-8cac-c81e71157bdb-768x512.jpeg 768w\" sizes=\"(max-width: 800px) 100vw, 800px\" \/><\/p>\n<p style=\"text-align: justify;\">Com apenas seis meses de mandato, Jairo tem conquistado reconhecimento por sua atua\u00e7\u00e3o presente e pelas entregas concretas que j\u00e1 come\u00e7am a transformar o dia a dia da popula\u00e7\u00e3o. A nova frota refor\u00e7ar\u00e1 os servi\u00e7os nas \u00e1reas de sa\u00fade, educa\u00e7\u00e3o, infraestrutura e agricultura.<\/p>\n<p><img loading=\"lazy\" class=\"aligncenter wp-image-140369 size-full\" src=\"https:\/\/www.barragrande24horas.com.br\/v1\/wp-content\/uploads\/2025\/07\/3e7a553a-3d82-436a-984c-3581202f0a63.jpeg\" alt=\"\" width=\"800\" height=\"533\" srcset=\"https:\/\/www.barragrande24horas.com.br\/v1\/wp-content\/uploads\/2025\/07\/3e7a553a-3d82-436a-984c-3581202f0a63.jpeg 800w, https:\/\/www.barragrande24horas.com.br\/v1\/wp-content\/uploads\/2025\/07\/3e7a553a-3d82-436a-984c-3581202f0a63-300x200.jpeg 300w, https:\/\/www.barragrande24horas.com.br\/v1\/wp-content\/uploads\/2025\/07\/3e7a553a-3d82-436a-984c-3581202f0a63-768x512.jpeg 768w\" sizes=\"(max-width: 800px) 100vw, 800px\" \/><\/p>\n<p style=\"text-align: justify;\">Entre os ve\u00edculos entregues est\u00e3o:<br \/>\n\u2022 Patrol \u2013 emenda do deputado federal Alex Santana<br \/>\n\u2022 Retroescavadeira \u2013 emenda do deputado federal Ant\u00f4nio Brito<br \/>\n\u2022 Trator agr\u00edcola \u2013 emenda da deputada federal Alice Portugal<br \/>\n\u2022 Ambul\u00e2ncia do SAMU \u2013 emendas dos deputados Neto Carletto e Niltinho<br \/>\n\u2022 Ve\u00edculo Toyota para a Sa\u00fade \u2013 emenda do deputado estadual Roberto Carlos<br \/>\n\u2022 Micro-\u00f4nibus escolar \u2013 emenda do deputado estadual Niltinho<br \/>\n\u2022 Asfaltamento de vias \u2013 obra garantida por emenda do deputado federal Neto Carletto<\/p>\n<p><img loading=\"lazy\" class=\"aligncenter wp-image-140371 size-full\" src=\"https:\/\/www.barragrande24horas.com.br\/v1\/wp-content\/uploads\/2025\/07\/1064f098-c603-436c-9d8b-e868ef9e1d92.jpeg\" alt=\"\" width=\"800\" height=\"533\" srcset=\"https:\/\/www.barragrande24horas.com.br\/v1\/wp-content\/uploads\/2025\/07\/1064f098-c603-436c-9d8b-e868ef9e1d92.jpeg 800w, https:\/\/www.barragrande24horas.com.br\/v1\/wp-content\/uploads\/2025\/07\/1064f098-c603-436c-9d8b-e868ef9e1d92-300x200.jpeg 300w, https:\/\/www.barragrande24horas.com.br\/v1\/wp-content\/uploads\/2025\/07\/1064f098-c603-436c-9d8b-e868ef9e1d92-768x512.jpeg 768w\" sizes=\"(max-width: 800px) 100vw, 800px\" \/><\/p>\n<p style=\"text-align: justify;\">A a\u00e7\u00e3o \u00e9 parte dos esfor\u00e7os da atual gest\u00e3o para melhorar a infraestrutura da cidade e ampliar a qualidade dos servi\u00e7os p\u00fablicos. Segundo moradores, a presen\u00e7a constante do prefeito nos bairros e distritos tem fortalecido a confian\u00e7a da popula\u00e7\u00e3o no governo municipal.<\/p>\n<p><img loading=\"lazy\" class=\"aligncenter wp-image-140366 size-full\" src=\"https:\/\/www.barragrande24horas.com.br\/v1\/wp-content\/uploads\/2025\/07\/d28e67cc-c95b-4de2-a30f-1a5acc7738dd.jpeg\" alt=\"\" width=\"800\" height=\"533\" srcset=\"https:\/\/www.barragrande24horas.com.br\/v1\/wp-content\/uploads\/2025\/07\/d28e67cc-c95b-4de2-a30f-1a5acc7738dd.jpeg 800w, https:\/\/www.barragrande24horas.com.br\/v1\/wp-content\/uploads\/2025\/07\/d28e67cc-c95b-4de2-a30f-1a5acc7738dd-300x200.jpeg 300w, https:\/\/www.barragrande24horas.com.br\/v1\/wp-content\/uploads\/2025\/07\/d28e67cc-c95b-4de2-a30f-1a5acc7738dd-768x512.jpeg 768w\" sizes=\"(max-width: 800px) 100vw, 800px\" \/><\/p>\n<p style=\"text-align: justify;\">A aprova\u00e7\u00e3o de Jairo tem crescido de forma significativa, impulsionada por iniciativas que unem articula\u00e7\u00e3o pol\u00edtica, execu\u00e7\u00e3o \u00e1gil e compromisso com o bem-estar da comunidade. A carreata foi tamb\u00e9m um momento simb\u00f3lico que refletiu a ades\u00e3o popular ao projeto de gest\u00e3o que vem sendo implantado.<\/p>\n","protected":false},"excerpt":{"rendered":"<p>O munic\u00edpio de Camamu viveu um dia de festa e celebra\u00e7\u00e3o nesta semana com a entrega de 7 novos ve\u00edculos adquiridos por meio de emendas parlamentares. A entrega foi marcada por uma grande carreata liderada pelo prefeito Jairo de Camamu, que percorreu as principais ruas da cidade ao lado de lideran\u00e7as pol\u00edticas, servidores e moradores. Com apenas seis meses de mandato, Jairo tem conquistado reconhecimento por sua atua\u00e7\u00e3o presente e pelas entregas concretas que j\u00e1 come\u00e7am a transformar o dia a dia da popula\u00e7\u00e3o. A nova frota refor\u00e7ar\u00e1 os servi\u00e7os nas \u00e1reas de sa\u00fade, educa\u00e7\u00e3o, infraestrutura e agricultura. Entre os [&hellip;]<\/p>\n","protected":false},"author":2,"featured_media":140368,"comment_status":"closed","ping_status":"open","sticky":false,"template":"","format":"standard","meta":[],"categories":[8],"tags":[],"_links":{"self":[{"href":"https:\/\/www.barragrande24horas.com.br\/v1\/wp-json\/wp\/v2\/posts\/140364"}],"collection":[{"href":"https:\/\/www.barragrande24horas.com.br\/v1\/wp-json\/wp\/v2\/posts"}],"about":[{"href":"https:\/\/www.barragrande24horas.com.br\/v1\/wp-json\/wp\/v2\/types\/post"}],"author":[{"embeddable":true,"href":"https:\/\/www.barragrande24horas.com.br\/v1\/wp-json\/wp\/v2\/users\/2"}],"replies":[{"embeddable":true,"href":"https:\/\/www.barragrande24horas.com.br\/v1\/wp-json\/wp\/v2\/comments?post=140364"}],"version-history":[{"count":1,"href":"https:\/\/www.barragrande24horas.com.br\/v1\/wp-json\/wp\/v2\/posts\/140364\/revisions"}],"predecessor-version":[{"id":140373,"href":"https:\/\/www.barragrande24horas.com.br\/v1\/wp-json\/wp\/v2\/posts\/140364\/revisions\/140373"}],"wp:featuredmedia":[{"embeddable":true,"href":"https:\/\/www.barragrande24horas.com.br\/v1\/wp-json\/wp\/v2\/media\/140368"}],"wp:attachment":[{"href":"https:\/\/www.barragrande24horas.com.br\/v1\/wp-json\/wp\/v2\/media?parent=140364"}],"wp:term":[{"taxonomy":"category","embeddable":true,"href":"https:\/\/www.barragrande24horas.com.br\/v1\/wp-json\/wp\/v2\/categories?post=140364"},{"taxonomy":"post_tag","embeddable":true,"href":"https:\/\/www.barragrande24horas.com.br\/v1\/wp-json\/wp\/v2\/tags?post=140364"}],"curies":[{"name":"wp","href":"https:\/\/api.w.org\/{rel}","templated":true}]}}