{"id":140353,"date":"2025-07-01T15:00:36","date_gmt":"2025-07-01T18:00:36","guid":{"rendered":"https:\/\/www.barragrande24horas.com.br\/v1\/?p=140353"},"modified":"2025-07-01T15:00:36","modified_gmt":"2025-07-01T18:00:36","slug":"marau-celebra-o-2-de-julho-com-desfile-civico-cultura-e-shows-musicais","status":"publish","type":"post","link":"https:\/\/www.barragrande24horas.com.br\/v1\/2025\/07\/01\/marau-celebra-o-2-de-julho-com-desfile-civico-cultura-e-shows-musicais\/","title":{"rendered":"MARA\u00da CELEBRA O 2 DE JULHO COM DESFILE C\u00cdVICO, CULTURA E SHOWS MUSICAIS"},"content":{"rendered":"<p class=\"p1\" style=\"text-align: justify;\"><span class=\"s1\">A cidade de Mara\u00fa, no litoral sul da Bahia, vai viver um dia especial nesta quarta-feira, 2 de julho, em comemora\u00e7\u00e3o \u00e0 Independ\u00eancia da Bahia. O tradicional desfile c\u00edvico promete tomar conta das ruas com o tema \u201cBatalha de Mara\u00fa\u201d, resgatando a mem\u00f3ria hist\u00f3rica local e exaltando o orgulho baiano.<\/span><\/p>\n<p><img loading=\"lazy\" class=\"aligncenter wp-image-140355 size-full\" src=\"https:\/\/www.barragrande24horas.com.br\/v1\/wp-content\/uploads\/2025\/07\/IMG_7001.jpeg\" alt=\"\" width=\"800\" height=\"839\" srcset=\"https:\/\/www.barragrande24horas.com.br\/v1\/wp-content\/uploads\/2025\/07\/IMG_7001.jpeg 800w, https:\/\/www.barragrande24horas.com.br\/v1\/wp-content\/uploads\/2025\/07\/IMG_7001-286x300.jpeg 286w, https:\/\/www.barragrande24horas.com.br\/v1\/wp-content\/uploads\/2025\/07\/IMG_7001-768x805.jpeg 768w\" sizes=\"(max-width: 800px) 100vw, 800px\" \/><\/p>\n<p class=\"p1\" style=\"text-align: justify;\"><span class=\"s1\">A concentra\u00e7\u00e3o est\u00e1 marcada para as 15h, em frente \u00e0 Mercearia Empata Viagem. De l\u00e1, a emo\u00e7\u00e3o toma conta com a participa\u00e7\u00e3o da Filarm\u00f4nica e da Banda Afro Raiz, que v\u00e3o embalar o p\u00fablico com ritmos tradicionais e envolventes. Brincadeiras como \u201cquebra-pote\u201d e \u201cpau de sebo\u201d tamb\u00e9m fazem parte da programa\u00e7\u00e3o, garantindo momentos de divers\u00e3o e tradi\u00e7\u00e3o para toda a fam\u00edlia.<\/span><\/p>\n<p class=\"p1\" style=\"text-align: justify;\"><span class=\"s1\">A partir das 17h, a festa continua na pra\u00e7a central com apresenta\u00e7\u00f5es culturais que destacam a riqueza art\u00edstica da regi\u00e3o. E para encerrar a noite em grande estilo, os shows de W. Luz e K\u00e9rcia Vicente prometem levantar o p\u00fablico a partir das 19h, com muita m\u00fasica e anima\u00e7\u00e3o.<\/span><\/p>\n<p class=\"p1\" style=\"text-align: justify;\"><span class=\"s1\">O evento \u00e9 promovido pela Prefeitura de Mara\u00fa, com apoio das secretarias de Cultura e Eventos, Desenvolvimento Social e Educa\u00e7\u00e3o, numa verdadeira integra\u00e7\u00e3o de esfor\u00e7os para oferecer \u00e0 popula\u00e7\u00e3o um dia de celebra\u00e7\u00e3o, mem\u00f3ria e orgulho.<\/span><\/p>\n<p class=\"p1\" style=\"text-align: justify;\"><span class=\"s1\">O 2 de Julho em Mara\u00fa \u00e9 mais que uma data hist\u00f3rica \u2014 \u00e9 um momento de uni\u00e3o, identidade e valoriza\u00e7\u00e3o da cultura local. Moradores e visitantes est\u00e3o convidados a participar dessa grande festa!<\/span><\/p>\n","protected":false},"excerpt":{"rendered":"<p>A cidade de Mara\u00fa, no litoral sul da Bahia, vai viver um dia especial nesta quarta-feira, 2 de julho, em comemora\u00e7\u00e3o \u00e0 Independ\u00eancia da Bahia. O tradicional desfile c\u00edvico promete tomar conta das ruas com o tema \u201cBatalha de Mara\u00fa\u201d, resgatando a mem\u00f3ria hist\u00f3rica local e exaltando o orgulho baiano. A concentra\u00e7\u00e3o est\u00e1 marcada para as 15h, em frente \u00e0 Mercearia Empata Viagem. De l\u00e1, a emo\u00e7\u00e3o toma conta com a participa\u00e7\u00e3o da Filarm\u00f4nica e da Banda Afro Raiz, que v\u00e3o embalar o p\u00fablico com ritmos tradicionais e envolventes. Brincadeiras como \u201cquebra-pote\u201d e \u201cpau de sebo\u201d tamb\u00e9m fazem parte da [&hellip;]<\/p>\n","protected":false},"author":2,"featured_media":140354,"comment_status":"closed","ping_status":"open","sticky":false,"template":"","format":"standard","meta":[],"categories":[23],"tags":[],"_links":{"self":[{"href":"https:\/\/www.barragrande24horas.com.br\/v1\/wp-json\/wp\/v2\/posts\/140353"}],"collection":[{"href":"https:\/\/www.barragrande24horas.com.br\/v1\/wp-json\/wp\/v2\/posts"}],"about":[{"href":"https:\/\/www.barragrande24horas.com.br\/v1\/wp-json\/wp\/v2\/types\/post"}],"author":[{"embeddable":true,"href":"https:\/\/www.barragrande24horas.com.br\/v1\/wp-json\/wp\/v2\/users\/2"}],"replies":[{"embeddable":true,"href":"https:\/\/www.barragrande24horas.com.br\/v1\/wp-json\/wp\/v2\/comments?post=140353"}],"version-history":[{"count":1,"href":"https:\/\/www.barragrande24horas.com.br\/v1\/wp-json\/wp\/v2\/posts\/140353\/revisions"}],"predecessor-version":[{"id":140356,"href":"https:\/\/www.barragrande24horas.com.br\/v1\/wp-json\/wp\/v2\/posts\/140353\/revisions\/140356"}],"wp:featuredmedia":[{"embeddable":true,"href":"https:\/\/www.barragrande24horas.com.br\/v1\/wp-json\/wp\/v2\/media\/140354"}],"wp:attachment":[{"href":"https:\/\/www.barragrande24horas.com.br\/v1\/wp-json\/wp\/v2\/media?parent=140353"}],"wp:term":[{"taxonomy":"category","embeddable":true,"href":"https:\/\/www.barragrande24horas.com.br\/v1\/wp-json\/wp\/v2\/categories?post=140353"},{"taxonomy":"post_tag","embeddable":true,"href":"https:\/\/www.barragrande24horas.com.br\/v1\/wp-json\/wp\/v2\/tags?post=140353"}],"curies":[{"name":"wp","href":"https:\/\/api.w.org\/{rel}","templated":true}]}}