{"id":140266,"date":"2025-06-20T12:14:20","date_gmt":"2025-06-20T15:14:20","guid":{"rendered":"https:\/\/www.barragrande24horas.com.br\/v1\/?p=140266"},"modified":"2025-06-20T12:16:11","modified_gmt":"2025-06-20T15:16:11","slug":"multidao-invade-a-beira-rio-em-noite-historica-com-vitor-fernandes-e-solange-almeida-no-sao-joao-de-ubaitaba","status":"publish","type":"post","link":"https:\/\/www.barragrande24horas.com.br\/v1\/2025\/06\/20\/multidao-invade-a-beira-rio-em-noite-historica-com-vitor-fernandes-e-solange-almeida-no-sao-joao-de-ubaitaba\/","title":{"rendered":"MULTID\u00c3O INVADE A BEIRA RIO EM NOITE HIST\u00d3RICA COM VITOR FERNANDES E SOLANGE ALMEIDA NO S\u00c3O JO\u00c3O DE UBAITABA!"},"content":{"rendered":"<p class=\"p1\" style=\"text-align: justify;\"><span class=\"s1\">Depois de muitos anos, Ubaitaba voltou a respirar o verdadeiro esp\u00edrito junino como h\u00e1 muito n\u00e3o se via. A primeira noite do S\u00e3o Jo\u00e3o de Ubaitaba foi simplesmente hist\u00f3rica e superou todas as expectativas, reunindo uma multid\u00e3o na tradicional Beira Rio, que se transformou no maior palco da cultura nordestina na regi\u00e3o.<\/span><\/p>\n<p><img loading=\"lazy\" class=\"aligncenter wp-image-140271 size-full\" src=\"https:\/\/www.barragrande24horas.com.br\/v1\/wp-content\/uploads\/2025\/06\/IMG_6309.jpeg\" alt=\"\" width=\"800\" height=\"450\" srcset=\"https:\/\/www.barragrande24horas.com.br\/v1\/wp-content\/uploads\/2025\/06\/IMG_6309.jpeg 800w, https:\/\/www.barragrande24horas.com.br\/v1\/wp-content\/uploads\/2025\/06\/IMG_6309-300x169.jpeg 300w, https:\/\/www.barragrande24horas.com.br\/v1\/wp-content\/uploads\/2025\/06\/IMG_6309-768x432.jpeg 768w, https:\/\/www.barragrande24horas.com.br\/v1\/wp-content\/uploads\/2025\/06\/IMG_6309-400x225.jpeg 400w, https:\/\/www.barragrande24horas.com.br\/v1\/wp-content\/uploads\/2025\/06\/IMG_6309-600x338.jpeg 600w\" sizes=\"(max-width: 800px) 100vw, 800px\" \/><\/p>\n<p class=\"p1\" style=\"text-align: justify;\"><span class=\"s1\">A abertura oficial foi marcada pela apresenta\u00e7\u00e3o impec\u00e1vel da <\/span><span class=\"s2\">Quadrilha Explos\u00e3o de Ubaitaba<\/span><span class=\"s1\">, que arrancou aplausos do p\u00fablico com um espet\u00e1culo de cores, coreografias e muito brilho, mantendo viva a tradi\u00e7\u00e3o e a ess\u00eancia das festas juninas.<\/span><\/p>\n<p><img loading=\"lazy\" class=\"aligncenter wp-image-140268 size-full\" src=\"https:\/\/www.barragrande24horas.com.br\/v1\/wp-content\/uploads\/2025\/06\/efdca192-1695-4993-8ebd-074e048dfb90.jpeg\" alt=\"\" width=\"800\" height=\"452\" srcset=\"https:\/\/www.barragrande24horas.com.br\/v1\/wp-content\/uploads\/2025\/06\/efdca192-1695-4993-8ebd-074e048dfb90.jpeg 800w, https:\/\/www.barragrande24horas.com.br\/v1\/wp-content\/uploads\/2025\/06\/efdca192-1695-4993-8ebd-074e048dfb90-300x170.jpeg 300w, https:\/\/www.barragrande24horas.com.br\/v1\/wp-content\/uploads\/2025\/06\/efdca192-1695-4993-8ebd-074e048dfb90-768x434.jpeg 768w, https:\/\/www.barragrande24horas.com.br\/v1\/wp-content\/uploads\/2025\/06\/efdca192-1695-4993-8ebd-074e048dfb90-400x225.jpeg 400w, https:\/\/www.barragrande24horas.com.br\/v1\/wp-content\/uploads\/2025\/06\/efdca192-1695-4993-8ebd-074e048dfb90-600x338.jpeg 600w\" sizes=\"(max-width: 800px) 100vw, 800px\" \/><\/p>\n<p class=\"p1\" style=\"text-align: justify;\"><span class=\"s1\">O evento contou com a presen\u00e7a da prefeita <\/span><span class=\"s2\">Gracinha Viana<\/span><span class=\"s1\">, do vice-prefeito <\/span><span class=\"s2\">Beto da Padaria<\/span><span class=\"s1\">, da deputada estadual <\/span><span class=\"s2\">Soane Galv\u00e3o<\/span><span class=\"s1\">, do deputado estadual <\/span><span class=\"s2\">Niltinho<\/span><span class=\"s1\">, al\u00e9m do pr\u00e9-candidato a deputado estadual <\/span><span class=\"s2\">L\u00e9o de Neco<\/span><span class=\"s1\">e diversas lideran\u00e7as pol\u00edticas da cidade e da regi\u00e3o. Prefeitos de munic\u00edpios vizinhos tamb\u00e9m prestigiaram a festa, reconhecendo a for\u00e7a e a grandiosidade do S\u00e3o Jo\u00e3o de Ubaitaba.<\/span><\/p>\n<p><img loading=\"lazy\" class=\"aligncenter wp-image-140270 size-full\" src=\"https:\/\/www.barragrande24horas.com.br\/v1\/wp-content\/uploads\/2025\/06\/IMG_6310.jpeg\" alt=\"\" width=\"800\" height=\"450\" srcset=\"https:\/\/www.barragrande24horas.com.br\/v1\/wp-content\/uploads\/2025\/06\/IMG_6310.jpeg 800w, https:\/\/www.barragrande24horas.com.br\/v1\/wp-content\/uploads\/2025\/06\/IMG_6310-300x169.jpeg 300w, https:\/\/www.barragrande24horas.com.br\/v1\/wp-content\/uploads\/2025\/06\/IMG_6310-768x432.jpeg 768w, https:\/\/www.barragrande24horas.com.br\/v1\/wp-content\/uploads\/2025\/06\/IMG_6310-400x225.jpeg 400w, https:\/\/www.barragrande24horas.com.br\/v1\/wp-content\/uploads\/2025\/06\/IMG_6310-600x338.jpeg 600w\" sizes=\"(max-width: 800px) 100vw, 800px\" \/><\/p>\n<p class=\"p1\" style=\"text-align: justify;\"><span class=\"s1\">O palco virou o centro das emo\u00e7\u00f5es e das melhores vibra\u00e7\u00f5es. <\/span><span class=\"s2\">Solange Almeida<\/span><span class=\"s1\"> levou o p\u00fablico ao del\u00edrio com um show inesquec\u00edvel, repleto de sucessos que marcaram gera\u00e7\u00f5es. O clima seguiu animado e nost\u00e1lgico com o <\/span><span class=\"s2\">Forroz\u00e3o das Antigas<\/span><span class=\"s1\">, que fez todo mundo dan\u00e7ar agarradinho. E pra fechar com chave de ouro, <\/span><span class=\"s2\">Vitor Fernandes<\/span><span class=\"s1\"> encantou com seu repert\u00f3rio apaixonado e muito forr\u00f3, levando a multid\u00e3o at\u00e9 o amanhecer.<\/span><\/p>\n<p class=\"p1\" style=\"text-align: justify;\"><span class=\"s1\">Al\u00e9m das atra\u00e7\u00f5es musicais, o evento se destacou pela <\/span><span class=\"s2\">excelente organiza\u00e7\u00e3o<\/span><span class=\"s1\">, <\/span><span class=\"s2\">seguran\u00e7a refor\u00e7ada<\/span><span class=\"s1\"> e uma <\/span><span class=\"s2\">estrutura que ofereceu conforto e divers\u00e3o para todas as idades<\/span><span class=\"s1\">. Um verdadeiro espet\u00e1culo de cultura, tradi\u00e7\u00e3o e alegria, que ficar\u00e1 marcado na hist\u00f3ria de Ubaitaba.<\/span><\/p>\n<p class=\"p1\" style=\"text-align: justify;\"><span class=\"s1\">E se a primeira noite j\u00e1 foi um sucesso absoluto, o que vem por a\u00ed promete ser ainda mais incr\u00edvel! O <\/span><span class=\"s2\">S\u00e3o Jo\u00e3o de Ubaitaba continua nesta sexta (20) e s\u00e1bado (21)<\/span><span class=\"s1\">, com muito mais m\u00fasica, tradi\u00e7\u00e3o e aquele forr\u00f3 arretado que a gente ama!<\/span><\/p>\n","protected":false},"excerpt":{"rendered":"<p>Depois de muitos anos, Ubaitaba voltou a respirar o verdadeiro esp\u00edrito junino como h\u00e1 muito n\u00e3o se via. A primeira noite do S\u00e3o Jo\u00e3o de Ubaitaba foi simplesmente hist\u00f3rica e superou todas as expectativas, reunindo uma multid\u00e3o na tradicional Beira Rio, que se transformou no maior palco da cultura nordestina na regi\u00e3o. A abertura oficial foi marcada pela apresenta\u00e7\u00e3o impec\u00e1vel da Quadrilha Explos\u00e3o de Ubaitaba, que arrancou aplausos do p\u00fablico com um espet\u00e1culo de cores, coreografias e muito brilho, mantendo viva a tradi\u00e7\u00e3o e a ess\u00eancia das festas juninas. O evento contou com a presen\u00e7a da prefeita Gracinha Viana, do [&hellip;]<\/p>\n","protected":false},"author":2,"featured_media":140267,"comment_status":"closed","ping_status":"open","sticky":false,"template":"","format":"standard","meta":[],"categories":[24],"tags":[],"_links":{"self":[{"href":"https:\/\/www.barragrande24horas.com.br\/v1\/wp-json\/wp\/v2\/posts\/140266"}],"collection":[{"href":"https:\/\/www.barragrande24horas.com.br\/v1\/wp-json\/wp\/v2\/posts"}],"about":[{"href":"https:\/\/www.barragrande24horas.com.br\/v1\/wp-json\/wp\/v2\/types\/post"}],"author":[{"embeddable":true,"href":"https:\/\/www.barragrande24horas.com.br\/v1\/wp-json\/wp\/v2\/users\/2"}],"replies":[{"embeddable":true,"href":"https:\/\/www.barragrande24horas.com.br\/v1\/wp-json\/wp\/v2\/comments?post=140266"}],"version-history":[{"count":4,"href":"https:\/\/www.barragrande24horas.com.br\/v1\/wp-json\/wp\/v2\/posts\/140266\/revisions"}],"predecessor-version":[{"id":140274,"href":"https:\/\/www.barragrande24horas.com.br\/v1\/wp-json\/wp\/v2\/posts\/140266\/revisions\/140274"}],"wp:featuredmedia":[{"embeddable":true,"href":"https:\/\/www.barragrande24horas.com.br\/v1\/wp-json\/wp\/v2\/media\/140267"}],"wp:attachment":[{"href":"https:\/\/www.barragrande24horas.com.br\/v1\/wp-json\/wp\/v2\/media?parent=140266"}],"wp:term":[{"taxonomy":"category","embeddable":true,"href":"https:\/\/www.barragrande24horas.com.br\/v1\/wp-json\/wp\/v2\/categories?post=140266"},{"taxonomy":"post_tag","embeddable":true,"href":"https:\/\/www.barragrande24horas.com.br\/v1\/wp-json\/wp\/v2\/tags?post=140266"}],"curies":[{"name":"wp","href":"https:\/\/api.w.org\/{rel}","templated":true}]}}