{"id":140136,"date":"2025-06-11T21:27:00","date_gmt":"2025-06-12T00:27:00","guid":{"rendered":"https:\/\/www.barragrande24horas.com.br\/v1\/?p=140136"},"modified":"2025-06-11T21:27:00","modified_gmt":"2025-06-12T00:27:00","slug":"camamu-e-reconhecida-com-selo-de-transparencia-nos-festejos-juninos-pelo-ministerio-publico-da-bahia","status":"publish","type":"post","link":"https:\/\/www.barragrande24horas.com.br\/v1\/2025\/06\/11\/camamu-e-reconhecida-com-selo-de-transparencia-nos-festejos-juninos-pelo-ministerio-publico-da-bahia\/","title":{"rendered":"CAMAMU \u00c9 RECONHECIDA COM SELO DE TRANSPAR\u00caNCIA NOS FESTEJOS JUNINOS PELO MINIST\u00c9RIO P\u00daBLICO DA BAHIA"},"content":{"rendered":"<p class=\"p1\" style=\"text-align: justify;\"><span class=\"s1\">Camamu celebra 465 anos de hist\u00f3ria com um S\u00e3o Jo\u00e3o grandioso e, ao mesmo tempo, respons\u00e1vel. O munic\u00edpio foi reconhecido com o <\/span><span class=\"s2\">Selo de Transpar\u00eancia nos Festejos Juninos<\/span><span class=\"s1\">, concedido pelo <\/span><span class=\"s2\">Minist\u00e9rio P\u00fablico da Bahia (MPBA)<\/span><span class=\"s1\">, por sua ades\u00e3o volunt\u00e1ria \u00e0 iniciativa que exige a divulga\u00e7\u00e3o ampla de contratos e gastos com as festividades.<\/span><\/p>\n<p><img loading=\"lazy\" class=\"aligncenter wp-image-140139 size-full\" src=\"https:\/\/www.barragrande24horas.com.br\/v1\/wp-content\/uploads\/2025\/06\/IMG_5611.jpeg\" alt=\"\" width=\"800\" height=\"981\" srcset=\"https:\/\/www.barragrande24horas.com.br\/v1\/wp-content\/uploads\/2025\/06\/IMG_5611.jpeg 800w, https:\/\/www.barragrande24horas.com.br\/v1\/wp-content\/uploads\/2025\/06\/IMG_5611-245x300.jpeg 245w, https:\/\/www.barragrande24horas.com.br\/v1\/wp-content\/uploads\/2025\/06\/IMG_5611-768x942.jpeg 768w\" sizes=\"(max-width: 800px) 100vw, 800px\" \/><\/p>\n<p class=\"p1\" style=\"text-align: justify;\"><span class=\"s1\"><br \/>\nA a\u00e7\u00e3o tem apoio do <\/span><span class=\"s2\">TCE-BA<\/span><span class=\"s1\">, <\/span><span class=\"s2\">TCM-BA<\/span><span class=\"s1\"> e dos <\/span><span class=\"s2\">Minist\u00e9rios P\u00fablicos de Contas<\/span><span class=\"s1\">, e busca garantir o controle social e a boa aplica\u00e7\u00e3o do dinheiro p\u00fablico, promovendo a transpar\u00eancia ativa e o respeito \u00e0s prioridades locais.<\/span><\/p>\n<p><img loading=\"lazy\" class=\"aligncenter wp-image-140138 size-full\" src=\"https:\/\/www.barragrande24horas.com.br\/v1\/wp-content\/uploads\/2025\/06\/IMG_5612.jpeg\" alt=\"\" width=\"800\" height=\"908\" srcset=\"https:\/\/www.barragrande24horas.com.br\/v1\/wp-content\/uploads\/2025\/06\/IMG_5612.jpeg 800w, https:\/\/www.barragrande24horas.com.br\/v1\/wp-content\/uploads\/2025\/06\/IMG_5612-264x300.jpeg 264w, https:\/\/www.barragrande24horas.com.br\/v1\/wp-content\/uploads\/2025\/06\/IMG_5612-768x872.jpeg 768w\" sizes=\"(max-width: 800px) 100vw, 800px\" \/><\/p>\n<p class=\"p1\" style=\"text-align: justify;\"><span class=\"s1\">Para o prefeito <\/span><span class=\"s2\">Jairo Batista Cruz<\/span><span class=\"s1\">, o reconhecimento refor\u00e7a o compromisso de sua gest\u00e3o: \u201c\u00c9 poss\u00edvel fazer uma festa linda, valorizando nossa cultura, com responsabilidade e respeito ao povo.\u201d<\/span><\/p>\n<p class=\"p1\" style=\"text-align: justify;\"><span class=\"s2\">PROGRAMA\u00c7\u00c3O ESPECIAL<\/span><\/p>\n<p class=\"p1\" style=\"text-align: justify;\"><span class=\"s1\">De <\/span><span class=\"s2\">19 a 27 de junho<\/span><span class=\"s1\">, Camamu ser\u00e1 palco de grandes atra\u00e7\u00f5es nacionais e locais. Na <\/span><span class=\"s2\">Pra\u00e7a Dr. Francisco Xavier Borges<\/span><span class=\"s1\"> e na <\/span><span class=\"s2\">Orla Mar\u00edtima<\/span><span class=\"s1\">, o p\u00fablico poder\u00e1 curtir shows com:<\/span><\/p>\n<p class=\"p3\" style=\"text-align: justify;\"><span class=\"s1\"> \u2022 <\/span><span class=\"s2\">Dilsinho<\/span><\/p>\n<p class=\"p3\" style=\"text-align: justify;\"><span class=\"s1\"> \u2022 <\/span><span class=\"s2\">Lucy Alves<\/span><\/p>\n<p class=\"p3\" style=\"text-align: justify;\"><span class=\"s1\"> \u2022 <\/span><span class=\"s2\">Jaldo Rodrigues<\/span><\/p>\n<p class=\"p3\" style=\"text-align: justify;\"><span class=\"s1\"> \u2022 <\/span><span class=\"s2\">Marcynho Sensa\u00e7\u00e3o<\/span><\/p>\n<p class=\"p3\" style=\"text-align: justify;\"><span class=\"s1\"> \u2022 <\/span><span class=\"s2\">Can\u00e1rios do Reino<\/span><\/p>\n<p class=\"p3\" style=\"text-align: justify;\"><span class=\"s1\"> \u2022 <\/span><span class=\"s2\">Toque Dez<\/span><\/p>\n<p class=\"p3\" style=\"text-align: justify;\"><span class=\"s1\"> \u2022 E dezenas de artistas regionais como <\/span><span class=\"s2\">Fabiola Lins<\/span><span class=\"s1\">, <\/span><span class=\"s2\">Kauan Lima<\/span><span class=\"s1\">, <\/span><span class=\"s2\">Tagad\u00e1<\/span><span class=\"s1\">, <\/span><span class=\"s2\">Xote Sem D\u00f3<\/span><span class=\"s1\">, <\/span><span class=\"s2\">Hit Bacana<\/span><span class=\"s1\"> e muitos outros.<\/span><\/p>\n<p class=\"p3\" style=\"text-align: justify;\"><span class=\"s1\">Al\u00e9m de entretenimento, os festejos aquecem a economia local, impulsionando o turismo e valorizando a identidade cultural do povo camamuense.<\/span><\/p>\n","protected":false},"excerpt":{"rendered":"<p>Camamu celebra 465 anos de hist\u00f3ria com um S\u00e3o Jo\u00e3o grandioso e, ao mesmo tempo, respons\u00e1vel. O munic\u00edpio foi reconhecido com o Selo de Transpar\u00eancia nos Festejos Juninos, concedido pelo Minist\u00e9rio P\u00fablico da Bahia (MPBA), por sua ades\u00e3o volunt\u00e1ria \u00e0 iniciativa que exige a divulga\u00e7\u00e3o ampla de contratos e gastos com as festividades. A a\u00e7\u00e3o tem apoio do TCE-BA, TCM-BA e dos Minist\u00e9rios P\u00fablicos de Contas, e busca garantir o controle social e a boa aplica\u00e7\u00e3o do dinheiro p\u00fablico, promovendo a transpar\u00eancia ativa e o respeito \u00e0s prioridades locais. Para o prefeito Jairo Batista Cruz, o reconhecimento refor\u00e7a o compromisso [&hellip;]<\/p>\n","protected":false},"author":2,"featured_media":140137,"comment_status":"closed","ping_status":"open","sticky":false,"template":"","format":"standard","meta":[],"categories":[24],"tags":[],"_links":{"self":[{"href":"https:\/\/www.barragrande24horas.com.br\/v1\/wp-json\/wp\/v2\/posts\/140136"}],"collection":[{"href":"https:\/\/www.barragrande24horas.com.br\/v1\/wp-json\/wp\/v2\/posts"}],"about":[{"href":"https:\/\/www.barragrande24horas.com.br\/v1\/wp-json\/wp\/v2\/types\/post"}],"author":[{"embeddable":true,"href":"https:\/\/www.barragrande24horas.com.br\/v1\/wp-json\/wp\/v2\/users\/2"}],"replies":[{"embeddable":true,"href":"https:\/\/www.barragrande24horas.com.br\/v1\/wp-json\/wp\/v2\/comments?post=140136"}],"version-history":[{"count":1,"href":"https:\/\/www.barragrande24horas.com.br\/v1\/wp-json\/wp\/v2\/posts\/140136\/revisions"}],"predecessor-version":[{"id":140140,"href":"https:\/\/www.barragrande24horas.com.br\/v1\/wp-json\/wp\/v2\/posts\/140136\/revisions\/140140"}],"wp:featuredmedia":[{"embeddable":true,"href":"https:\/\/www.barragrande24horas.com.br\/v1\/wp-json\/wp\/v2\/media\/140137"}],"wp:attachment":[{"href":"https:\/\/www.barragrande24horas.com.br\/v1\/wp-json\/wp\/v2\/media?parent=140136"}],"wp:term":[{"taxonomy":"category","embeddable":true,"href":"https:\/\/www.barragrande24horas.com.br\/v1\/wp-json\/wp\/v2\/categories?post=140136"},{"taxonomy":"post_tag","embeddable":true,"href":"https:\/\/www.barragrande24horas.com.br\/v1\/wp-json\/wp\/v2\/tags?post=140136"}],"curies":[{"name":"wp","href":"https:\/\/api.w.org\/{rel}","templated":true}]}}