{"id":139791,"date":"2025-04-29T19:04:54","date_gmt":"2025-04-29T22:04:54","guid":{"rendered":"https:\/\/www.barragrande24horas.com.br\/v1\/?p=139791"},"modified":"2025-04-29T19:04:54","modified_gmt":"2025-04-29T22:04:54","slug":"prefeitura-de-itacare-antecipa-salarios-de-abril-e-decreta-ponto-facultativo-apos-feriado-do-trabalhador","status":"publish","type":"post","link":"https:\/\/www.barragrande24horas.com.br\/v1\/2025\/04\/29\/prefeitura-de-itacare-antecipa-salarios-de-abril-e-decreta-ponto-facultativo-apos-feriado-do-trabalhador\/","title":{"rendered":"PREFEITURA DE ITACAR\u00c9 ANTECIPA SAL\u00c1RIOS DE ABRIL E DECRETA PONTO FACULTATIVO AP\u00d3S FERIADO DO TRABALHADOR"},"content":{"rendered":"<p class=\"p1\" style=\"text-align: justify;\"><span class=\"s1\">A Prefeitura de Itacar\u00e9 anunciou, nesta ter\u00e7a-feira (29), o pagamento antecipado dos sal\u00e1rios dos servidores municipais referentes ao m\u00eas de abril. Os vencimentos ser\u00e3o creditados nos dias 29 e 30, permitindo que os trabalhadores possam aproveitar o feriado do <\/span><span class=\"s2\">Dia do Trabalhador<\/span><span class=\"s1\">, celebrado em 1\u00ba de maio, com mais tranquilidade, dignidade e seguran\u00e7a financeira.<\/span><\/p>\n<p class=\"p1\" style=\"text-align: justify;\"><span class=\"s1\">A antecipa\u00e7\u00e3o salarial \u00e9 uma medida adotada pela gest\u00e3o municipal como forma de valoriza\u00e7\u00e3o dos servidores e demonstra o compromisso da Prefeitura com aqueles que fazem a cidade funcionar diariamente.<\/span><\/p>\n<p class=\"p1\" style=\"text-align: justify;\"><span class=\"s1\">Al\u00e9m disso, foi decretado <\/span><span class=\"s2\">ponto facultativo<\/span><span class=\"s1\"> para a pr\u00f3xima sexta-feira, dia 02 de maio, o que estende o descanso dos servidores durante o feriado prolongado.<\/span><\/p>\n<p class=\"p1\" style=\"text-align: justify;\"><span class=\"s1\">\u201cEssa \u00e9 mais uma a\u00e7\u00e3o que refor\u00e7a o respeito e a responsabilidade da administra\u00e7\u00e3o p\u00fablica com o funcionalismo. Estamos garantindo que todos possam celebrar o Dia do Trabalhador com seus sal\u00e1rios em m\u00e3os e com mais tranquilidade\u201d, destacou a gest\u00e3o municipal, em nota oficial.<\/span><\/p>\n<p class=\"p1\" style=\"text-align: justify;\"><span class=\"s1\">Com equil\u00edbrio nas contas e planejamento, a Prefeitura de Itacar\u00e9 reafirma sua prioridade com o servidor p\u00fablico, mantendo em dia o pagamento dos sal\u00e1rios e investindo em pol\u00edticas de valoriza\u00e7\u00e3o do funcionalismo.<\/span><\/p>\n","protected":false},"excerpt":{"rendered":"<p>A Prefeitura de Itacar\u00e9 anunciou, nesta ter\u00e7a-feira (29), o pagamento antecipado dos sal\u00e1rios dos servidores municipais referentes ao m\u00eas de abril. Os vencimentos ser\u00e3o creditados nos dias 29 e 30, permitindo que os trabalhadores possam aproveitar o feriado do Dia do Trabalhador, celebrado em 1\u00ba de maio, com mais tranquilidade, dignidade e seguran\u00e7a financeira. A antecipa\u00e7\u00e3o salarial \u00e9 uma medida adotada pela gest\u00e3o municipal como forma de valoriza\u00e7\u00e3o dos servidores e demonstra o compromisso da Prefeitura com aqueles que fazem a cidade funcionar diariamente. Al\u00e9m disso, foi decretado ponto facultativo para a pr\u00f3xima sexta-feira, dia 02 de maio, o que [&hellip;]<\/p>\n","protected":false},"author":2,"featured_media":139792,"comment_status":"closed","ping_status":"open","sticky":false,"template":"","format":"standard","meta":[],"categories":[8],"tags":[],"_links":{"self":[{"href":"https:\/\/www.barragrande24horas.com.br\/v1\/wp-json\/wp\/v2\/posts\/139791"}],"collection":[{"href":"https:\/\/www.barragrande24horas.com.br\/v1\/wp-json\/wp\/v2\/posts"}],"about":[{"href":"https:\/\/www.barragrande24horas.com.br\/v1\/wp-json\/wp\/v2\/types\/post"}],"author":[{"embeddable":true,"href":"https:\/\/www.barragrande24horas.com.br\/v1\/wp-json\/wp\/v2\/users\/2"}],"replies":[{"embeddable":true,"href":"https:\/\/www.barragrande24horas.com.br\/v1\/wp-json\/wp\/v2\/comments?post=139791"}],"version-history":[{"count":1,"href":"https:\/\/www.barragrande24horas.com.br\/v1\/wp-json\/wp\/v2\/posts\/139791\/revisions"}],"predecessor-version":[{"id":139793,"href":"https:\/\/www.barragrande24horas.com.br\/v1\/wp-json\/wp\/v2\/posts\/139791\/revisions\/139793"}],"wp:featuredmedia":[{"embeddable":true,"href":"https:\/\/www.barragrande24horas.com.br\/v1\/wp-json\/wp\/v2\/media\/139792"}],"wp:attachment":[{"href":"https:\/\/www.barragrande24horas.com.br\/v1\/wp-json\/wp\/v2\/media?parent=139791"}],"wp:term":[{"taxonomy":"category","embeddable":true,"href":"https:\/\/www.barragrande24horas.com.br\/v1\/wp-json\/wp\/v2\/categories?post=139791"},{"taxonomy":"post_tag","embeddable":true,"href":"https:\/\/www.barragrande24horas.com.br\/v1\/wp-json\/wp\/v2\/tags?post=139791"}],"curies":[{"name":"wp","href":"https:\/\/api.w.org\/{rel}","templated":true}]}}