{"id":139386,"date":"2025-03-27T16:47:13","date_gmt":"2025-03-27T19:47:13","guid":{"rendered":"https:\/\/www.barragrande24horas.com.br\/v1\/?p=139386"},"modified":"2025-03-27T16:47:13","modified_gmt":"2025-03-27T19:47:13","slug":"secretario-de-educacao-anuncia-investimento-de-mais-de-2-milhoes-na-construcao-da-escola-sinval-malaquias-em-barra-grande","status":"publish","type":"post","link":"https:\/\/www.barragrande24horas.com.br\/v1\/2025\/03\/27\/secretario-de-educacao-anuncia-investimento-de-mais-de-2-milhoes-na-construcao-da-escola-sinval-malaquias-em-barra-grande\/","title":{"rendered":"SECRET\u00c1RIO DE EDUCA\u00c7\u00c3O ANUNCIA INVESTIMENTO DE MAIS DE 2 MILH\u00d5ES NA CONSTRU\u00c7\u00c3O DA ESCOLA SINVAL MALAQUIAS EM BARRA GRANDE"},"content":{"rendered":"<p class=\"p1\" style=\"text-align: justify;\"><span class=\"s1\">Na sess\u00e3o da C\u00e2mara de Vereadores da \u00faltima quarta-feira, 26\/03, o Secret\u00e1rio de Educa\u00e7\u00e3o de Mara\u00fa, Gustavo Porto, esteve na casa legislativa para falar sobre os trabalhos da pasta ao longo desse in\u00edcio de mandato. <\/span><\/p>\n<p class=\"p1\" style=\"text-align: justify;\"><span class=\"s1\">Ao ser questionado pelo Vereador Gustavo Magalh\u00e3es, sobre quando iniciaria a constru\u00e7\u00e3o da Sede do Col\u00e9gio Sinval Malaquias em Barra Grande, o titular da educa\u00e7\u00e3o prev\u00ea para pr\u00f3xima semana o in\u00edcio das obras.<\/span><\/p>\n<p><iframe loading=\"lazy\" title=\"SECRET\u00c1RIO DE EDUCA\u00c7\u00c3O ANUNCIA CONSTRU\u00c7\u00c3O DE ESCOLA EM BARRA GRANDE\" width=\"1200\" height=\"900\" src=\"https:\/\/www.youtube.com\/embed\/mSFJwLQ86BU?feature=oembed\" frameborder=\"0\" allow=\"accelerometer; autoplay; clipboard-write; encrypted-media; gyroscope; picture-in-picture; web-share\" referrerpolicy=\"strict-origin-when-cross-origin\" allowfullscreen><\/iframe><\/p>\n<p class=\"p1\" style=\"text-align: justify;\"><span class=\"s1\">O Secret\u00e1rio disse ainda que ser\u00e3o investidos mais de 2 milh\u00f5es de reais na constru\u00e7\u00e3o da unidade de ensino que contar\u00e1 com no m\u00ednimo 10 salas de aula e dois pavimentos. <\/span><\/p>\n","protected":false},"excerpt":{"rendered":"<p>Na sess\u00e3o da C\u00e2mara de Vereadores da \u00faltima quarta-feira, 26\/03, o Secret\u00e1rio de Educa\u00e7\u00e3o de Mara\u00fa, Gustavo Porto, esteve na casa legislativa para falar sobre os trabalhos da pasta ao longo desse in\u00edcio de mandato. Ao ser questionado pelo Vereador Gustavo Magalh\u00e3es, sobre quando iniciaria a constru\u00e7\u00e3o da Sede do Col\u00e9gio Sinval Malaquias em Barra Grande, o titular da educa\u00e7\u00e3o prev\u00ea para pr\u00f3xima semana o in\u00edcio das obras. O Secret\u00e1rio disse ainda que ser\u00e3o investidos mais de 2 milh\u00f5es de reais na constru\u00e7\u00e3o da unidade de ensino que contar\u00e1 com no m\u00ednimo 10 salas de aula e dois pavimentos.<\/p>\n","protected":false},"author":2,"featured_media":139387,"comment_status":"closed","ping_status":"open","sticky":false,"template":"","format":"standard","meta":[],"categories":[26],"tags":[],"_links":{"self":[{"href":"https:\/\/www.barragrande24horas.com.br\/v1\/wp-json\/wp\/v2\/posts\/139386"}],"collection":[{"href":"https:\/\/www.barragrande24horas.com.br\/v1\/wp-json\/wp\/v2\/posts"}],"about":[{"href":"https:\/\/www.barragrande24horas.com.br\/v1\/wp-json\/wp\/v2\/types\/post"}],"author":[{"embeddable":true,"href":"https:\/\/www.barragrande24horas.com.br\/v1\/wp-json\/wp\/v2\/users\/2"}],"replies":[{"embeddable":true,"href":"https:\/\/www.barragrande24horas.com.br\/v1\/wp-json\/wp\/v2\/comments?post=139386"}],"version-history":[{"count":1,"href":"https:\/\/www.barragrande24horas.com.br\/v1\/wp-json\/wp\/v2\/posts\/139386\/revisions"}],"predecessor-version":[{"id":139388,"href":"https:\/\/www.barragrande24horas.com.br\/v1\/wp-json\/wp\/v2\/posts\/139386\/revisions\/139388"}],"wp:featuredmedia":[{"embeddable":true,"href":"https:\/\/www.barragrande24horas.com.br\/v1\/wp-json\/wp\/v2\/media\/139387"}],"wp:attachment":[{"href":"https:\/\/www.barragrande24horas.com.br\/v1\/wp-json\/wp\/v2\/media?parent=139386"}],"wp:term":[{"taxonomy":"category","embeddable":true,"href":"https:\/\/www.barragrande24horas.com.br\/v1\/wp-json\/wp\/v2\/categories?post=139386"},{"taxonomy":"post_tag","embeddable":true,"href":"https:\/\/www.barragrande24horas.com.br\/v1\/wp-json\/wp\/v2\/tags?post=139386"}],"curies":[{"name":"wp","href":"https:\/\/api.w.org\/{rel}","templated":true}]}}