{"id":139314,"date":"2025-03-20T14:28:24","date_gmt":"2025-03-20T17:28:24","guid":{"rendered":"https:\/\/www.barragrande24horas.com.br\/v1\/?p=139314"},"modified":"2025-03-20T14:28:24","modified_gmt":"2025-03-20T17:28:24","slug":"sedes-ibirapitanga-realiza-capacitacao-tecnica-e-pratica-para-equipes-do-programa-primeira-infancia","status":"publish","type":"post","link":"https:\/\/www.barragrande24horas.com.br\/v1\/2025\/03\/20\/sedes-ibirapitanga-realiza-capacitacao-tecnica-e-pratica-para-equipes-do-programa-primeira-infancia\/","title":{"rendered":"SEDES IBIRAPITANGA REALIZA CAPACITA\u00c7\u00c3O T\u00c9CNICA E PR\u00c1TICA PARA EQUIPES DO PROGRAMA PRIMEIRA INF\u00c2NCIA"},"content":{"rendered":"<p class=\"p1\" style=\"text-align: justify;\"><span class=\"s1\">A forma\u00e7\u00e3o foi conduzida pela pedagoga Vandercleia Fiais, que apresentou diretrizes para os visitadores sobre a melhor forma de abordar os mun\u00edcipes e explicar os objetivos do programa. O treinamento foi dividido em dois momentos: uma parte te\u00f3rica, com orienta\u00e7\u00f5es e esclarecimento de d\u00favidas, e uma parte pr\u00e1tica, com visitas domiciliares.<\/span><\/p>\n<p><img loading=\"lazy\" class=\"aligncenter wp-image-139318 size-full\" src=\"https:\/\/www.barragrande24horas.com.br\/v1\/wp-content\/uploads\/2025\/03\/IMG_9053.jpeg\" alt=\"\" width=\"800\" height=\"600\" srcset=\"https:\/\/www.barragrande24horas.com.br\/v1\/wp-content\/uploads\/2025\/03\/IMG_9053.jpeg 800w, https:\/\/www.barragrande24horas.com.br\/v1\/wp-content\/uploads\/2025\/03\/IMG_9053-300x225.jpeg 300w, https:\/\/www.barragrande24horas.com.br\/v1\/wp-content\/uploads\/2025\/03\/IMG_9053-768x576.jpeg 768w, https:\/\/www.barragrande24horas.com.br\/v1\/wp-content\/uploads\/2025\/03\/IMG_9053-180x135.jpeg 180w, https:\/\/www.barragrande24horas.com.br\/v1\/wp-content\/uploads\/2025\/03\/IMG_9053-400x300.jpeg 400w, https:\/\/www.barragrande24horas.com.br\/v1\/wp-content\/uploads\/2025\/03\/IMG_9053-600x450.jpeg 600w\" sizes=\"(max-width: 800px) 100vw, 800px\" \/><\/p>\n<p class=\"p1\" style=\"text-align: justify;\"><span class=\"s1\">O secret\u00e1rio de Desenvolvimento Social, Xico Moreira, destacou a relev\u00e2ncia da capacita\u00e7\u00e3o para a qualidade do servi\u00e7o prestado. \u201cQualificar nossa equipe \u00e9 fundamental para garantir um atendimento humanizado e eficaz \u00e0s fam\u00edlias. O trabalho dos visitadores tem um impacto direto na primeira inf\u00e2ncia, contribuindo para o desenvolvimento das crian\u00e7as e o fortalecimento dos v\u00ednculos familiares\u201d, afirmou.<\/span><\/p>\n<p><img loading=\"lazy\" class=\"size-medium wp-image-139318 alignright\" src=\"https:\/\/www.barragrande24horas.com.br\/v1\/wp-content\/uploads\/2025\/03\/IMG_9053-300x225.jpeg\" alt=\"\" width=\"300\" height=\"225\" srcset=\"https:\/\/www.barragrande24horas.com.br\/v1\/wp-content\/uploads\/2025\/03\/IMG_9053-300x225.jpeg 300w, https:\/\/www.barragrande24horas.com.br\/v1\/wp-content\/uploads\/2025\/03\/IMG_9053-768x576.jpeg 768w, https:\/\/www.barragrande24horas.com.br\/v1\/wp-content\/uploads\/2025\/03\/IMG_9053-180x135.jpeg 180w, https:\/\/www.barragrande24horas.com.br\/v1\/wp-content\/uploads\/2025\/03\/IMG_9053-400x300.jpeg 400w, https:\/\/www.barragrande24horas.com.br\/v1\/wp-content\/uploads\/2025\/03\/IMG_9053-600x450.jpeg 600w, https:\/\/www.barragrande24horas.com.br\/v1\/wp-content\/uploads\/2025\/03\/IMG_9053.jpeg 800w\" sizes=\"(max-width: 300px) 100vw, 300px\" \/><\/p>\n<p class=\"p1\" style=\"text-align: justify;\"><span class=\"s1\">O Programa Primeira Inf\u00e2ncia no SUAS (Sistema \u00danico de Assist\u00eancia Social) \u00e9 uma iniciativa do Governo Federal, que visa promover o desenvolvimento infantil por meio do acompanhamento familiar e da oferta de suporte \u00e0s gestantes e crian\u00e7as de at\u00e9 seis anos em situa\u00e7\u00e3o de vulnerabilidade social. O programa busca fortalecer as rela\u00e7\u00f5es familiares e comunit\u00e1rias, garantindo direitos e oportunidades para a primeira inf\u00e2ncia.<\/span><\/p>\n","protected":false},"excerpt":{"rendered":"<p>A forma\u00e7\u00e3o foi conduzida pela pedagoga Vandercleia Fiais, que apresentou diretrizes para os visitadores sobre a melhor forma de abordar os mun\u00edcipes e explicar os objetivos do programa. O treinamento foi dividido em dois momentos: uma parte te\u00f3rica, com orienta\u00e7\u00f5es e esclarecimento de d\u00favidas, e uma parte pr\u00e1tica, com visitas domiciliares. O secret\u00e1rio de Desenvolvimento Social, Xico Moreira, destacou a relev\u00e2ncia da capacita\u00e7\u00e3o para a qualidade do servi\u00e7o prestado. \u201cQualificar nossa equipe \u00e9 fundamental para garantir um atendimento humanizado e eficaz \u00e0s fam\u00edlias. O trabalho dos visitadores tem um impacto direto na primeira inf\u00e2ncia, contribuindo para o desenvolvimento das crian\u00e7as [&hellip;]<\/p>\n","protected":false},"author":2,"featured_media":139317,"comment_status":"closed","ping_status":"open","sticky":false,"template":"","format":"standard","meta":[],"categories":[8],"tags":[],"_links":{"self":[{"href":"https:\/\/www.barragrande24horas.com.br\/v1\/wp-json\/wp\/v2\/posts\/139314"}],"collection":[{"href":"https:\/\/www.barragrande24horas.com.br\/v1\/wp-json\/wp\/v2\/posts"}],"about":[{"href":"https:\/\/www.barragrande24horas.com.br\/v1\/wp-json\/wp\/v2\/types\/post"}],"author":[{"embeddable":true,"href":"https:\/\/www.barragrande24horas.com.br\/v1\/wp-json\/wp\/v2\/users\/2"}],"replies":[{"embeddable":true,"href":"https:\/\/www.barragrande24horas.com.br\/v1\/wp-json\/wp\/v2\/comments?post=139314"}],"version-history":[{"count":2,"href":"https:\/\/www.barragrande24horas.com.br\/v1\/wp-json\/wp\/v2\/posts\/139314\/revisions"}],"predecessor-version":[{"id":139319,"href":"https:\/\/www.barragrande24horas.com.br\/v1\/wp-json\/wp\/v2\/posts\/139314\/revisions\/139319"}],"wp:featuredmedia":[{"embeddable":true,"href":"https:\/\/www.barragrande24horas.com.br\/v1\/wp-json\/wp\/v2\/media\/139317"}],"wp:attachment":[{"href":"https:\/\/www.barragrande24horas.com.br\/v1\/wp-json\/wp\/v2\/media?parent=139314"}],"wp:term":[{"taxonomy":"category","embeddable":true,"href":"https:\/\/www.barragrande24horas.com.br\/v1\/wp-json\/wp\/v2\/categories?post=139314"},{"taxonomy":"post_tag","embeddable":true,"href":"https:\/\/www.barragrande24horas.com.br\/v1\/wp-json\/wp\/v2\/tags?post=139314"}],"curies":[{"name":"wp","href":"https:\/\/api.w.org\/{rel}","templated":true}]}}