{"id":139083,"date":"2025-02-24T12:13:30","date_gmt":"2025-02-24T15:13:30","guid":{"rendered":"https:\/\/www.barragrande24horas.com.br\/v1\/?p=139083"},"modified":"2025-02-24T12:13:30","modified_gmt":"2025-02-24T15:13:30","slug":"ubaitaba-policia-civil-recebe-nova-viatura-prefeita-gracinha-participa-de-cerimonia-de-entrega","status":"publish","type":"post","link":"https:\/\/www.barragrande24horas.com.br\/v1\/2025\/02\/24\/ubaitaba-policia-civil-recebe-nova-viatura-prefeita-gracinha-participa-de-cerimonia-de-entrega\/","title":{"rendered":"UBAITABA: POL\u00cdCIA CIVIL RECEBE NOVA VIATURA; PREFEITA GRACINHA PARTICIPA DE CERIM\u00d4NIA DE ENTREGA"},"content":{"rendered":"<p class=\"p1\"><span class=\"s1\">Ubaitaba foi contemplada com uma nova viatura da Pol\u00edcia Civil na manh\u00e3 desta segunda-feira, 24. A prefeita Gracinha Viana (Avante) participou da cerim\u00f4nia de entrega do ve\u00edculo, que contou ainda com a presen\u00e7a do governador Jer\u00f4nimo Rodrigues, do Secret\u00e1rio de Seguran\u00e7a P\u00fablica Marcelo Werner, da Delegada Geral da Pol\u00edcia Civil Helo\u00edsa Campos, deputados estaduais e federais e prefeitos de mais de 260 cidades baianas.<\/span><\/p>\n<div id=\"attachment_139084\" style=\"width: 760px\" class=\"wp-caption aligncenter\"><img aria-describedby=\"caption-attachment-139084\" loading=\"lazy\" class=\"wp-image-139084 size-full\" src=\"https:\/\/www.barragrande24horas.com.br\/v1\/wp-content\/uploads\/2025\/02\/IMG_6833.jpeg\" alt=\"\" width=\"750\" height=\"1000\" srcset=\"https:\/\/www.barragrande24horas.com.br\/v1\/wp-content\/uploads\/2025\/02\/IMG_6833.jpeg 750w, https:\/\/www.barragrande24horas.com.br\/v1\/wp-content\/uploads\/2025\/02\/IMG_6833-225x300.jpeg 225w\" sizes=\"(max-width: 750px) 100vw, 750px\" \/><p id=\"caption-attachment-139084\" class=\"wp-caption-text\">PREFEITA GRACINHA VIANA AO LADO DO DEPUTADO FEDERAL NETO CARLETTO<\/p><\/div>\n<p class=\"p1\"><span class=\"s1\">A prefeita Gracinha Viana ressaltou a import\u00e2ncia da chegada do ve\u00edculo. \u201cUm refor\u00e7o importante para a seguran\u00e7a p\u00fablica de nosso munic\u00edpio, uma caminhonete que atende as demandas nas zonas rurais e urbanas e vai com certeza potencializar o trabalho de investiga\u00e7\u00e3o da Pol\u00edcia Civil de Ubaitaba por meio do nosso competente delegado Adelino Loyola e sua excelente equipe de investigadores\u201d, destacou a gestora.<\/span><\/p>\n<p class=\"p1\"><span class=\"s1\">Gracinha ainda lembrou que o Governo do Estado reconstruiu recentemente a Delegacia Territorial de Ubaitaba. \u201cA nossa gratid\u00e3o ao governador Jer\u00f4nimo Rodrigues pelo olhar sens\u00edvel \u00e0s demandas de nosso munic\u00edpio, promovendo investimentos n\u00e3o apenas em seguran\u00e7a p\u00fablica, mas em sa\u00fade, educa\u00e7\u00e3o e infraestrutura\u201d, finalizou. (Ascom)<\/span><\/p>\n","protected":false},"excerpt":{"rendered":"<p>Ubaitaba foi contemplada com uma nova viatura da Pol\u00edcia Civil na manh\u00e3 desta segunda-feira, 24. A prefeita Gracinha Viana (Avante) participou da cerim\u00f4nia de entrega do ve\u00edculo, que contou ainda com a presen\u00e7a do governador Jer\u00f4nimo Rodrigues, do Secret\u00e1rio de Seguran\u00e7a P\u00fablica Marcelo Werner, da Delegada Geral da Pol\u00edcia Civil Helo\u00edsa Campos, deputados estaduais e federais e prefeitos de mais de 260 cidades baianas. A prefeita Gracinha Viana ressaltou a import\u00e2ncia da chegada do ve\u00edculo. \u201cUm refor\u00e7o importante para a seguran\u00e7a p\u00fablica de nosso munic\u00edpio, uma caminhonete que atende as demandas nas zonas rurais e urbanas e vai com certeza [&hellip;]<\/p>\n","protected":false},"author":2,"featured_media":139085,"comment_status":"closed","ping_status":"open","sticky":false,"template":"","format":"standard","meta":[],"categories":[8],"tags":[],"_links":{"self":[{"href":"https:\/\/www.barragrande24horas.com.br\/v1\/wp-json\/wp\/v2\/posts\/139083"}],"collection":[{"href":"https:\/\/www.barragrande24horas.com.br\/v1\/wp-json\/wp\/v2\/posts"}],"about":[{"href":"https:\/\/www.barragrande24horas.com.br\/v1\/wp-json\/wp\/v2\/types\/post"}],"author":[{"embeddable":true,"href":"https:\/\/www.barragrande24horas.com.br\/v1\/wp-json\/wp\/v2\/users\/2"}],"replies":[{"embeddable":true,"href":"https:\/\/www.barragrande24horas.com.br\/v1\/wp-json\/wp\/v2\/comments?post=139083"}],"version-history":[{"count":1,"href":"https:\/\/www.barragrande24horas.com.br\/v1\/wp-json\/wp\/v2\/posts\/139083\/revisions"}],"predecessor-version":[{"id":139086,"href":"https:\/\/www.barragrande24horas.com.br\/v1\/wp-json\/wp\/v2\/posts\/139083\/revisions\/139086"}],"wp:featuredmedia":[{"embeddable":true,"href":"https:\/\/www.barragrande24horas.com.br\/v1\/wp-json\/wp\/v2\/media\/139085"}],"wp:attachment":[{"href":"https:\/\/www.barragrande24horas.com.br\/v1\/wp-json\/wp\/v2\/media?parent=139083"}],"wp:term":[{"taxonomy":"category","embeddable":true,"href":"https:\/\/www.barragrande24horas.com.br\/v1\/wp-json\/wp\/v2\/categories?post=139083"},{"taxonomy":"post_tag","embeddable":true,"href":"https:\/\/www.barragrande24horas.com.br\/v1\/wp-json\/wp\/v2\/tags?post=139083"}],"curies":[{"name":"wp","href":"https:\/\/api.w.org\/{rel}","templated":true}]}}