{"id":138989,"date":"2025-02-13T22:14:44","date_gmt":"2025-02-14T01:14:44","guid":{"rendered":"https:\/\/www.barragrande24horas.com.br\/v1\/?p=138989"},"modified":"2025-02-13T22:14:44","modified_gmt":"2025-02-14T01:14:44","slug":"com-joao-mateus-e-binho-shalom-programa-frequencia-politica-sera-transmitido-pela-radio-bahiana-fm-de-ilheus","status":"publish","type":"post","link":"https:\/\/www.barragrande24horas.com.br\/v1\/2025\/02\/13\/com-joao-mateus-e-binho-shalom-programa-frequencia-politica-sera-transmitido-pela-radio-bahiana-fm-de-ilheus\/","title":{"rendered":"COM JO\u00c3O MATEUS E BINHO SHALOM PROGRAMA FREQU\u00caNCIA POL\u00cdTICA SER\u00c1 TRANSMITIDO PELA R\u00c1DIO BAHIANA FM DE ILH\u00c9US"},"content":{"rendered":"<p class=\"p1\">\n<p class=\"p1\"><span class=\"s1\">A partir deste s\u00e1bado (15), o Programa Frequ\u00eancia Pol\u00edtica, j\u00e1 conhecido por sua transmiss\u00e3o nas r\u00e1dios Difusora AM e Interativa FM em Itabuna, dar\u00e1 um passo importante para ampliar sua influ\u00eancia, passando a ser veiculado tamb\u00e9m pela R\u00e1dio Bahiana de Ilh\u00e9us. Essa expans\u00e3o promete aumentar o alcance do programa em toda a regi\u00e3o sul da Bahia, uma estrat\u00e9gia estrat\u00e9gica para fortalecer o debate pol\u00edtico local e nacional. <\/span><\/p>\n<p class=\"p1\"><span class=\"s1\">Comandado por Binho Shalom e pelo comentarista pol\u00edtico Jo\u00e3o Matheus, a Frequ\u00eancia Pol\u00edtica vai ao ar todos os s\u00e1bados, das 10h \u00e0s 12h.<span class=\"Apple-converted-space\">\u00a0 <\/span>O programa se destaca por oferecer an\u00e1lises profundas dos principais eventos pol\u00edticos que moldam a regi\u00e3o, o estado da Bahia e o cen\u00e1rio brasileiro como um todo. <\/span><\/p>\n<p class=\"p1\"><span class=\"s1\">A inclus\u00e3o da R\u00e1dio Bahiana de Ilh\u00e9us na lista de acr\u00e9scimos do programa \u00e9 vista com entusiasmo pelos seus organizadores. \u201cEstamos animados com a oportunidade de alcan\u00e7ar ouvintes em Ilh\u00e9us e fortalecer ainda mais a discuss\u00e3o de temas que s\u00e3o cruciais para nossa comunidade\u201d, afirma Binho Shalom.<\/span><\/p>\n<p class=\"p1\"><span class=\"s1\">Os ouvintes podem sintonizar a Frequ\u00eancia Pol\u00edtica nas seguintes frequ\u00eancias:<\/span><\/p>\n<p class=\"p1\"><span class=\"s1\">\u2022 R\u00e1dio Difusora 640 AM<\/span><\/p>\n<p class=\"p1\"><span class=\"s1\">\u2022 Interativa 93.7 FM<\/span><\/p>\n<p class=\"p1\"><span class=\"s1\">\u2022 R\u00e1dio Bahiana de Ilh\u00e9us 13h10<\/span><\/p>\n<p class=\"p1\"><span class=\"s1\">A expectativa \u00e9 que a nova transmiss\u00e3o traga um p\u00fablico mais amplo e diversificado, contribuindo para enriquecer ainda mais as propostas pelo programa.<\/span><\/p>\n","protected":false},"excerpt":{"rendered":"<p>A partir deste s\u00e1bado (15), o Programa Frequ\u00eancia Pol\u00edtica, j\u00e1 conhecido por sua transmiss\u00e3o nas r\u00e1dios Difusora AM e Interativa FM em Itabuna, dar\u00e1 um passo importante para ampliar sua influ\u00eancia, passando a ser veiculado tamb\u00e9m pela R\u00e1dio Bahiana de Ilh\u00e9us. Essa expans\u00e3o promete aumentar o alcance do programa em toda a regi\u00e3o sul da Bahia, uma estrat\u00e9gia estrat\u00e9gica para fortalecer o debate pol\u00edtico local e nacional. Comandado por Binho Shalom e pelo comentarista pol\u00edtico Jo\u00e3o Matheus, a Frequ\u00eancia Pol\u00edtica vai ao ar todos os s\u00e1bados, das 10h \u00e0s 12h.\u00a0 O programa se destaca por oferecer an\u00e1lises profundas dos principais [&hellip;]<\/p>\n","protected":false},"author":2,"featured_media":138990,"comment_status":"closed","ping_status":"open","sticky":false,"template":"","format":"standard","meta":[],"categories":[8],"tags":[],"_links":{"self":[{"href":"https:\/\/www.barragrande24horas.com.br\/v1\/wp-json\/wp\/v2\/posts\/138989"}],"collection":[{"href":"https:\/\/www.barragrande24horas.com.br\/v1\/wp-json\/wp\/v2\/posts"}],"about":[{"href":"https:\/\/www.barragrande24horas.com.br\/v1\/wp-json\/wp\/v2\/types\/post"}],"author":[{"embeddable":true,"href":"https:\/\/www.barragrande24horas.com.br\/v1\/wp-json\/wp\/v2\/users\/2"}],"replies":[{"embeddable":true,"href":"https:\/\/www.barragrande24horas.com.br\/v1\/wp-json\/wp\/v2\/comments?post=138989"}],"version-history":[{"count":1,"href":"https:\/\/www.barragrande24horas.com.br\/v1\/wp-json\/wp\/v2\/posts\/138989\/revisions"}],"predecessor-version":[{"id":138991,"href":"https:\/\/www.barragrande24horas.com.br\/v1\/wp-json\/wp\/v2\/posts\/138989\/revisions\/138991"}],"wp:featuredmedia":[{"embeddable":true,"href":"https:\/\/www.barragrande24horas.com.br\/v1\/wp-json\/wp\/v2\/media\/138990"}],"wp:attachment":[{"href":"https:\/\/www.barragrande24horas.com.br\/v1\/wp-json\/wp\/v2\/media?parent=138989"}],"wp:term":[{"taxonomy":"category","embeddable":true,"href":"https:\/\/www.barragrande24horas.com.br\/v1\/wp-json\/wp\/v2\/categories?post=138989"},{"taxonomy":"post_tag","embeddable":true,"href":"https:\/\/www.barragrande24horas.com.br\/v1\/wp-json\/wp\/v2\/tags?post=138989"}],"curies":[{"name":"wp","href":"https:\/\/api.w.org\/{rel}","templated":true}]}}