{"id":138976,"date":"2025-02-08T16:11:35","date_gmt":"2025-02-08T19:11:35","guid":{"rendered":"https:\/\/www.barragrande24horas.com.br\/v1\/?p=138976"},"modified":"2025-02-08T16:11:35","modified_gmt":"2025-02-08T19:11:35","slug":"marau-filhos-de-jorge-e-a-segunda-atracao-confirmada-do-carnaval-antecipado-de-saquaira","status":"publish","type":"post","link":"https:\/\/www.barragrande24horas.com.br\/v1\/2025\/02\/08\/marau-filhos-de-jorge-e-a-segunda-atracao-confirmada-do-carnaval-antecipado-de-saquaira\/","title":{"rendered":"MARA\u00da: FILHOS DE JORGE \u00c9 A SEGUNDA ATRA\u00c7\u00c3O CONFIRMADA DO CARNAVAL ANTECIPADO DE SAQUA\u00cdRA"},"content":{"rendered":"<p class=\"p1\"><span class=\"s1\">A Prefeitura Municipal de Mara\u00fa, divulgou em sua rede social a segunda atra\u00e7\u00e3o confirmada do primeiro carnaval antecipado de Saqua\u00edra, o tradicional Saquafolia. O ax\u00e9 da banda Filhos de Jorge \u00e9 mais uma atra\u00e7\u00e3o confirmada.<\/span><\/p>\n<p><img loading=\"lazy\" class=\"aligncenter wp-image-138977 size-full\" src=\"https:\/\/www.barragrande24horas.com.br\/v1\/wp-content\/uploads\/2025\/02\/IMG_5748.jpeg\" alt=\"\" width=\"800\" height=\"904\" srcset=\"https:\/\/www.barragrande24horas.com.br\/v1\/wp-content\/uploads\/2025\/02\/IMG_5748.jpeg 800w, https:\/\/www.barragrande24horas.com.br\/v1\/wp-content\/uploads\/2025\/02\/IMG_5748-265x300.jpeg 265w, https:\/\/www.barragrande24horas.com.br\/v1\/wp-content\/uploads\/2025\/02\/IMG_5748-768x868.jpeg 768w\" sizes=\"(max-width: 800px) 100vw, 800px\" \/><\/p>\n<p class=\"p1\"><span class=\"s1\">O evento conta com apoio do Governo do Estado, atrav\u00e9s da Sufotur e vai acontecer de 21 a 23 de fevereiro, na praia de Saqua\u00edra.<\/span><\/p>\n","protected":false},"excerpt":{"rendered":"<p>A Prefeitura Municipal de Mara\u00fa, divulgou em sua rede social a segunda atra\u00e7\u00e3o confirmada do primeiro carnaval antecipado de Saqua\u00edra, o tradicional Saquafolia. O ax\u00e9 da banda Filhos de Jorge \u00e9 mais uma atra\u00e7\u00e3o confirmada. O evento conta com apoio do Governo do Estado, atrav\u00e9s da Sufotur e vai acontecer de 21 a 23 de fevereiro, na praia de Saqua\u00edra.<\/p>\n","protected":false},"author":2,"featured_media":138977,"comment_status":"closed","ping_status":"open","sticky":false,"template":"","format":"standard","meta":[],"categories":[23],"tags":[],"_links":{"self":[{"href":"https:\/\/www.barragrande24horas.com.br\/v1\/wp-json\/wp\/v2\/posts\/138976"}],"collection":[{"href":"https:\/\/www.barragrande24horas.com.br\/v1\/wp-json\/wp\/v2\/posts"}],"about":[{"href":"https:\/\/www.barragrande24horas.com.br\/v1\/wp-json\/wp\/v2\/types\/post"}],"author":[{"embeddable":true,"href":"https:\/\/www.barragrande24horas.com.br\/v1\/wp-json\/wp\/v2\/users\/2"}],"replies":[{"embeddable":true,"href":"https:\/\/www.barragrande24horas.com.br\/v1\/wp-json\/wp\/v2\/comments?post=138976"}],"version-history":[{"count":1,"href":"https:\/\/www.barragrande24horas.com.br\/v1\/wp-json\/wp\/v2\/posts\/138976\/revisions"}],"predecessor-version":[{"id":138978,"href":"https:\/\/www.barragrande24horas.com.br\/v1\/wp-json\/wp\/v2\/posts\/138976\/revisions\/138978"}],"wp:featuredmedia":[{"embeddable":true,"href":"https:\/\/www.barragrande24horas.com.br\/v1\/wp-json\/wp\/v2\/media\/138977"}],"wp:attachment":[{"href":"https:\/\/www.barragrande24horas.com.br\/v1\/wp-json\/wp\/v2\/media?parent=138976"}],"wp:term":[{"taxonomy":"category","embeddable":true,"href":"https:\/\/www.barragrande24horas.com.br\/v1\/wp-json\/wp\/v2\/categories?post=138976"},{"taxonomy":"post_tag","embeddable":true,"href":"https:\/\/www.barragrande24horas.com.br\/v1\/wp-json\/wp\/v2\/tags?post=138976"}],"curies":[{"name":"wp","href":"https:\/\/api.w.org\/{rel}","templated":true}]}}