{"id":138968,"date":"2025-02-07T10:53:01","date_gmt":"2025-02-07T13:53:01","guid":{"rendered":"https:\/\/www.barragrande24horas.com.br\/v1\/?p=138968"},"modified":"2025-02-07T10:53:36","modified_gmt":"2025-02-07T13:53:36","slug":"escandurras-e-a-primeira-atracao-confirmada-do-carnaval-antecipado-de-saquaira","status":"publish","type":"post","link":"https:\/\/www.barragrande24horas.com.br\/v1\/2025\/02\/07\/escandurras-e-a-primeira-atracao-confirmada-do-carnaval-antecipado-de-saquaira\/","title":{"rendered":"ESCANDURRAS \u00c9 A PRIMEIRA ATRA\u00c7\u00c3O CONFIRMADA DO CARNAVAL ANTECIPADO DE SAQUA\u00cdRA"},"content":{"rendered":"<p class=\"p1\"><span class=\"s1\">A Prefeitura Municipal de Mara\u00fa, divulgou em sua rede social a primeira atra\u00e7\u00e3o confirmada do primeiro carnaval antecipado de Saqua\u00edra, o tradicional Saquafolia. Filipe Escandurras foi o primeiro artista confirmado. Ele \u00e9 considerado um dos maiores compositores da m\u00fasica baiana, com hits nacionais.<\/span><\/p>\n<p><img loading=\"lazy\" class=\"aligncenter wp-image-138969 size-full\" src=\"https:\/\/www.barragrande24horas.com.br\/v1\/wp-content\/uploads\/2025\/02\/IMG_5626.jpeg\" alt=\"\" width=\"800\" height=\"813\" srcset=\"https:\/\/www.barragrande24horas.com.br\/v1\/wp-content\/uploads\/2025\/02\/IMG_5626.jpeg 800w, https:\/\/www.barragrande24horas.com.br\/v1\/wp-content\/uploads\/2025\/02\/IMG_5626-295x300.jpeg 295w, https:\/\/www.barragrande24horas.com.br\/v1\/wp-content\/uploads\/2025\/02\/IMG_5626-768x780.jpeg 768w\" sizes=\"(max-width: 800px) 100vw, 800px\" \/><\/p>\n<p class=\"p1\"><span class=\"s1\">O evento conta com apoio do Governo do Estado, atrav\u00e9s da Sufotur e vai acontecer de 21 a 23 de fevereiro, na praia de Saqua\u00edra. <\/span><\/p>\n","protected":false},"excerpt":{"rendered":"<p>A Prefeitura Municipal de Mara\u00fa, divulgou em sua rede social a primeira atra\u00e7\u00e3o confirmada do primeiro carnaval antecipado de Saqua\u00edra, o tradicional Saquafolia. Filipe Escandurras foi o primeiro artista confirmado. Ele \u00e9 considerado um dos maiores compositores da m\u00fasica baiana, com hits nacionais. O evento conta com apoio do Governo do Estado, atrav\u00e9s da Sufotur e vai acontecer de 21 a 23 de fevereiro, na praia de Saqua\u00edra.<\/p>\n","protected":false},"author":2,"featured_media":138969,"comment_status":"closed","ping_status":"open","sticky":false,"template":"","format":"standard","meta":[],"categories":[23],"tags":[],"_links":{"self":[{"href":"https:\/\/www.barragrande24horas.com.br\/v1\/wp-json\/wp\/v2\/posts\/138968"}],"collection":[{"href":"https:\/\/www.barragrande24horas.com.br\/v1\/wp-json\/wp\/v2\/posts"}],"about":[{"href":"https:\/\/www.barragrande24horas.com.br\/v1\/wp-json\/wp\/v2\/types\/post"}],"author":[{"embeddable":true,"href":"https:\/\/www.barragrande24horas.com.br\/v1\/wp-json\/wp\/v2\/users\/2"}],"replies":[{"embeddable":true,"href":"https:\/\/www.barragrande24horas.com.br\/v1\/wp-json\/wp\/v2\/comments?post=138968"}],"version-history":[{"count":2,"href":"https:\/\/www.barragrande24horas.com.br\/v1\/wp-json\/wp\/v2\/posts\/138968\/revisions"}],"predecessor-version":[{"id":138971,"href":"https:\/\/www.barragrande24horas.com.br\/v1\/wp-json\/wp\/v2\/posts\/138968\/revisions\/138971"}],"wp:featuredmedia":[{"embeddable":true,"href":"https:\/\/www.barragrande24horas.com.br\/v1\/wp-json\/wp\/v2\/media\/138969"}],"wp:attachment":[{"href":"https:\/\/www.barragrande24horas.com.br\/v1\/wp-json\/wp\/v2\/media?parent=138968"}],"wp:term":[{"taxonomy":"category","embeddable":true,"href":"https:\/\/www.barragrande24horas.com.br\/v1\/wp-json\/wp\/v2\/categories?post=138968"},{"taxonomy":"post_tag","embeddable":true,"href":"https:\/\/www.barragrande24horas.com.br\/v1\/wp-json\/wp\/v2\/tags?post=138968"}],"curies":[{"name":"wp","href":"https:\/\/api.w.org\/{rel}","templated":true}]}}