{"id":138945,"date":"2025-02-05T11:35:44","date_gmt":"2025-02-05T14:35:44","guid":{"rendered":"https:\/\/www.barragrande24horas.com.br\/v1\/?p=138945"},"modified":"2025-02-05T11:35:44","modified_gmt":"2025-02-05T14:35:44","slug":"ubaitaba-prefeita-gracinha-participa-da-jornada-pedagogica-e-ressalta-a-educacao-transforma","status":"publish","type":"post","link":"https:\/\/www.barragrande24horas.com.br\/v1\/2025\/02\/05\/ubaitaba-prefeita-gracinha-participa-da-jornada-pedagogica-e-ressalta-a-educacao-transforma\/","title":{"rendered":"UBAITABA: PREFEITA GRACINHA PARTICIPA DA JORNADA PEDAG\u00d3GICA E RESSALTA: \u201cA EDUCA\u00c7\u00c3O TRANSFORMA\u201d"},"content":{"rendered":"<p class=\"p1\"><span class=\"s1\">A prefeita Gracinha Viana (Avante) participou da Jornada Pedag\u00f3gica do munic\u00edpio e e destacou a capacidade de a educa\u00e7\u00e3o transformar realidades. A programa\u00e7\u00e3o, que re\u00fane quase 300 profissionais da educa\u00e7\u00e3o, come\u00e7ou na \u00faltima segunda-feira, 03 e se encerra nesta quarta, 05, tem como tema \u201cEduca\u00e7\u00e3o na contemporaneidade: multiletramento e pr\u00e1ticas alfabetizadoras.\u201d O evento conta com palestras e oficinas.<\/span><\/p>\n<p><img loading=\"lazy\" class=\"aligncenter wp-image-138947 size-full\" src=\"https:\/\/www.barragrande24horas.com.br\/v1\/wp-content\/uploads\/2025\/02\/79048332-4e9b-4985-99da-d8b1426a1220.jpeg\" alt=\"\" width=\"800\" height=\"533\" srcset=\"https:\/\/www.barragrande24horas.com.br\/v1\/wp-content\/uploads\/2025\/02\/79048332-4e9b-4985-99da-d8b1426a1220.jpeg 800w, https:\/\/www.barragrande24horas.com.br\/v1\/wp-content\/uploads\/2025\/02\/79048332-4e9b-4985-99da-d8b1426a1220-300x200.jpeg 300w, https:\/\/www.barragrande24horas.com.br\/v1\/wp-content\/uploads\/2025\/02\/79048332-4e9b-4985-99da-d8b1426a1220-768x512.jpeg 768w\" sizes=\"(max-width: 800px) 100vw, 800px\" \/><\/p>\n<p class=\"p1\"><span class=\"s1\">A gestora destacou que o foco da Educa\u00e7\u00e3o estar\u00e1 alicer\u00e7ado em 03 pilares. \u201cVamos investir nos profissionais da educa\u00e7\u00e3o tanto na valoriza\u00e7\u00e3o quanto em capacita\u00e7\u00e3o. Tamb\u00e9m vamos investir em nossos alunos por meio da melhoria das condi\u00e7\u00f5es de aprendizagem, material did\u00e1tico, merenda e fardamento escolar; e tamb\u00e9m na melhoria da infraestrutura das unidades escolares\u201d, destacou Gracinha.<\/span><\/p>\n<p><img loading=\"lazy\" class=\"aligncenter wp-image-138948 size-full\" src=\"https:\/\/www.barragrande24horas.com.br\/v1\/wp-content\/uploads\/2025\/02\/7aa48482-6404-4295-83eb-1e9892c9e885.jpeg\" alt=\"\" width=\"800\" height=\"533\" srcset=\"https:\/\/www.barragrande24horas.com.br\/v1\/wp-content\/uploads\/2025\/02\/7aa48482-6404-4295-83eb-1e9892c9e885.jpeg 800w, https:\/\/www.barragrande24horas.com.br\/v1\/wp-content\/uploads\/2025\/02\/7aa48482-6404-4295-83eb-1e9892c9e885-300x200.jpeg 300w, https:\/\/www.barragrande24horas.com.br\/v1\/wp-content\/uploads\/2025\/02\/7aa48482-6404-4295-83eb-1e9892c9e885-768x512.jpeg 768w\" sizes=\"(max-width: 800px) 100vw, 800px\" \/><\/p>\n<p class=\"p1\"><span class=\"s1\">\u201cA Educa\u00e7\u00e3o tem uma capacidade imensa de gerar oportunidades e transformar realidades. Acreditamos muito nisso. A Secretaria de Educa\u00e7\u00e3o tem feito um grande trabalho e n\u00e3o temos d\u00favidas de que faremos um grande ano letivo. Daremos todo o suporte necess\u00e1rio. Temos excelentes profissionais na educa\u00e7\u00e3o, uma equipe de professores qualificada, que est\u00e1 bastante motivada\u201d, destacou Gracinha, lembrando que o ano letivo ser\u00e1 iniciado no dia 10 de fevereiro. (Ubat\u00e3 Not\u00edcias)<\/span><\/p>\n","protected":false},"excerpt":{"rendered":"<p>A prefeita Gracinha Viana (Avante) participou da Jornada Pedag\u00f3gica do munic\u00edpio e e destacou a capacidade de a educa\u00e7\u00e3o transformar realidades. A programa\u00e7\u00e3o, que re\u00fane quase 300 profissionais da educa\u00e7\u00e3o, come\u00e7ou na \u00faltima segunda-feira, 03 e se encerra nesta quarta, 05, tem como tema \u201cEduca\u00e7\u00e3o na contemporaneidade: multiletramento e pr\u00e1ticas alfabetizadoras.\u201d O evento conta com palestras e oficinas. A gestora destacou que o foco da Educa\u00e7\u00e3o estar\u00e1 alicer\u00e7ado em 03 pilares. \u201cVamos investir nos profissionais da educa\u00e7\u00e3o tanto na valoriza\u00e7\u00e3o quanto em capacita\u00e7\u00e3o. Tamb\u00e9m vamos investir em nossos alunos por meio da melhoria das condi\u00e7\u00f5es de aprendizagem, material did\u00e1tico, merenda [&hellip;]<\/p>\n","protected":false},"author":2,"featured_media":138946,"comment_status":"closed","ping_status":"open","sticky":false,"template":"","format":"standard","meta":[],"categories":[8],"tags":[],"_links":{"self":[{"href":"https:\/\/www.barragrande24horas.com.br\/v1\/wp-json\/wp\/v2\/posts\/138945"}],"collection":[{"href":"https:\/\/www.barragrande24horas.com.br\/v1\/wp-json\/wp\/v2\/posts"}],"about":[{"href":"https:\/\/www.barragrande24horas.com.br\/v1\/wp-json\/wp\/v2\/types\/post"}],"author":[{"embeddable":true,"href":"https:\/\/www.barragrande24horas.com.br\/v1\/wp-json\/wp\/v2\/users\/2"}],"replies":[{"embeddable":true,"href":"https:\/\/www.barragrande24horas.com.br\/v1\/wp-json\/wp\/v2\/comments?post=138945"}],"version-history":[{"count":1,"href":"https:\/\/www.barragrande24horas.com.br\/v1\/wp-json\/wp\/v2\/posts\/138945\/revisions"}],"predecessor-version":[{"id":138949,"href":"https:\/\/www.barragrande24horas.com.br\/v1\/wp-json\/wp\/v2\/posts\/138945\/revisions\/138949"}],"wp:featuredmedia":[{"embeddable":true,"href":"https:\/\/www.barragrande24horas.com.br\/v1\/wp-json\/wp\/v2\/media\/138946"}],"wp:attachment":[{"href":"https:\/\/www.barragrande24horas.com.br\/v1\/wp-json\/wp\/v2\/media?parent=138945"}],"wp:term":[{"taxonomy":"category","embeddable":true,"href":"https:\/\/www.barragrande24horas.com.br\/v1\/wp-json\/wp\/v2\/categories?post=138945"},{"taxonomy":"post_tag","embeddable":true,"href":"https:\/\/www.barragrande24horas.com.br\/v1\/wp-json\/wp\/v2\/tags?post=138945"}],"curies":[{"name":"wp","href":"https:\/\/api.w.org\/{rel}","templated":true}]}}