{"id":138936,"date":"2025-02-04T19:11:56","date_gmt":"2025-02-04T22:11:56","guid":{"rendered":"https:\/\/www.barragrande24horas.com.br\/v1\/?p=138936"},"modified":"2025-02-04T19:11:56","modified_gmt":"2025-02-04T22:11:56","slug":"prefeito-de-camamu-e-deputado-niltinho-discutem-construcao-da-nova-delegacia-de-camamu-com-a-delegada-geral-da-bahia","status":"publish","type":"post","link":"https:\/\/www.barragrande24horas.com.br\/v1\/2025\/02\/04\/prefeito-de-camamu-e-deputado-niltinho-discutem-construcao-da-nova-delegacia-de-camamu-com-a-delegada-geral-da-bahia\/","title":{"rendered":"PREFEITO DE CAMAMU E DEPUTADO NILTINHO DISCUTEM CONSTRU\u00c7\u00c3O DA NOVA DELEGACIA DE CAMAMU COM A DELEGADA GERAL DA BAHIA"},"content":{"rendered":"<p class=\"p1\"><span class=\"s1\">Cumprindo agenda em Salvador, o prefeito de Camamu, Jairo Cruz, acompanhado do deputado estadual Niltinho, dos Secret\u00e1rios de Governo, Andr\u00e9 Maron e<span class=\"Apple-converted-space\">\u00a0 <\/span>Finan\u00e7as, Alberto Luiz, participaram de uma reuni\u00e3o com a delegada geral da Pol\u00edcia Civil da Bahia, Helo\u00edsa Brito.<\/span><\/p>\n<p><img loading=\"lazy\" class=\"aligncenter wp-image-138938 size-full\" src=\"https:\/\/www.barragrande24horas.com.br\/v1\/wp-content\/uploads\/2025\/02\/IMG_5448.jpeg\" alt=\"\" width=\"800\" height=\"532\" srcset=\"https:\/\/www.barragrande24horas.com.br\/v1\/wp-content\/uploads\/2025\/02\/IMG_5448.jpeg 800w, https:\/\/www.barragrande24horas.com.br\/v1\/wp-content\/uploads\/2025\/02\/IMG_5448-300x200.jpeg 300w, https:\/\/www.barragrande24horas.com.br\/v1\/wp-content\/uploads\/2025\/02\/IMG_5448-768x511.jpeg 768w\" sizes=\"(max-width: 800px) 100vw, 800px\" \/><\/p>\n<p class=\"p1\"><span class=\"s1\">De acordo com Jairo, o terreno para constru\u00e7\u00e3o j\u00e1 foi definido e agora iniciar\u00e1 o processo de licita\u00e7\u00e3o para tornar a obra realidade. Ainda segundo o prefeito, a obra ser\u00e1 fundamental para garantir e fortalecer a seguran\u00e7a p\u00fablica do munic\u00edpio. <\/span><\/p>\n","protected":false},"excerpt":{"rendered":"<p>Cumprindo agenda em Salvador, o prefeito de Camamu, Jairo Cruz, acompanhado do deputado estadual Niltinho, dos Secret\u00e1rios de Governo, Andr\u00e9 Maron e\u00a0 Finan\u00e7as, Alberto Luiz, participaram de uma reuni\u00e3o com a delegada geral da Pol\u00edcia Civil da Bahia, Helo\u00edsa Brito. De acordo com Jairo, o terreno para constru\u00e7\u00e3o j\u00e1 foi definido e agora iniciar\u00e1 o processo de licita\u00e7\u00e3o para tornar a obra realidade. Ainda segundo o prefeito, a obra ser\u00e1 fundamental para garantir e fortalecer a seguran\u00e7a p\u00fablica do munic\u00edpio.<\/p>\n","protected":false},"author":2,"featured_media":138937,"comment_status":"closed","ping_status":"open","sticky":false,"template":"","format":"standard","meta":[],"categories":[8],"tags":[],"_links":{"self":[{"href":"https:\/\/www.barragrande24horas.com.br\/v1\/wp-json\/wp\/v2\/posts\/138936"}],"collection":[{"href":"https:\/\/www.barragrande24horas.com.br\/v1\/wp-json\/wp\/v2\/posts"}],"about":[{"href":"https:\/\/www.barragrande24horas.com.br\/v1\/wp-json\/wp\/v2\/types\/post"}],"author":[{"embeddable":true,"href":"https:\/\/www.barragrande24horas.com.br\/v1\/wp-json\/wp\/v2\/users\/2"}],"replies":[{"embeddable":true,"href":"https:\/\/www.barragrande24horas.com.br\/v1\/wp-json\/wp\/v2\/comments?post=138936"}],"version-history":[{"count":1,"href":"https:\/\/www.barragrande24horas.com.br\/v1\/wp-json\/wp\/v2\/posts\/138936\/revisions"}],"predecessor-version":[{"id":138939,"href":"https:\/\/www.barragrande24horas.com.br\/v1\/wp-json\/wp\/v2\/posts\/138936\/revisions\/138939"}],"wp:featuredmedia":[{"embeddable":true,"href":"https:\/\/www.barragrande24horas.com.br\/v1\/wp-json\/wp\/v2\/media\/138937"}],"wp:attachment":[{"href":"https:\/\/www.barragrande24horas.com.br\/v1\/wp-json\/wp\/v2\/media?parent=138936"}],"wp:term":[{"taxonomy":"category","embeddable":true,"href":"https:\/\/www.barragrande24horas.com.br\/v1\/wp-json\/wp\/v2\/categories?post=138936"},{"taxonomy":"post_tag","embeddable":true,"href":"https:\/\/www.barragrande24horas.com.br\/v1\/wp-json\/wp\/v2\/tags?post=138936"}],"curies":[{"name":"wp","href":"https:\/\/api.w.org\/{rel}","templated":true}]}}