{"id":138325,"date":"2024-11-12T09:51:30","date_gmt":"2024-11-12T12:51:30","guid":{"rendered":"https:\/\/www.barragrande24horas.com.br\/v1\/?p=138325"},"modified":"2024-11-12T09:51:30","modified_gmt":"2024-11-12T12:51:30","slug":"dr-junior-rocha-sera-chefe-de-gabinete-do-prefeito-eleito-de-ibirapitanga","status":"publish","type":"post","link":"https:\/\/www.barragrande24horas.com.br\/v1\/2024\/11\/12\/dr-junior-rocha-sera-chefe-de-gabinete-do-prefeito-eleito-de-ibirapitanga\/","title":{"rendered":"DR.J\u00daNIOR ROCHA SER\u00c1 CHEFE DE GABINETE DO PREFEITO ELEITO DE IBIRAPITANGA"},"content":{"rendered":"<p>&nbsp;<\/p>\n<p><span style=\"font-size: 1.1429rem;\">Dr. J\u00fanior Rocha \u00e9 um nome conhecido em Ibirapitanga, especialmente por seu papel nas elei\u00e7\u00f5es municipais de 2024, onde atuou diretamente na campanha de J\u00e9 Assun\u00e7\u00e3o e da coliga\u00e7\u00e3o \u201cCuidar de Gente\u201d. Al\u00e9m de prestar servi\u00e7os jur\u00eddicos, foi pe\u00e7a-chave no processo de registro de candidaturas e na condu\u00e7\u00e3o da presta\u00e7\u00e3o de contas de todos os candidatos da coliga\u00e7\u00e3o, contribuindo para a vit\u00f3ria que levou J\u00e9 e Val de Gude, eleita vice-prefeita, \u00e0 lideran\u00e7a do munic\u00edpio.<\/span><\/p>\n<p>Sua forma\u00e7\u00e3o e trajet\u00f3ria refor\u00e7am o compromisso com a gest\u00e3o p\u00fablica. Ele \u00e9 graduado em Direito pela faculdade Anhanguera, onde ingressou por meio do ProUni. Al\u00e9m disso, estudou Humanidades na Universidade Federal da Bahia e est\u00e1 atualmente se especializando em Processo Civil e Gest\u00e3o P\u00fablica. Com essa base, ele se prepara para exercer o cargo de chefe de gabinete com s\u00f3lida forma\u00e7\u00e3o t\u00e9cnica.<\/p>\n<p>Ao aceitar o convite de J\u00e9 Assun\u00e7\u00e3o, o advogado expressou gratid\u00e3o e compromisso com o futuro da cidade. \u201cAgrade\u00e7o ao prefeito eleito J\u00e9 pela confian\u00e7a e aceito o convite para fazer parte dessa nova gest\u00e3o. \u00c9 uma grande honra e responsabilidade servir a nossa gente, e estou absolutamente pronto para trabalhar com dedica\u00e7\u00e3o e transpar\u00eancia\u201d, declarou.<\/p>\n<p>J\u00e9 tamb\u00e9m destacou a import\u00e2ncia de contar com Dr. J\u00fanior na sua equipe de governo. \u201cConhe\u00e7o o Dr. J\u00fanior Rocha e sei do seu comprometimento. Com ele \u00e0 frente do gabinete, teremos um ambiente t\u00e9cnico e ao mesmo tempo pr\u00f3ximo das pessoas, garantindo que as decis\u00f5es sejam feitas com responsabilidade e sensibilidade para as necessidades da nossa gente\u201d, finalizou.<\/p>\n","protected":false},"excerpt":{"rendered":"<p>&nbsp; Dr. J\u00fanior Rocha \u00e9 um nome conhecido em Ibirapitanga, especialmente por seu papel nas elei\u00e7\u00f5es municipais de 2024, onde atuou diretamente na campanha de J\u00e9 Assun\u00e7\u00e3o e da coliga\u00e7\u00e3o \u201cCuidar de Gente\u201d. Al\u00e9m de prestar servi\u00e7os jur\u00eddicos, foi pe\u00e7a-chave no processo de registro de candidaturas e na condu\u00e7\u00e3o da presta\u00e7\u00e3o de contas de todos os candidatos da coliga\u00e7\u00e3o, contribuindo para a vit\u00f3ria que levou J\u00e9 e Val de Gude, eleita vice-prefeita, \u00e0 lideran\u00e7a do munic\u00edpio. Sua forma\u00e7\u00e3o e trajet\u00f3ria refor\u00e7am o compromisso com a gest\u00e3o p\u00fablica. Ele \u00e9 graduado em Direito pela faculdade Anhanguera, onde ingressou por meio do [&hellip;]<\/p>\n","protected":false},"author":2,"featured_media":138326,"comment_status":"closed","ping_status":"open","sticky":false,"template":"","format":"standard","meta":[],"categories":[11],"tags":[],"_links":{"self":[{"href":"https:\/\/www.barragrande24horas.com.br\/v1\/wp-json\/wp\/v2\/posts\/138325"}],"collection":[{"href":"https:\/\/www.barragrande24horas.com.br\/v1\/wp-json\/wp\/v2\/posts"}],"about":[{"href":"https:\/\/www.barragrande24horas.com.br\/v1\/wp-json\/wp\/v2\/types\/post"}],"author":[{"embeddable":true,"href":"https:\/\/www.barragrande24horas.com.br\/v1\/wp-json\/wp\/v2\/users\/2"}],"replies":[{"embeddable":true,"href":"https:\/\/www.barragrande24horas.com.br\/v1\/wp-json\/wp\/v2\/comments?post=138325"}],"version-history":[{"count":1,"href":"https:\/\/www.barragrande24horas.com.br\/v1\/wp-json\/wp\/v2\/posts\/138325\/revisions"}],"predecessor-version":[{"id":138327,"href":"https:\/\/www.barragrande24horas.com.br\/v1\/wp-json\/wp\/v2\/posts\/138325\/revisions\/138327"}],"wp:featuredmedia":[{"embeddable":true,"href":"https:\/\/www.barragrande24horas.com.br\/v1\/wp-json\/wp\/v2\/media\/138326"}],"wp:attachment":[{"href":"https:\/\/www.barragrande24horas.com.br\/v1\/wp-json\/wp\/v2\/media?parent=138325"}],"wp:term":[{"taxonomy":"category","embeddable":true,"href":"https:\/\/www.barragrande24horas.com.br\/v1\/wp-json\/wp\/v2\/categories?post=138325"},{"taxonomy":"post_tag","embeddable":true,"href":"https:\/\/www.barragrande24horas.com.br\/v1\/wp-json\/wp\/v2\/tags?post=138325"}],"curies":[{"name":"wp","href":"https:\/\/api.w.org\/{rel}","templated":true}]}}