{"id":138309,"date":"2024-11-08T16:10:05","date_gmt":"2024-11-08T19:10:05","guid":{"rendered":"https:\/\/www.barragrande24horas.com.br\/v1\/?p=138309"},"modified":"2024-11-08T16:12:53","modified_gmt":"2024-11-08T19:12:53","slug":"itacare-nego-de-saronga-e-recebido-pelo-chefe-de-gabinete-do-governador-presidente-da-car-e-deputados-federais","status":"publish","type":"post","link":"https:\/\/www.barragrande24horas.com.br\/v1\/2024\/11\/08\/itacare-nego-de-saronga-e-recebido-pelo-chefe-de-gabinete-do-governador-presidente-da-car-e-deputados-federais\/","title":{"rendered":"ITACAR\u00c9: NEGO DE SARONGA \u00c9 RECEBIDO PELO CHEFE DE GABINETE DO GOVERNADOR, PRESIDENTE DA CAR E DEPUTADOS FEDERAIS"},"content":{"rendered":"<p class=\"p1\"><span class=\"s1\">O prefeito eleito de Itacar\u00e9, Nego de Saronga, segue em Salvador cumprindo uma agenda institucional e foi recebido pelo chefe de gabinete do governador Jer\u00f4nimo Rodrigues, secret\u00e1rio Adolpho Loyola. Durante o encontro, discutiram o andamento das obras executadas pelo governo do Estado no munic\u00edpio, incluindo aquelas em andamento e outras que aguardam inaugura\u00e7\u00e3o. O secret\u00e1rio assegurou que as obras em execu\u00e7\u00e3o ter\u00e3o celeridade, e que as obras prontas ser\u00e3o inauguradas em breve.<\/span><\/p>\n<p><a href=\"https:\/\/www.barragrande24horas.com.br\/v1\/wp-content\/uploads\/2024\/11\/f1c77838-c929-48b6-bc49-67a4f9787711.jpeg\" class=\"gallery_colorbox\"><img loading=\"lazy\" class=\"alignnone size-full wp-image-138310\" src=\"https:\/\/www.barragrande24horas.com.br\/v1\/wp-content\/uploads\/2024\/11\/f1c77838-c929-48b6-bc49-67a4f9787711.jpeg\"  alt=\"\" width=\"800\" height=\"587\" srcset=\"https:\/\/www.barragrande24horas.com.br\/v1\/wp-content\/uploads\/2024\/11\/f1c77838-c929-48b6-bc49-67a4f9787711.jpeg 800w, https:\/\/www.barragrande24horas.com.br\/v1\/wp-content\/uploads\/2024\/11\/f1c77838-c929-48b6-bc49-67a4f9787711-300x220.jpeg 300w, https:\/\/www.barragrande24horas.com.br\/v1\/wp-content\/uploads\/2024\/11\/f1c77838-c929-48b6-bc49-67a4f9787711-768x564.jpeg 768w\" sizes=\"(max-width: 800px) 100vw, 800px\" \/><\/a><\/p>\n<p class=\"p1\"><span class=\"s1\">Na Companhia de Desenvolvimento e A\u00e7\u00e3o Regional (CAR), Nego foi recebido pelo presidente Jeandro Ribeiro. Na pauta, foram discutidos investimentos voltados para o turismo comunit\u00e1rio rural e a agricultura familiar em Itacar\u00e9.<\/span><\/p>\n<p><a href=\"https:\/\/www.barragrande24horas.com.br\/v1\/wp-content\/uploads\/2024\/11\/c752dbb9-6b9f-4478-8d29-0a95f402fa43.jpeg\" class=\"gallery_colorbox\"><img loading=\"lazy\" class=\"alignnone size-full wp-image-138312\" src=\"https:\/\/www.barragrande24horas.com.br\/v1\/wp-content\/uploads\/2024\/11\/c752dbb9-6b9f-4478-8d29-0a95f402fa43.jpeg\"  alt=\"\" width=\"800\" height=\"524\" srcset=\"https:\/\/www.barragrande24horas.com.br\/v1\/wp-content\/uploads\/2024\/11\/c752dbb9-6b9f-4478-8d29-0a95f402fa43.jpeg 800w, https:\/\/www.barragrande24horas.com.br\/v1\/wp-content\/uploads\/2024\/11\/c752dbb9-6b9f-4478-8d29-0a95f402fa43-300x197.jpeg 300w, https:\/\/www.barragrande24horas.com.br\/v1\/wp-content\/uploads\/2024\/11\/c752dbb9-6b9f-4478-8d29-0a95f402fa43-768x503.jpeg 768w\" sizes=\"(max-width: 800px) 100vw, 800px\" \/><\/a><\/p>\n<p class=\"p1\"><span class=\"s1\">A deputada federal Alice Portugal tamb\u00e9m recebeu o prefeito eleito, Nego de Saronga e o vereador eleito Tonho do Bicho, para tratar da parceria com a gest\u00e3o do prefeito Ant\u00f4nio de An\u00edzio e a continuidade dos projetos. Nego tamb\u00e9m foi recebido pelo deputado federal Jorge Solla, junto aos vereadores Diego de Bidal e Ricardo da Sa\u00fade, al\u00e9m do vice-prefeito Genilson Souza. O encontro teve como foco os investimentos em sa\u00fade, os avan\u00e7os da gest\u00e3o de Ant\u00f4nio de An\u00edzio e os aprimoramentos necess\u00e1rios.<\/span><\/p>\n<p><a href=\"https:\/\/www.barragrande24horas.com.br\/v1\/wp-content\/uploads\/2024\/11\/IMG_7905.jpeg\" class=\"gallery_colorbox\"><img loading=\"lazy\" class=\"alignnone size-full wp-image-138315\" src=\"https:\/\/www.barragrande24horas.com.br\/v1\/wp-content\/uploads\/2024\/11\/IMG_7905.jpeg\"  alt=\"\" width=\"800\" height=\"571\" srcset=\"https:\/\/www.barragrande24horas.com.br\/v1\/wp-content\/uploads\/2024\/11\/IMG_7905.jpeg 800w, https:\/\/www.barragrande24horas.com.br\/v1\/wp-content\/uploads\/2024\/11\/IMG_7905-300x214.jpeg 300w, https:\/\/www.barragrande24horas.com.br\/v1\/wp-content\/uploads\/2024\/11\/IMG_7905-768x548.jpeg 768w\" sizes=\"(max-width: 800px) 100vw, 800px\" \/><\/a><\/p>\n<p class=\"p1\"><span class=\"s1\">Essas reuni\u00f5es refor\u00e7am a articula\u00e7\u00e3o e o prest\u00edgio pol\u00edtico do prefeito eleito Nego de Saronga e do prefeito Ant\u00f4nio de An\u00edzio, com as esferas estadual e federal para o desenvolvimento de Itacar\u00e9.<\/span><\/p>\n<p><a href=\"https:\/\/www.barragrande24horas.com.br\/v1\/wp-content\/uploads\/2024\/11\/IMG_7904.jpeg\" class=\"gallery_colorbox\"><img loading=\"lazy\" class=\"alignnone size-full wp-image-138316\" src=\"https:\/\/www.barragrande24horas.com.br\/v1\/wp-content\/uploads\/2024\/11\/IMG_7904.jpeg\"  alt=\"\" width=\"800\" height=\"600\" srcset=\"https:\/\/www.barragrande24horas.com.br\/v1\/wp-content\/uploads\/2024\/11\/IMG_7904.jpeg 800w, https:\/\/www.barragrande24horas.com.br\/v1\/wp-content\/uploads\/2024\/11\/IMG_7904-300x225.jpeg 300w, https:\/\/www.barragrande24horas.com.br\/v1\/wp-content\/uploads\/2024\/11\/IMG_7904-768x576.jpeg 768w, https:\/\/www.barragrande24horas.com.br\/v1\/wp-content\/uploads\/2024\/11\/IMG_7904-180x135.jpeg 180w, https:\/\/www.barragrande24horas.com.br\/v1\/wp-content\/uploads\/2024\/11\/IMG_7904-400x300.jpeg 400w, https:\/\/www.barragrande24horas.com.br\/v1\/wp-content\/uploads\/2024\/11\/IMG_7904-600x450.jpeg 600w\" sizes=\"(max-width: 800px) 100vw, 800px\" \/><\/a><\/p>\n","protected":false},"excerpt":{"rendered":"<p>O prefeito eleito de Itacar\u00e9, Nego de Saronga, segue em Salvador cumprindo uma agenda institucional e foi recebido pelo chefe de gabinete do governador Jer\u00f4nimo Rodrigues, secret\u00e1rio Adolpho Loyola. Durante o encontro, discutiram o andamento das obras executadas pelo governo do Estado no munic\u00edpio, incluindo aquelas em andamento e outras que aguardam inaugura\u00e7\u00e3o. O secret\u00e1rio assegurou que as obras em execu\u00e7\u00e3o ter\u00e3o celeridade, e que as obras prontas ser\u00e3o inauguradas em breve. Na Companhia de Desenvolvimento e A\u00e7\u00e3o Regional (CAR), Nego foi recebido pelo presidente Jeandro Ribeiro. Na pauta, foram discutidos investimentos voltados para o turismo comunit\u00e1rio rural e a [&hellip;]<\/p>\n","protected":false},"author":2,"featured_media":138311,"comment_status":"closed","ping_status":"open","sticky":false,"template":"","format":"standard","meta":[],"categories":[11],"tags":[],"_links":{"self":[{"href":"https:\/\/www.barragrande24horas.com.br\/v1\/wp-json\/wp\/v2\/posts\/138309"}],"collection":[{"href":"https:\/\/www.barragrande24horas.com.br\/v1\/wp-json\/wp\/v2\/posts"}],"about":[{"href":"https:\/\/www.barragrande24horas.com.br\/v1\/wp-json\/wp\/v2\/types\/post"}],"author":[{"embeddable":true,"href":"https:\/\/www.barragrande24horas.com.br\/v1\/wp-json\/wp\/v2\/users\/2"}],"replies":[{"embeddable":true,"href":"https:\/\/www.barragrande24horas.com.br\/v1\/wp-json\/wp\/v2\/comments?post=138309"}],"version-history":[{"count":3,"href":"https:\/\/www.barragrande24horas.com.br\/v1\/wp-json\/wp\/v2\/posts\/138309\/revisions"}],"predecessor-version":[{"id":138317,"href":"https:\/\/www.barragrande24horas.com.br\/v1\/wp-json\/wp\/v2\/posts\/138309\/revisions\/138317"}],"wp:featuredmedia":[{"embeddable":true,"href":"https:\/\/www.barragrande24horas.com.br\/v1\/wp-json\/wp\/v2\/media\/138311"}],"wp:attachment":[{"href":"https:\/\/www.barragrande24horas.com.br\/v1\/wp-json\/wp\/v2\/media?parent=138309"}],"wp:term":[{"taxonomy":"category","embeddable":true,"href":"https:\/\/www.barragrande24horas.com.br\/v1\/wp-json\/wp\/v2\/categories?post=138309"},{"taxonomy":"post_tag","embeddable":true,"href":"https:\/\/www.barragrande24horas.com.br\/v1\/wp-json\/wp\/v2\/tags?post=138309"}],"curies":[{"name":"wp","href":"https:\/\/api.w.org\/{rel}","templated":true}]}}