{"id":138291,"date":"2024-11-06T18:10:20","date_gmt":"2024-11-06T21:10:20","guid":{"rendered":"https:\/\/www.barragrande24horas.com.br\/v1\/?p=138291"},"modified":"2024-11-06T18:10:20","modified_gmt":"2024-11-06T21:10:20","slug":"gracinha-viana-e-beto-da-padaria-30-dias-de-trabalho-intenso-na-transicao-para-uma-ubaitaba-melhor","status":"publish","type":"post","link":"https:\/\/www.barragrande24horas.com.br\/v1\/2024\/11\/06\/gracinha-viana-e-beto-da-padaria-30-dias-de-trabalho-intenso-na-transicao-para-uma-ubaitaba-melhor\/","title":{"rendered":"GRACINHA VIANA E BETO DA PADARIA: 30 DIAS DE TRABALHO INTENSO NA TRANSI\u00c7\u00c3O PARA UMA UBAITABA MELHOR"},"content":{"rendered":"<p class=\"p1\"><span class=\"s1\">Hoje, completam-se 30 dias desde que Gracinha Viana e Beto da Padaria foram eleitos prefeita e vice-prefeito de Ubaitaba, marcando o in\u00edcio de um per\u00edodo de intenso trabalho e prepara\u00e7\u00e3o para a nova gest\u00e3o. Desde a vit\u00f3ria, a equipe de transi\u00e7\u00e3o nomeada por Gracinha tem trabalhado incansavelmente para garantir uma transfer\u00eancia eficiente e transparente.<\/span><\/p>\n<p class=\"p1\"><span class=\"s1\"><a href=\"https:\/\/www.barragrande24horas.com.br\/v1\/wp-content\/uploads\/2024\/11\/6269cb8a-5793-451a-9e75-2c088882312c.jpeg\" class=\"gallery_colorbox\"><img loading=\"lazy\" class=\"alignnone size-full wp-image-138293\" src=\"https:\/\/www.barragrande24horas.com.br\/v1\/wp-content\/uploads\/2024\/11\/6269cb8a-5793-451a-9e75-2c088882312c.jpeg\"  alt=\"\" width=\"750\" height=\"1000\" srcset=\"https:\/\/www.barragrande24horas.com.br\/v1\/wp-content\/uploads\/2024\/11\/6269cb8a-5793-451a-9e75-2c088882312c.jpeg 750w, https:\/\/www.barragrande24horas.com.br\/v1\/wp-content\/uploads\/2024\/11\/6269cb8a-5793-451a-9e75-2c088882312c-225x300.jpeg 225w\" sizes=\"(max-width: 750px) 100vw, 750px\" \/><\/a><\/p>\n<p>Com um time dedicado em cada pasta, os esfor\u00e7os da transi\u00e7\u00e3o t\u00eam focado em \u00e1reas essenciais, como Sa\u00fade, sob a lideran\u00e7a de Z\u00e9 Nilton, Kellen, Tanandra e Alec; e Assist\u00eancia Social, com Luciv\u00e2nia Feitosa e Raiana. Na Educa\u00e7\u00e3o, Dione Santos e Sara Alves da Luz Lemos t\u00eam liderado com foco em assegurar o direito de aprendizagem dos alunos de Ubaitaba. Ambas com ampla experi\u00eancia na \u00e1rea educacional, trazem um compromisso com a qualidade e continuidade dos projetos.<\/span><\/p>\n<p><a href=\"https:\/\/www.barragrande24horas.com.br\/v1\/wp-content\/uploads\/2024\/11\/60bbb1df-fcf5-4f83-93b7-3fd1ae2bcba3.jpeg\" class=\"gallery_colorbox\"><img loading=\"lazy\" class=\"alignnone size-full wp-image-138294\" src=\"https:\/\/www.barragrande24horas.com.br\/v1\/wp-content\/uploads\/2024\/11\/60bbb1df-fcf5-4f83-93b7-3fd1ae2bcba3.jpeg\"  alt=\"\" width=\"750\" height=\"1000\" srcset=\"https:\/\/www.barragrande24horas.com.br\/v1\/wp-content\/uploads\/2024\/11\/60bbb1df-fcf5-4f83-93b7-3fd1ae2bcba3.jpeg 750w, https:\/\/www.barragrande24horas.com.br\/v1\/wp-content\/uploads\/2024\/11\/60bbb1df-fcf5-4f83-93b7-3fd1ae2bcba3-225x300.jpeg 225w\" sizes=\"(max-width: 750px) 100vw, 750px\" \/><\/a><\/p>\n<p class=\"p1\"><span class=\"s1\">Al\u00e9m da Sa\u00fade, Social e Educa\u00e7\u00e3o, as pastas de Administra\u00e7\u00e3o e Infraestrutura tamb\u00e9m j\u00e1 iniciaram seus trabalhos na transi\u00e7\u00e3o, refletindo o compromisso com uma Ubaitaba bem administrada e funcional.<\/span><\/p>\n<p><a href=\"https:\/\/www.barragrande24horas.com.br\/v1\/wp-content\/uploads\/2024\/11\/f598ab3e-2f2a-44b1-a1e4-c5ad0a60fc1b.jpeg\" class=\"gallery_colorbox\"><img loading=\"lazy\" class=\"alignnone size-full wp-image-138295\" src=\"https:\/\/www.barragrande24horas.com.br\/v1\/wp-content\/uploads\/2024\/11\/f598ab3e-2f2a-44b1-a1e4-c5ad0a60fc1b.jpeg\"  alt=\"\" width=\"750\" height=\"1000\" srcset=\"https:\/\/www.barragrande24horas.com.br\/v1\/wp-content\/uploads\/2024\/11\/f598ab3e-2f2a-44b1-a1e4-c5ad0a60fc1b.jpeg 750w, https:\/\/www.barragrande24horas.com.br\/v1\/wp-content\/uploads\/2024\/11\/f598ab3e-2f2a-44b1-a1e4-c5ad0a60fc1b-225x300.jpeg 225w\" sizes=\"(max-width: 750px) 100vw, 750px\" \/><\/a><\/p>\n<p class=\"p1\"><span class=\"s1\">Gracinha e Beto participaram de reuni\u00f5es importantes com lideran\u00e7as pol\u00edticas, como o deputado Neto Carletto e Ronaldo Carletto, presidente do partido Avante na Bahia, mostrando o fortalecimento de alian\u00e7as estrat\u00e9gicas para o futuro do munic\u00edpio. Em clima de uni\u00e3o e gratid\u00e3o, uma missa de a\u00e7\u00e3o de gra\u00e7as foi realizada, celebrando essa nova fase para a cidade.<\/span><\/p>\n<p><a href=\"https:\/\/www.barragrande24horas.com.br\/v1\/wp-content\/uploads\/2024\/11\/2d95e05a-e6cd-43ea-941b-e9dc11c954ed.jpeg\" class=\"gallery_colorbox\"><img loading=\"lazy\" class=\"alignnone size-full wp-image-138298\" src=\"https:\/\/www.barragrande24horas.com.br\/v1\/wp-content\/uploads\/2024\/11\/2d95e05a-e6cd-43ea-941b-e9dc11c954ed.jpeg\"  alt=\"\" width=\"800\" height=\"626\" srcset=\"https:\/\/www.barragrande24horas.com.br\/v1\/wp-content\/uploads\/2024\/11\/2d95e05a-e6cd-43ea-941b-e9dc11c954ed.jpeg 800w, https:\/\/www.barragrande24horas.com.br\/v1\/wp-content\/uploads\/2024\/11\/2d95e05a-e6cd-43ea-941b-e9dc11c954ed-300x235.jpeg 300w, https:\/\/www.barragrande24horas.com.br\/v1\/wp-content\/uploads\/2024\/11\/2d95e05a-e6cd-43ea-941b-e9dc11c954ed-768x601.jpeg 768w\" sizes=\"(max-width: 800px) 100vw, 800px\" \/><\/a><\/p>\n<p class=\"p1\"><span class=\"s1\">Esses 30 dias demonstram que Gracinha e Beto n\u00e3o esperam at\u00e9 janeiro para come\u00e7ar a trabalhar. Com a colabora\u00e7\u00e3o de uma equipe qualificada e empenhada, os projetos seguem de forma harmoniosa, com o compromisso de construir uma Ubaitaba cada vez melhor.<\/span><\/p>\n<p><a href=\"https:\/\/www.barragrande24horas.com.br\/v1\/wp-content\/uploads\/2024\/11\/5ba96973-5141-4f0e-a304-5cc8e9eeacd3.jpeg\" class=\"gallery_colorbox\"><img loading=\"lazy\" class=\"alignnone size-full wp-image-138292\" src=\"https:\/\/www.barragrande24horas.com.br\/v1\/wp-content\/uploads\/2024\/11\/5ba96973-5141-4f0e-a304-5cc8e9eeacd3.jpeg\"  alt=\"\" width=\"800\" height=\"632\" srcset=\"https:\/\/www.barragrande24horas.com.br\/v1\/wp-content\/uploads\/2024\/11\/5ba96973-5141-4f0e-a304-5cc8e9eeacd3.jpeg 800w, https:\/\/www.barragrande24horas.com.br\/v1\/wp-content\/uploads\/2024\/11\/5ba96973-5141-4f0e-a304-5cc8e9eeacd3-300x237.jpeg 300w, https:\/\/www.barragrande24horas.com.br\/v1\/wp-content\/uploads\/2024\/11\/5ba96973-5141-4f0e-a304-5cc8e9eeacd3-768x607.jpeg 768w\" sizes=\"(max-width: 800px) 100vw, 800px\" \/><\/a><\/p>\n","protected":false},"excerpt":{"rendered":"<p>Hoje, completam-se 30 dias desde que Gracinha Viana e Beto da Padaria foram eleitos prefeita e vice-prefeito de Ubaitaba, marcando o in\u00edcio de um per\u00edodo de intenso trabalho e prepara\u00e7\u00e3o para a nova gest\u00e3o. Desde a vit\u00f3ria, a equipe de transi\u00e7\u00e3o nomeada por Gracinha tem trabalhado incansavelmente para garantir uma transfer\u00eancia eficiente e transparente. Com um time dedicado em cada pasta, os esfor\u00e7os da transi\u00e7\u00e3o t\u00eam focado em \u00e1reas essenciais, como Sa\u00fade, sob a lideran\u00e7a de Z\u00e9 Nilton, Kellen, Tanandra e Alec; e Assist\u00eancia Social, com Luciv\u00e2nia Feitosa e Raiana. Na Educa\u00e7\u00e3o, Dione Santos e Sara Alves da Luz Lemos [&hellip;]<\/p>\n","protected":false},"author":2,"featured_media":138294,"comment_status":"closed","ping_status":"open","sticky":false,"template":"","format":"standard","meta":[],"categories":[11],"tags":[],"_links":{"self":[{"href":"https:\/\/www.barragrande24horas.com.br\/v1\/wp-json\/wp\/v2\/posts\/138291"}],"collection":[{"href":"https:\/\/www.barragrande24horas.com.br\/v1\/wp-json\/wp\/v2\/posts"}],"about":[{"href":"https:\/\/www.barragrande24horas.com.br\/v1\/wp-json\/wp\/v2\/types\/post"}],"author":[{"embeddable":true,"href":"https:\/\/www.barragrande24horas.com.br\/v1\/wp-json\/wp\/v2\/users\/2"}],"replies":[{"embeddable":true,"href":"https:\/\/www.barragrande24horas.com.br\/v1\/wp-json\/wp\/v2\/comments?post=138291"}],"version-history":[{"count":1,"href":"https:\/\/www.barragrande24horas.com.br\/v1\/wp-json\/wp\/v2\/posts\/138291\/revisions"}],"predecessor-version":[{"id":138299,"href":"https:\/\/www.barragrande24horas.com.br\/v1\/wp-json\/wp\/v2\/posts\/138291\/revisions\/138299"}],"wp:featuredmedia":[{"embeddable":true,"href":"https:\/\/www.barragrande24horas.com.br\/v1\/wp-json\/wp\/v2\/media\/138294"}],"wp:attachment":[{"href":"https:\/\/www.barragrande24horas.com.br\/v1\/wp-json\/wp\/v2\/media?parent=138291"}],"wp:term":[{"taxonomy":"category","embeddable":true,"href":"https:\/\/www.barragrande24horas.com.br\/v1\/wp-json\/wp\/v2\/categories?post=138291"},{"taxonomy":"post_tag","embeddable":true,"href":"https:\/\/www.barragrande24horas.com.br\/v1\/wp-json\/wp\/v2\/tags?post=138291"}],"curies":[{"name":"wp","href":"https:\/\/api.w.org\/{rel}","templated":true}]}}