{"id":138287,"date":"2024-11-05T14:57:19","date_gmt":"2024-11-05T17:57:19","guid":{"rendered":"https:\/\/www.barragrande24horas.com.br\/v1\/?p=138287"},"modified":"2024-11-05T14:57:19","modified_gmt":"2024-11-05T17:57:19","slug":"irmao-jairo-prefeito-eleito-de-camamu-se-reune-com-deputado-federal-neto-carletto-em-salvador","status":"publish","type":"post","link":"https:\/\/www.barragrande24horas.com.br\/v1\/2024\/11\/05\/irmao-jairo-prefeito-eleito-de-camamu-se-reune-com-deputado-federal-neto-carletto-em-salvador\/","title":{"rendered":"IRM\u00c3O JAIRO, PREFEITO ELEITO DE CAMAMU SE  RE\u00daNE COM DEPUTADO FEDERAL NETO CARLETTO EM SALVADOR"},"content":{"rendered":"<p class=\"p1\"><span class=\"s1\">Nesta segunda-feira (04), o prefeito eleito de Camamu, Irm\u00e3o Jairo, se reuniu com o deputado federal Neto Carletto (PP) em Salvador. Segundo Jairo, o encontro visa o apoio do deputado na sua futura gest\u00e3o como prefeito de Camamu, que se inicia em 1 de janeiro de 2025.<\/span><\/p>\n<p class=\"p1\"><span class=\"s1\">\u201cConversamos sobre as prioridades do munic\u00edpio e alinhamos projetos importantes para impulsionar o desenvolvimento da regi\u00e3o.\u201d Disse o deputado. Neto ainda destacou o empenho do prefeito em buscar recursos necess\u00e1rios para continuar o trabalho e seguir melhorando a qualidade de vida da popula\u00e7\u00e3o de Camamu.<\/span><\/p>\n<p class=\"p1\"><span class=\"s1\">Na sede do partido Avante, tamb\u00e9m participaram do encontro o atual prefeito de Camamu, Irm\u00e3o Enoc, juntamente com o controlador geral, Alberto Luiz e o Secret\u00e1rio de Turismo e Meio ambiente, Jorge Kened.<\/span><\/p>\n","protected":false},"excerpt":{"rendered":"<p>Nesta segunda-feira (04), o prefeito eleito de Camamu, Irm\u00e3o Jairo, se reuniu com o deputado federal Neto Carletto (PP) em Salvador. Segundo Jairo, o encontro visa o apoio do deputado na sua futura gest\u00e3o como prefeito de Camamu, que se inicia em 1 de janeiro de 2025. \u201cConversamos sobre as prioridades do munic\u00edpio e alinhamos projetos importantes para impulsionar o desenvolvimento da regi\u00e3o.\u201d Disse o deputado. Neto ainda destacou o empenho do prefeito em buscar recursos necess\u00e1rios para continuar o trabalho e seguir melhorando a qualidade de vida da popula\u00e7\u00e3o de Camamu. Na sede do partido Avante, tamb\u00e9m participaram do [&hellip;]<\/p>\n","protected":false},"author":2,"featured_media":138289,"comment_status":"closed","ping_status":"open","sticky":false,"template":"","format":"standard","meta":[],"categories":[11],"tags":[],"_links":{"self":[{"href":"https:\/\/www.barragrande24horas.com.br\/v1\/wp-json\/wp\/v2\/posts\/138287"}],"collection":[{"href":"https:\/\/www.barragrande24horas.com.br\/v1\/wp-json\/wp\/v2\/posts"}],"about":[{"href":"https:\/\/www.barragrande24horas.com.br\/v1\/wp-json\/wp\/v2\/types\/post"}],"author":[{"embeddable":true,"href":"https:\/\/www.barragrande24horas.com.br\/v1\/wp-json\/wp\/v2\/users\/2"}],"replies":[{"embeddable":true,"href":"https:\/\/www.barragrande24horas.com.br\/v1\/wp-json\/wp\/v2\/comments?post=138287"}],"version-history":[{"count":1,"href":"https:\/\/www.barragrande24horas.com.br\/v1\/wp-json\/wp\/v2\/posts\/138287\/revisions"}],"predecessor-version":[{"id":138288,"href":"https:\/\/www.barragrande24horas.com.br\/v1\/wp-json\/wp\/v2\/posts\/138287\/revisions\/138288"}],"wp:featuredmedia":[{"embeddable":true,"href":"https:\/\/www.barragrande24horas.com.br\/v1\/wp-json\/wp\/v2\/media\/138289"}],"wp:attachment":[{"href":"https:\/\/www.barragrande24horas.com.br\/v1\/wp-json\/wp\/v2\/media?parent=138287"}],"wp:term":[{"taxonomy":"category","embeddable":true,"href":"https:\/\/www.barragrande24horas.com.br\/v1\/wp-json\/wp\/v2\/categories?post=138287"},{"taxonomy":"post_tag","embeddable":true,"href":"https:\/\/www.barragrande24horas.com.br\/v1\/wp-json\/wp\/v2\/tags?post=138287"}],"curies":[{"name":"wp","href":"https:\/\/api.w.org\/{rel}","templated":true}]}}