{"id":138283,"date":"2024-11-04T20:35:04","date_gmt":"2024-11-04T23:35:04","guid":{"rendered":"https:\/\/www.barragrande24horas.com.br\/v1\/?p=138283"},"modified":"2024-11-04T20:35:04","modified_gmt":"2024-11-04T23:35:04","slug":"je-assuncao-e-val-de-gude-celebram-vitoria-com-culto-de-gratidao-em-ibirapitanga","status":"publish","type":"post","link":"https:\/\/www.barragrande24horas.com.br\/v1\/2024\/11\/04\/je-assuncao-e-val-de-gude-celebram-vitoria-com-culto-de-gratidao-em-ibirapitanga\/","title":{"rendered":"J\u00c9 ASSUN\u00c7\u00c3O E VAL DE GUDE CELEBRAM VIT\u00d3RIA COM CULTO DE GRATID\u00c3O EM IBIRAPITANGA"},"content":{"rendered":"<p>&nbsp;<\/p>\n<p>No \u00faltimo s\u00e1bado (02), o prefeito J\u00e9 Assun\u00e7\u00e3o e sua vice Val de Gude e vereadores eleitos em Ibirapitanga, realizaram o \u201cCulto da Gratid\u00e3o\u201d, na Pra\u00e7a Ivan Lima, reunindo a comunidade em uma celebra\u00e7\u00e3o de f\u00e9 e louvor. O evento contou com a participa\u00e7\u00e3o de importantes nomes da m\u00fasica gospel, como Raquel Olliver, Ryan Ribeiro, \u00c1tila Macedo e Rebeca Freitas, que embalaram o p\u00fablico com can\u00e7\u00f5es de adora\u00e7\u00e3o e mensagens de esperan\u00e7a.<\/p>\n<div id=\"attachment_138284\" style=\"width: 810px\" class=\"wp-caption alignnone\"><a href=\"https:\/\/www.barragrande24horas.com.br\/v1\/wp-content\/uploads\/2024\/11\/ce91f8d3-650f-4ac3-a064-298428b2c1b0.jpeg\" class=\"gallery_colorbox\"><img aria-describedby=\"caption-attachment-138284\" loading=\"lazy\" class=\"size-full wp-image-138284\" src=\"https:\/\/www.barragrande24horas.com.br\/v1\/wp-content\/uploads\/2024\/11\/ce91f8d3-650f-4ac3-a064-298428b2c1b0.jpeg\"  alt=\"\" width=\"800\" height=\"523\" srcset=\"https:\/\/www.barragrande24horas.com.br\/v1\/wp-content\/uploads\/2024\/11\/ce91f8d3-650f-4ac3-a064-298428b2c1b0.jpeg 800w, https:\/\/www.barragrande24horas.com.br\/v1\/wp-content\/uploads\/2024\/11\/ce91f8d3-650f-4ac3-a064-298428b2c1b0-300x196.jpeg 300w, https:\/\/www.barragrande24horas.com.br\/v1\/wp-content\/uploads\/2024\/11\/ce91f8d3-650f-4ac3-a064-298428b2c1b0-768x502.jpeg 768w\" sizes=\"(max-width: 800px) 100vw, 800px\" \/><\/a><p id=\"caption-attachment-138284\" class=\"wp-caption-text\">Foto: Ryan Ara\u00fajo<\/p><\/div>\n<p>Em um discurso emocionado, J\u00e9 expressou sua gratid\u00e3o aos presentes e reafirmou seu compromisso com a popula\u00e7\u00e3o. \u201cPode jogar a pedra em J\u00e9. Mas, aqueles que est\u00e3o apostando que n\u00e3o farei um bom governo v\u00e3o estar errados. Porque junto com o povo ibirapitanguense, eu serei muralha, a fortaleza\u201d, declarou emocionado.<\/p>\n<p>Val tamb\u00e9m destacou a import\u00e2ncia da f\u00e9 no cotidiano, enfatizando como o apoio espiritual ajuda a enfrentar os desafios do dia a dia. \u201cA f\u00e9 \u00e9 um guia que ilumina nossos passos, e precisamos dela para enfrentar todas as adversidades\u201d, ressaltou.<\/p>\n<p>A noite de celebra\u00e7\u00e3o marcou a trajet\u00f3ria dos novos gestores, que demonstraram seu compromisso em governar ao lado da comunidade. Com o evento, J\u00e9 e Val refor\u00e7aram a import\u00e2ncia da uni\u00e3o e da f\u00e9, em seu projeto de construir um futuro promissor para Ibirapitanga.<\/p>\n","protected":false},"excerpt":{"rendered":"<p>&nbsp; No \u00faltimo s\u00e1bado (02), o prefeito J\u00e9 Assun\u00e7\u00e3o e sua vice Val de Gude e vereadores eleitos em Ibirapitanga, realizaram o \u201cCulto da Gratid\u00e3o\u201d, na Pra\u00e7a Ivan Lima, reunindo a comunidade em uma celebra\u00e7\u00e3o de f\u00e9 e louvor. O evento contou com a participa\u00e7\u00e3o de importantes nomes da m\u00fasica gospel, como Raquel Olliver, Ryan Ribeiro, \u00c1tila Macedo e Rebeca Freitas, que embalaram o p\u00fablico com can\u00e7\u00f5es de adora\u00e7\u00e3o e mensagens de esperan\u00e7a. Em um discurso emocionado, J\u00e9 expressou sua gratid\u00e3o aos presentes e reafirmou seu compromisso com a popula\u00e7\u00e3o. \u201cPode jogar a pedra em J\u00e9. Mas, aqueles que est\u00e3o [&hellip;]<\/p>\n","protected":false},"author":2,"featured_media":138285,"comment_status":"closed","ping_status":"open","sticky":false,"template":"","format":"standard","meta":[],"categories":[23],"tags":[],"_links":{"self":[{"href":"https:\/\/www.barragrande24horas.com.br\/v1\/wp-json\/wp\/v2\/posts\/138283"}],"collection":[{"href":"https:\/\/www.barragrande24horas.com.br\/v1\/wp-json\/wp\/v2\/posts"}],"about":[{"href":"https:\/\/www.barragrande24horas.com.br\/v1\/wp-json\/wp\/v2\/types\/post"}],"author":[{"embeddable":true,"href":"https:\/\/www.barragrande24horas.com.br\/v1\/wp-json\/wp\/v2\/users\/2"}],"replies":[{"embeddable":true,"href":"https:\/\/www.barragrande24horas.com.br\/v1\/wp-json\/wp\/v2\/comments?post=138283"}],"version-history":[{"count":1,"href":"https:\/\/www.barragrande24horas.com.br\/v1\/wp-json\/wp\/v2\/posts\/138283\/revisions"}],"predecessor-version":[{"id":138286,"href":"https:\/\/www.barragrande24horas.com.br\/v1\/wp-json\/wp\/v2\/posts\/138283\/revisions\/138286"}],"wp:featuredmedia":[{"embeddable":true,"href":"https:\/\/www.barragrande24horas.com.br\/v1\/wp-json\/wp\/v2\/media\/138285"}],"wp:attachment":[{"href":"https:\/\/www.barragrande24horas.com.br\/v1\/wp-json\/wp\/v2\/media?parent=138283"}],"wp:term":[{"taxonomy":"category","embeddable":true,"href":"https:\/\/www.barragrande24horas.com.br\/v1\/wp-json\/wp\/v2\/categories?post=138283"},{"taxonomy":"post_tag","embeddable":true,"href":"https:\/\/www.barragrande24horas.com.br\/v1\/wp-json\/wp\/v2\/tags?post=138283"}],"curies":[{"name":"wp","href":"https:\/\/api.w.org\/{rel}","templated":true}]}}