{"id":137964,"date":"2024-08-28T17:28:46","date_gmt":"2024-08-28T20:28:46","guid":{"rendered":"https:\/\/www.barragrande24horas.com.br\/v1\/?p=137964"},"modified":"2024-08-28T17:29:43","modified_gmt":"2024-08-28T20:29:43","slug":"liliano-leao-e-eleito-novo-presidente-da-camara-de-vereadores-de-marau","status":"publish","type":"post","link":"https:\/\/www.barragrande24horas.com.br\/v1\/2024\/08\/28\/liliano-leao-e-eleito-novo-presidente-da-camara-de-vereadores-de-marau\/","title":{"rendered":"LILIANO LE\u00c3O \u00c9 ELEITO NOVO PRESIDENTE DA C\u00c2MARA DE VEREADORES DE MARA\u00da"},"content":{"rendered":"<p class=\"p1\"><span class=\"s1\">A manh\u00e3 desta quarta-feira, 28 de agosto, foi bastante agitada na Sede do munic\u00edpio de Mara\u00fa. Com plen\u00e1rio da C\u00e2mara Municipal lotado, os vereadores elegeram um novo presidente, ap\u00f3s a ren\u00fancia da presid\u00eancia do vereador Osvaldo Ferreira Mota (Vado).<\/span><\/p>\n<p><a href=\"https:\/\/www.barragrande24horas.com.br\/v1\/wp-content\/uploads\/2024\/08\/b80abc81-fd4b-4164-8150-f9de651693f3.jpeg\" class=\"gallery_colorbox\"><img loading=\"lazy\" class=\"alignnone size-full wp-image-137966\" src=\"https:\/\/www.barragrande24horas.com.br\/v1\/wp-content\/uploads\/2024\/08\/b80abc81-fd4b-4164-8150-f9de651693f3.jpeg\"  alt=\"\" width=\"719\" height=\"1000\" srcset=\"https:\/\/www.barragrande24horas.com.br\/v1\/wp-content\/uploads\/2024\/08\/b80abc81-fd4b-4164-8150-f9de651693f3.jpeg 719w, https:\/\/www.barragrande24horas.com.br\/v1\/wp-content\/uploads\/2024\/08\/b80abc81-fd4b-4164-8150-f9de651693f3-216x300.jpeg 216w\" sizes=\"(max-width: 719px) 100vw, 719px\" \/><\/a><\/p>\n<p class=\"p1\"><span class=\"s1\">Os vereadores Augusto, Jaj\u00e1, Adailson, Adson, Deise, JEAZI (Cara de Nike) votaram para eleger Liliano como novo presidente da casa legislativa. <\/span><\/p>\n<p class=\"p1\"><span class=\"s1\">Os vereadores de oposi\u00e7\u00e3o, Gilran, Professor Gustavo e Paulino, se retiraram da sess\u00e3o antes do in\u00edcio da vota\u00e7\u00e3o que foi nominal e aberta. <\/span><\/p>\n","protected":false},"excerpt":{"rendered":"<p>A manh\u00e3 desta quarta-feira, 28 de agosto, foi bastante agitada na Sede do munic\u00edpio de Mara\u00fa. Com plen\u00e1rio da C\u00e2mara Municipal lotado, os vereadores elegeram um novo presidente, ap\u00f3s a ren\u00fancia da presid\u00eancia do vereador Osvaldo Ferreira Mota (Vado). Os vereadores Augusto, Jaj\u00e1, Adailson, Adson, Deise, JEAZI (Cara de Nike) votaram para eleger Liliano como novo presidente da casa legislativa. Os vereadores de oposi\u00e7\u00e3o, Gilran, Professor Gustavo e Paulino, se retiraram da sess\u00e3o antes do in\u00edcio da vota\u00e7\u00e3o que foi nominal e aberta.<\/p>\n","protected":false},"author":2,"featured_media":137965,"comment_status":"closed","ping_status":"open","sticky":false,"template":"","format":"standard","meta":[],"categories":[27],"tags":[],"_links":{"self":[{"href":"https:\/\/www.barragrande24horas.com.br\/v1\/wp-json\/wp\/v2\/posts\/137964"}],"collection":[{"href":"https:\/\/www.barragrande24horas.com.br\/v1\/wp-json\/wp\/v2\/posts"}],"about":[{"href":"https:\/\/www.barragrande24horas.com.br\/v1\/wp-json\/wp\/v2\/types\/post"}],"author":[{"embeddable":true,"href":"https:\/\/www.barragrande24horas.com.br\/v1\/wp-json\/wp\/v2\/users\/2"}],"replies":[{"embeddable":true,"href":"https:\/\/www.barragrande24horas.com.br\/v1\/wp-json\/wp\/v2\/comments?post=137964"}],"version-history":[{"count":2,"href":"https:\/\/www.barragrande24horas.com.br\/v1\/wp-json\/wp\/v2\/posts\/137964\/revisions"}],"predecessor-version":[{"id":137968,"href":"https:\/\/www.barragrande24horas.com.br\/v1\/wp-json\/wp\/v2\/posts\/137964\/revisions\/137968"}],"wp:featuredmedia":[{"embeddable":true,"href":"https:\/\/www.barragrande24horas.com.br\/v1\/wp-json\/wp\/v2\/media\/137965"}],"wp:attachment":[{"href":"https:\/\/www.barragrande24horas.com.br\/v1\/wp-json\/wp\/v2\/media?parent=137964"}],"wp:term":[{"taxonomy":"category","embeddable":true,"href":"https:\/\/www.barragrande24horas.com.br\/v1\/wp-json\/wp\/v2\/categories?post=137964"},{"taxonomy":"post_tag","embeddable":true,"href":"https:\/\/www.barragrande24horas.com.br\/v1\/wp-json\/wp\/v2\/tags?post=137964"}],"curies":[{"name":"wp","href":"https:\/\/api.w.org\/{rel}","templated":true}]}}