{"id":137900,"date":"2024-08-21T09:11:13","date_gmt":"2024-08-21T12:11:13","guid":{"rendered":"https:\/\/www.barragrande24horas.com.br\/v1\/?p=137900"},"modified":"2024-08-21T09:11:13","modified_gmt":"2024-08-21T12:11:13","slug":"urucuca-mpe-entra-com-pedido-de-impugnacao-do-registro-de-candidatura-de-davi-farias","status":"publish","type":"post","link":"https:\/\/www.barragrande24horas.com.br\/v1\/2024\/08\/21\/urucuca-mpe-entra-com-pedido-de-impugnacao-do-registro-de-candidatura-de-davi-farias\/","title":{"rendered":"URU\u00c7UCA: MPE ENTRA COM PEDIDO DE IMPUGNA\u00c7\u00c3O DO REGISTRO DE CANDIDATURA DE DAVI FARIAS"},"content":{"rendered":"<p>&nbsp;<\/p>\n<p>&nbsp;<\/p>\n<p>&nbsp;<\/p>\n<p style=\"text-align: justify;\">\n<p style=\"text-align: justify;\">O Minist\u00e9rio P\u00fablico Eleitoral (MPE) entrou com um pedido de impugna\u00e7\u00e3o do registro de candidatura de Davi, candidato a prefeito de Uru\u00e7uca pelo partido Avante. A promotora Alicia Violeta Botelho fundamentou a solicita\u00e7\u00e3o com base em uma condena\u00e7\u00e3o com tr\u00e2nsito em julgado que Davi possui no estado de S\u00e3o Paulo, fato que o torna ineleg\u00edvel segundo a legisla\u00e7\u00e3o eleitoral vigente.<\/p>\n<p style=\"text-align: justify;\">A medida do MPE trouxe uma reviravolta na candidatura de Davi, gerando apreens\u00e3o entre os membros do governo estadual. Desde 2017, Uru\u00e7uca \u00e9 administrada por um pol\u00edtico aliado de ACM Neto (Uni\u00e3o Brasil), o que intensifica a import\u00e2ncia da disputa pelo controle da cidade no contexto pol\u00edtico da Bahia. Recentemente, os bastidores pol\u00edticos de Uru\u00e7uca j\u00e1 haviam sido sacudidos com a retirada da candidatura da ex-prefeita Fernanda Silva (PT).<\/p>\n<p style=\"text-align: justify;\">Agora, com o pedido de impugna\u00e7\u00e3o contra Davi, a situa\u00e7\u00e3o se torna ainda mais complexa. De acordo com uma fonte pr\u00f3xima ao governo, o governador Jer\u00f4nimo Rodrigues (PT) est\u00e1 se mobilizando para reunir integrantes do PT e do Avante com o objetivo de discutir a situa\u00e7\u00e3o em Uru\u00e7uca e tra\u00e7ar as pr\u00f3ximas estrat\u00e9gias para a campanha eleitoral<em>. (Reda\u00e7\u00e3o: Jackson Cristiano\/Ubaitaba Urgente)<\/em><\/p>\n","protected":false},"excerpt":{"rendered":"<p>&nbsp; &nbsp; &nbsp; O Minist\u00e9rio P\u00fablico Eleitoral (MPE) entrou com um pedido de impugna\u00e7\u00e3o do registro de candidatura de Davi, candidato a prefeito de Uru\u00e7uca pelo partido Avante. A promotora Alicia Violeta Botelho fundamentou a solicita\u00e7\u00e3o com base em uma condena\u00e7\u00e3o com tr\u00e2nsito em julgado que Davi possui no estado de S\u00e3o Paulo, fato que o torna ineleg\u00edvel segundo a legisla\u00e7\u00e3o eleitoral vigente. A medida do MPE trouxe uma reviravolta na candidatura de Davi, gerando apreens\u00e3o entre os membros do governo estadual. Desde 2017, Uru\u00e7uca \u00e9 administrada por um pol\u00edtico aliado de ACM Neto (Uni\u00e3o Brasil), o que intensifica a [&hellip;]<\/p>\n","protected":false},"author":2,"featured_media":137901,"comment_status":"closed","ping_status":"open","sticky":false,"template":"","format":"standard","meta":[],"categories":[11],"tags":[],"_links":{"self":[{"href":"https:\/\/www.barragrande24horas.com.br\/v1\/wp-json\/wp\/v2\/posts\/137900"}],"collection":[{"href":"https:\/\/www.barragrande24horas.com.br\/v1\/wp-json\/wp\/v2\/posts"}],"about":[{"href":"https:\/\/www.barragrande24horas.com.br\/v1\/wp-json\/wp\/v2\/types\/post"}],"author":[{"embeddable":true,"href":"https:\/\/www.barragrande24horas.com.br\/v1\/wp-json\/wp\/v2\/users\/2"}],"replies":[{"embeddable":true,"href":"https:\/\/www.barragrande24horas.com.br\/v1\/wp-json\/wp\/v2\/comments?post=137900"}],"version-history":[{"count":1,"href":"https:\/\/www.barragrande24horas.com.br\/v1\/wp-json\/wp\/v2\/posts\/137900\/revisions"}],"predecessor-version":[{"id":137902,"href":"https:\/\/www.barragrande24horas.com.br\/v1\/wp-json\/wp\/v2\/posts\/137900\/revisions\/137902"}],"wp:featuredmedia":[{"embeddable":true,"href":"https:\/\/www.barragrande24horas.com.br\/v1\/wp-json\/wp\/v2\/media\/137901"}],"wp:attachment":[{"href":"https:\/\/www.barragrande24horas.com.br\/v1\/wp-json\/wp\/v2\/media?parent=137900"}],"wp:term":[{"taxonomy":"category","embeddable":true,"href":"https:\/\/www.barragrande24horas.com.br\/v1\/wp-json\/wp\/v2\/categories?post=137900"},{"taxonomy":"post_tag","embeddable":true,"href":"https:\/\/www.barragrande24horas.com.br\/v1\/wp-json\/wp\/v2\/tags?post=137900"}],"curies":[{"name":"wp","href":"https:\/\/api.w.org\/{rel}","templated":true}]}}