{"id":137856,"date":"2024-08-06T18:21:46","date_gmt":"2024-08-06T21:21:46","guid":{"rendered":"https:\/\/www.barragrande24horas.com.br\/v1\/?p=137856"},"modified":"2024-08-06T18:21:46","modified_gmt":"2024-08-06T21:21:46","slug":"convencao-do-avante-em-camamu-reune-multidao-e-confirma-chapa-com-irmao-jairo-e-beto-do-cacau","status":"publish","type":"post","link":"https:\/\/www.barragrande24horas.com.br\/v1\/2024\/08\/06\/convencao-do-avante-em-camamu-reune-multidao-e-confirma-chapa-com-irmao-jairo-e-beto-do-cacau\/","title":{"rendered":"CONVEN\u00c7\u00c3O DO AVANTE EM CAMAMU, RE\u00daNE MULTID\u00c3O E CONFIRMA CHAPA COM IRM\u00c3O JAIRO E BETO DO CACAU"},"content":{"rendered":"<p>&nbsp;<\/p>\n<h1 class=\"jeg_post_title\"><\/h1>\n<div class=\"jeg_meta_container\">\n<div><\/div>\n<\/div>\n<p style=\"text-align: justify;\">Uma conven\u00e7\u00e3o para marcar um novo cap\u00edtulo da hist\u00f3ria pol\u00edtica de Camamu. O prefeito Irm\u00e3o Enoc conseguiu mostrar sua capacidade pol\u00edtica, e junto com Irm\u00e3o Jairo, deixou cravado a maior conven\u00e7\u00e3o j\u00e1 vista na cidade, com um p\u00fablico nunca visto antes.<\/p>\n<p><a href=\"https:\/\/www.barragrande24horas.com.br\/v1\/wp-content\/uploads\/2024\/08\/WhatsApp-Image-2024-08-06-at-13.05.50.jpeg\" class=\"gallery_colorbox\"><img loading=\"lazy\" class=\" wp-image-137857 aligncenter\" src=\"https:\/\/www.barragrande24horas.com.br\/v1\/wp-content\/uploads\/2024\/08\/WhatsApp-Image-2024-08-06-at-13.05.50.jpeg\"  alt=\"\" width=\"595\" height=\"397\" srcset=\"https:\/\/www.barragrande24horas.com.br\/v1\/wp-content\/uploads\/2024\/08\/WhatsApp-Image-2024-08-06-at-13.05.50.jpeg 800w, https:\/\/www.barragrande24horas.com.br\/v1\/wp-content\/uploads\/2024\/08\/WhatsApp-Image-2024-08-06-at-13.05.50-300x200.jpeg 300w, https:\/\/www.barragrande24horas.com.br\/v1\/wp-content\/uploads\/2024\/08\/WhatsApp-Image-2024-08-06-at-13.05.50-768x513.jpeg 768w\" sizes=\"(max-width: 595px) 100vw, 595px\" \/><\/a><\/p>\n<p style=\"text-align: justify;\">Sendo assim, durante conven\u00e7\u00e3o partid\u00e1ria realizada na \u00faltima segunda-feira (5), no Gin\u00e1sio de Esportes Lenilton Canela, o Avante oficializou a candidatura da Irm\u00e3o Jairo na disputa pela prefeitura de Camamu. O pol\u00edtico ter\u00e1 como companheiro de chapa o empres\u00e1rio Beto do Cacau do distrito de Travess\u00e3o.<\/p>\n<p><a href=\"https:\/\/www.barragrande24horas.com.br\/v1\/wp-content\/uploads\/2024\/08\/WhatsApp-Image-2024-08-06-at-13.05.39.jpeg\" class=\"gallery_colorbox\"><img loading=\"lazy\" class=\" wp-image-137860 aligncenter\" src=\"https:\/\/www.barragrande24horas.com.br\/v1\/wp-content\/uploads\/2024\/08\/WhatsApp-Image-2024-08-06-at-13.05.39.jpeg\"  alt=\"\" width=\"589\" height=\"393\" srcset=\"https:\/\/www.barragrande24horas.com.br\/v1\/wp-content\/uploads\/2024\/08\/WhatsApp-Image-2024-08-06-at-13.05.39.jpeg 800w, https:\/\/www.barragrande24horas.com.br\/v1\/wp-content\/uploads\/2024\/08\/WhatsApp-Image-2024-08-06-at-13.05.39-300x200.jpeg 300w, https:\/\/www.barragrande24horas.com.br\/v1\/wp-content\/uploads\/2024\/08\/WhatsApp-Image-2024-08-06-at-13.05.39-768x513.jpeg 768w\" sizes=\"(max-width: 589px) 100vw, 589px\" \/><\/a><\/p>\n<p style=\"text-align: justify;\">Al\u00e9m das candidaturas para o executivo, foram apresentados os pr\u00e9-candidatos a vereador\/a. A coliga\u00e7\u00e3o composta pelos partidos Avante, MDB, PDT e REPUBLICANOS lan\u00e7ou ao todo 50 candidatos. Participaram da conven\u00e7\u00e3o, os deputados Neto Carletto, Alex Santana e Niltinho.<\/p>\n<p><a href=\"https:\/\/www.barragrande24horas.com.br\/v1\/wp-content\/uploads\/2024\/08\/WhatsApp-Image-2024-08-06-at-13.05.49.jpeg\" class=\"gallery_colorbox\"><img loading=\"lazy\" class=\" wp-image-137859 aligncenter\" src=\"https:\/\/www.barragrande24horas.com.br\/v1\/wp-content\/uploads\/2024\/08\/WhatsApp-Image-2024-08-06-at-13.05.49.jpeg\"  alt=\"\" width=\"593\" height=\"396\" srcset=\"https:\/\/www.barragrande24horas.com.br\/v1\/wp-content\/uploads\/2024\/08\/WhatsApp-Image-2024-08-06-at-13.05.49.jpeg 800w, https:\/\/www.barragrande24horas.com.br\/v1\/wp-content\/uploads\/2024\/08\/WhatsApp-Image-2024-08-06-at-13.05.49-300x200.jpeg 300w, https:\/\/www.barragrande24horas.com.br\/v1\/wp-content\/uploads\/2024\/08\/WhatsApp-Image-2024-08-06-at-13.05.49-768x513.jpeg 768w\" sizes=\"(max-width: 593px) 100vw, 593px\" \/><\/a><\/p>\n<blockquote>\n<p style=\"text-align: justify;\">&#8220;A Maior Conven\u00e7\u00e3o da Hist\u00f3ria da nossa Cidade foi um sucesso gra\u00e7as a cada um de voc\u00eas. \ud83e\udde1<br \/>\nO comparecimento em massa mostrou que juntos queremos continuar avan\u00e7ando e construindo um futuro ainda mais brilhante para nossa cidade.&#8221; Disse Irm\u00e3o Jairo no Instagram.<\/p>\n<\/blockquote>\n<p style=\"text-align: justify;\">\n<p style=\"text-align: justify;\"><a href=\"https:\/\/www.barragrande24horas.com.br\/v1\/wp-content\/uploads\/2024\/08\/WhatsApp-Image-2024-08-06-at-17.39.50.jpeg\" class=\"gallery_colorbox\"><img loading=\"lazy\" class=\" wp-image-137861 aligncenter\" src=\"https:\/\/www.barragrande24horas.com.br\/v1\/wp-content\/uploads\/2024\/08\/WhatsApp-Image-2024-08-06-at-17.39.50.jpeg\"  alt=\"\" width=\"591\" height=\"394\" srcset=\"https:\/\/www.barragrande24horas.com.br\/v1\/wp-content\/uploads\/2024\/08\/WhatsApp-Image-2024-08-06-at-17.39.50.jpeg 800w, https:\/\/www.barragrande24horas.com.br\/v1\/wp-content\/uploads\/2024\/08\/WhatsApp-Image-2024-08-06-at-17.39.50-300x200.jpeg 300w, https:\/\/www.barragrande24horas.com.br\/v1\/wp-content\/uploads\/2024\/08\/WhatsApp-Image-2024-08-06-at-17.39.50-768x512.jpeg 768w\" sizes=\"(max-width: 591px) 100vw, 591px\" \/><\/a><\/p>\n<div id=\"mid2\" class=\"custom__ad__element\" style=\"text-align: justify;\" data-google-query-id=\"CNPuyq2e4YcDFZ9NuAQdQSwQog\"><\/div>\n","protected":false},"excerpt":{"rendered":"<p>&nbsp; Uma conven\u00e7\u00e3o para marcar um novo cap\u00edtulo da hist\u00f3ria pol\u00edtica de Camamu. O prefeito Irm\u00e3o Enoc conseguiu mostrar sua capacidade pol\u00edtica, e junto com Irm\u00e3o Jairo, deixou cravado a maior conven\u00e7\u00e3o j\u00e1 vista na cidade, com um p\u00fablico nunca visto antes. Sendo assim, durante conven\u00e7\u00e3o partid\u00e1ria realizada na \u00faltima segunda-feira (5), no Gin\u00e1sio de Esportes Lenilton Canela, o Avante oficializou a candidatura da Irm\u00e3o Jairo na disputa pela prefeitura de Camamu. O pol\u00edtico ter\u00e1 como companheiro de chapa o empres\u00e1rio Beto do Cacau do distrito de Travess\u00e3o. Al\u00e9m das candidaturas para o executivo, foram apresentados os pr\u00e9-candidatos a vereador\/a. [&hellip;]<\/p>\n","protected":false},"author":2,"featured_media":137858,"comment_status":"closed","ping_status":"open","sticky":false,"template":"","format":"standard","meta":[],"categories":[11],"tags":[],"_links":{"self":[{"href":"https:\/\/www.barragrande24horas.com.br\/v1\/wp-json\/wp\/v2\/posts\/137856"}],"collection":[{"href":"https:\/\/www.barragrande24horas.com.br\/v1\/wp-json\/wp\/v2\/posts"}],"about":[{"href":"https:\/\/www.barragrande24horas.com.br\/v1\/wp-json\/wp\/v2\/types\/post"}],"author":[{"embeddable":true,"href":"https:\/\/www.barragrande24horas.com.br\/v1\/wp-json\/wp\/v2\/users\/2"}],"replies":[{"embeddable":true,"href":"https:\/\/www.barragrande24horas.com.br\/v1\/wp-json\/wp\/v2\/comments?post=137856"}],"version-history":[{"count":1,"href":"https:\/\/www.barragrande24horas.com.br\/v1\/wp-json\/wp\/v2\/posts\/137856\/revisions"}],"predecessor-version":[{"id":137862,"href":"https:\/\/www.barragrande24horas.com.br\/v1\/wp-json\/wp\/v2\/posts\/137856\/revisions\/137862"}],"wp:featuredmedia":[{"embeddable":true,"href":"https:\/\/www.barragrande24horas.com.br\/v1\/wp-json\/wp\/v2\/media\/137858"}],"wp:attachment":[{"href":"https:\/\/www.barragrande24horas.com.br\/v1\/wp-json\/wp\/v2\/media?parent=137856"}],"wp:term":[{"taxonomy":"category","embeddable":true,"href":"https:\/\/www.barragrande24horas.com.br\/v1\/wp-json\/wp\/v2\/categories?post=137856"},{"taxonomy":"post_tag","embeddable":true,"href":"https:\/\/www.barragrande24horas.com.br\/v1\/wp-json\/wp\/v2\/tags?post=137856"}],"curies":[{"name":"wp","href":"https:\/\/api.w.org\/{rel}","templated":true}]}}