{"id":137771,"date":"2024-07-26T23:35:09","date_gmt":"2024-07-27T02:35:09","guid":{"rendered":"https:\/\/www.barragrande24horas.com.br\/v1\/?p=137771"},"modified":"2024-07-26T23:35:09","modified_gmt":"2024-07-27T02:35:09","slug":"convencao-do-avante-vai-oficializar-candidatura-de-irmao-jairo-em-camamu-no-dia-5-de-agosto","status":"publish","type":"post","link":"https:\/\/www.barragrande24horas.com.br\/v1\/2024\/07\/26\/convencao-do-avante-vai-oficializar-candidatura-de-irmao-jairo-em-camamu-no-dia-5-de-agosto\/","title":{"rendered":"CONVEN\u00c7\u00c3O DO AVANTE VAI OFICIALIZAR CANDIDATURA DE IRM\u00c3O JAIRO EM CAMAMU NO DIA 5 DE AGOSTO"},"content":{"rendered":"<div class=\"x9f619 xjbqb8w x78zum5 x168nmei x13lgxp2 x5pf9jr xo71vjh xsag5q8 xz9dl7a x1uhb9sk x1plvlek xryxfnj x1c4vz4f x2lah0s x1q0g3np xqjyukv x1qjc9v5 x1oa3qoh x1nhvcw1\">\n<div class=\"x9f619 xjbqb8w x78zum5 x168nmei x13lgxp2 x5pf9jr xo71vjh x1uhb9sk x1plvlek xryxfnj x1iyjqo2 x2lwn1j xeuugli x1q0g3np xqjyukv x1qjc9v5 x1oa3qoh x1nhvcw1\">\n<div class=\"x9f619 xjbqb8w x78zum5 x168nmei x13lgxp2 x5pf9jr xo71vjh x1uhb9sk x1plvlek xryxfnj x1iyjqo2 x2lwn1j xeuugli xdt5ytf xqjyukv x1qjc9v5 x1oa3qoh x1nhvcw1\">\n<div>\n<h1 class=\"post__title px-lg-0 py-1 text-center\"><\/h1>\n<\/div>\n<div class=\"x9f619 xjbqb8w x78zum5 x168nmei x13lgxp2 x5pf9jr xo71vjh x1uhb9sk x1plvlek xryxfnj x1c4vz4f x2lah0s xdt5ytf xqjyukv x1qjc9v5 x1oa3qoh x1nhvcw1\"><span class=\"x193iq5w xeuugli x1fj9vlw x13faqbe x1vvkbs xt0psk2 x1i0vuye xvs91rp xo1l8bm x5n08af x10wh9bi x1wdrske x8viiok x18hxmgj\">A conven\u00e7\u00e3o &#8220;Camamu no caminho certo&#8221; que ir\u00e1 oficializar a candidatura de Irm\u00e3o Jairo \u00e0 Prefeitura ser\u00e1 no dia 05 de agosto, \u00e0s 18 horas, no Gin\u00e1sio de Esportes Lenilton Canela. A coliga\u00e7\u00e3o \u00e9 composta por uma ampla alian\u00e7a de partidos. Al\u00e9m do AVANTE e do MDB, a coliga\u00e7\u00e3o inclui o Republicanos e PDT.<\/p>\n<p><\/span><\/div>\n<div><a href=\"https:\/\/www.barragrande24horas.com.br\/v1\/wp-content\/uploads\/2024\/07\/WhatsApp-Image-2024-07-26-at-16.40.10.jpeg\" class=\"gallery_colorbox\"><img loading=\"lazy\" class=\" wp-image-137767 aligncenter\" src=\"https:\/\/www.barragrande24horas.com.br\/v1\/wp-content\/uploads\/2024\/07\/WhatsApp-Image-2024-07-26-at-16.40.10.jpeg\"  alt=\"\" width=\"600\" height=\"745\" srcset=\"https:\/\/www.barragrande24horas.com.br\/v1\/wp-content\/uploads\/2024\/07\/WhatsApp-Image-2024-07-26-at-16.40.10.jpeg 800w, https:\/\/www.barragrande24horas.com.br\/v1\/wp-content\/uploads\/2024\/07\/WhatsApp-Image-2024-07-26-at-16.40.10-242x300.jpeg 242w, https:\/\/www.barragrande24horas.com.br\/v1\/wp-content\/uploads\/2024\/07\/WhatsApp-Image-2024-07-26-at-16.40.10-768x953.jpeg 768w\" sizes=\"(max-width: 600px) 100vw, 600px\" \/><\/a><\/div>\n<\/div>\n<\/div>\n<\/div>\n","protected":false},"excerpt":{"rendered":"<p>A conven\u00e7\u00e3o &#8220;Camamu no caminho certo&#8221; que ir\u00e1 oficializar a candidatura de Irm\u00e3o Jairo \u00e0 Prefeitura ser\u00e1 no dia 05 de agosto, \u00e0s 18 horas, no Gin\u00e1sio de Esportes Lenilton Canela. A coliga\u00e7\u00e3o \u00e9 composta por uma ampla alian\u00e7a de partidos. Al\u00e9m do AVANTE e do MDB, a coliga\u00e7\u00e3o inclui o Republicanos e PDT.<\/p>\n","protected":false},"author":2,"featured_media":137768,"comment_status":"closed","ping_status":"open","sticky":false,"template":"","format":"standard","meta":[],"categories":[11],"tags":[],"_links":{"self":[{"href":"https:\/\/www.barragrande24horas.com.br\/v1\/wp-json\/wp\/v2\/posts\/137771"}],"collection":[{"href":"https:\/\/www.barragrande24horas.com.br\/v1\/wp-json\/wp\/v2\/posts"}],"about":[{"href":"https:\/\/www.barragrande24horas.com.br\/v1\/wp-json\/wp\/v2\/types\/post"}],"author":[{"embeddable":true,"href":"https:\/\/www.barragrande24horas.com.br\/v1\/wp-json\/wp\/v2\/users\/2"}],"replies":[{"embeddable":true,"href":"https:\/\/www.barragrande24horas.com.br\/v1\/wp-json\/wp\/v2\/comments?post=137771"}],"version-history":[{"count":1,"href":"https:\/\/www.barragrande24horas.com.br\/v1\/wp-json\/wp\/v2\/posts\/137771\/revisions"}],"predecessor-version":[{"id":137772,"href":"https:\/\/www.barragrande24horas.com.br\/v1\/wp-json\/wp\/v2\/posts\/137771\/revisions\/137772"}],"wp:featuredmedia":[{"embeddable":true,"href":"https:\/\/www.barragrande24horas.com.br\/v1\/wp-json\/wp\/v2\/media\/137768"}],"wp:attachment":[{"href":"https:\/\/www.barragrande24horas.com.br\/v1\/wp-json\/wp\/v2\/media?parent=137771"}],"wp:term":[{"taxonomy":"category","embeddable":true,"href":"https:\/\/www.barragrande24horas.com.br\/v1\/wp-json\/wp\/v2\/categories?post=137771"},{"taxonomy":"post_tag","embeddable":true,"href":"https:\/\/www.barragrande24horas.com.br\/v1\/wp-json\/wp\/v2\/tags?post=137771"}],"curies":[{"name":"wp","href":"https:\/\/api.w.org\/{rel}","templated":true}]}}