{"id":137707,"date":"2024-07-19T20:30:27","date_gmt":"2024-07-19T23:30:27","guid":{"rendered":"https:\/\/www.barragrande24horas.com.br\/v1\/?p=137707"},"modified":"2024-07-19T20:30:27","modified_gmt":"2024-07-19T23:30:27","slug":"revitalizacao-da-sede-de-marau-e-pauta-de-encontro-do-prefeito-manasses-com-grupo-espaco-xxi","status":"publish","type":"post","link":"https:\/\/www.barragrande24horas.com.br\/v1\/2024\/07\/19\/revitalizacao-da-sede-de-marau-e-pauta-de-encontro-do-prefeito-manasses-com-grupo-espaco-xxi\/","title":{"rendered":"REVITALIZA\u00c7\u00c3O DA SEDE DE MARA\u00da \u00c9 PAUTA DE ENCONTRO DO PREFEITO MANASS\u00c9S COM GRUPO ESPA\u00c7O XXI"},"content":{"rendered":"<p>&nbsp;<\/p>\n<p>&nbsp;<\/p>\n<p style=\"text-align: justify;\">O Prefeito Manass\u00e9s continua atuando para desenvolver a\u00e7\u00f5es que contribua no desenvolvimento tur\u00edstico do munic\u00edpio de Mara\u00fa. Nesta sexta-feira, 19\/07 mais uma vez recebeu Dr Carlos Chaves &#8211; diretor do grupo Espa\u00e7o XXI e Jos\u00e9 a Antonio Engeheiro administrador e respons\u00e1vel pelo projeto que ser\u00e1 constru\u00eddo.<\/p>\n<p><a href=\"https:\/\/www.barragrande24horas.com.br\/v1\/wp-content\/uploads\/2024\/07\/WhatsApp-Image-2024-07-19-at-19.21.11-1_Easy-Resize.com_.jpg\" class=\"gallery_colorbox\"><img loading=\"lazy\" class=\" wp-image-137710 aligncenter\" src=\"https:\/\/www.barragrande24horas.com.br\/v1\/wp-content\/uploads\/2024\/07\/WhatsApp-Image-2024-07-19-at-19.21.11-1_Easy-Resize.com_.jpg\"  alt=\"\" width=\"581\" height=\"436\" srcset=\"https:\/\/www.barragrande24horas.com.br\/v1\/wp-content\/uploads\/2024\/07\/WhatsApp-Image-2024-07-19-at-19.21.11-1_Easy-Resize.com_.jpg 800w, https:\/\/www.barragrande24horas.com.br\/v1\/wp-content\/uploads\/2024\/07\/WhatsApp-Image-2024-07-19-at-19.21.11-1_Easy-Resize.com_-300x225.jpg 300w, https:\/\/www.barragrande24horas.com.br\/v1\/wp-content\/uploads\/2024\/07\/WhatsApp-Image-2024-07-19-at-19.21.11-1_Easy-Resize.com_-768x576.jpg 768w, https:\/\/www.barragrande24horas.com.br\/v1\/wp-content\/uploads\/2024\/07\/WhatsApp-Image-2024-07-19-at-19.21.11-1_Easy-Resize.com_-180x135.jpg 180w, https:\/\/www.barragrande24horas.com.br\/v1\/wp-content\/uploads\/2024\/07\/WhatsApp-Image-2024-07-19-at-19.21.11-1_Easy-Resize.com_-400x300.jpg 400w, https:\/\/www.barragrande24horas.com.br\/v1\/wp-content\/uploads\/2024\/07\/WhatsApp-Image-2024-07-19-at-19.21.11-1_Easy-Resize.com_-600x450.jpg 600w\" sizes=\"(max-width: 581px) 100vw, 581px\" \/><\/a><\/p>\n<p style=\"text-align: justify;\">Nessa visita estava em pauta o projeto de revitaliza\u00e7\u00e3o da cidade de Mara\u00fa que faz parte de compromisso de contra partida do grupo Am\u00e9rico Amorim. Com a possibilidade de in\u00edcio das obras da BR-030, O grupo e a prefeitura est\u00e3o tratando do antigo compromisso de contribui\u00e7\u00e3o e melhorias na sede do munic\u00edpio.<\/p>\n<p><a href=\"https:\/\/www.barragrande24horas.com.br\/v1\/wp-content\/uploads\/2024\/07\/WhatsApp-Image-2024-07-19-at-19.21.10-1.jpeg\" class=\"gallery_colorbox\"><img loading=\"lazy\" class=\" wp-image-137708 aligncenter\" src=\"https:\/\/www.barragrande24horas.com.br\/v1\/wp-content\/uploads\/2024\/07\/WhatsApp-Image-2024-07-19-at-19.21.10-1.jpeg\"  alt=\"\" width=\"588\" height=\"441\" srcset=\"https:\/\/www.barragrande24horas.com.br\/v1\/wp-content\/uploads\/2024\/07\/WhatsApp-Image-2024-07-19-at-19.21.10-1.jpeg 800w, https:\/\/www.barragrande24horas.com.br\/v1\/wp-content\/uploads\/2024\/07\/WhatsApp-Image-2024-07-19-at-19.21.10-1-300x225.jpeg 300w, https:\/\/www.barragrande24horas.com.br\/v1\/wp-content\/uploads\/2024\/07\/WhatsApp-Image-2024-07-19-at-19.21.10-1-768x576.jpeg 768w, https:\/\/www.barragrande24horas.com.br\/v1\/wp-content\/uploads\/2024\/07\/WhatsApp-Image-2024-07-19-at-19.21.10-1-180x135.jpeg 180w, https:\/\/www.barragrande24horas.com.br\/v1\/wp-content\/uploads\/2024\/07\/WhatsApp-Image-2024-07-19-at-19.21.10-1-400x300.jpeg 400w, https:\/\/www.barragrande24horas.com.br\/v1\/wp-content\/uploads\/2024\/07\/WhatsApp-Image-2024-07-19-at-19.21.10-1-600x450.jpeg 600w\" sizes=\"(max-width: 588px) 100vw, 588px\" \/><\/a><\/p>\n<p style=\"text-align: justify;\">O Prefeito Manass\u00e9s encerrou mais uma semana de muito trabalho mostrando seu empenho e compromisso com povo marauense. Grupo Portugu\u00eas &#8211; Am\u00e9rico Amorim vai implantar o Complexo Hoteleiro denominado Espa\u00e7o XXI. O equipamento ser\u00e1 o maior empreendimento Imobilia\u0301rio do Estado da Bahiia. O empreendimento devera\u0301 abrigar, ale\u0301m das mais luxuosas Habitac\u0327o\u0303es, Hote\u0301is, Campo de golf, Beach Club, Quadras e Heliportos.<\/p>\n<p><a href=\"https:\/\/www.barragrande24horas.com.br\/v1\/wp-content\/uploads\/2024\/07\/WhatsApp-Image-2024-07-19-at-19.21.11-2_Easy-Resize.com_.jpg\" class=\"gallery_colorbox\"><img loading=\"lazy\" class=\" wp-image-137711 aligncenter\" src=\"https:\/\/www.barragrande24horas.com.br\/v1\/wp-content\/uploads\/2024\/07\/WhatsApp-Image-2024-07-19-at-19.21.11-2_Easy-Resize.com_.jpg\"  alt=\"\" width=\"592\" height=\"444\" srcset=\"https:\/\/www.barragrande24horas.com.br\/v1\/wp-content\/uploads\/2024\/07\/WhatsApp-Image-2024-07-19-at-19.21.11-2_Easy-Resize.com_.jpg 800w, https:\/\/www.barragrande24horas.com.br\/v1\/wp-content\/uploads\/2024\/07\/WhatsApp-Image-2024-07-19-at-19.21.11-2_Easy-Resize.com_-300x225.jpg 300w, https:\/\/www.barragrande24horas.com.br\/v1\/wp-content\/uploads\/2024\/07\/WhatsApp-Image-2024-07-19-at-19.21.11-2_Easy-Resize.com_-768x576.jpg 768w, https:\/\/www.barragrande24horas.com.br\/v1\/wp-content\/uploads\/2024\/07\/WhatsApp-Image-2024-07-19-at-19.21.11-2_Easy-Resize.com_-180x135.jpg 180w, https:\/\/www.barragrande24horas.com.br\/v1\/wp-content\/uploads\/2024\/07\/WhatsApp-Image-2024-07-19-at-19.21.11-2_Easy-Resize.com_-400x300.jpg 400w, https:\/\/www.barragrande24horas.com.br\/v1\/wp-content\/uploads\/2024\/07\/WhatsApp-Image-2024-07-19-at-19.21.11-2_Easy-Resize.com_-600x450.jpg 600w\" sizes=\"(max-width: 592px) 100vw, 592px\" \/><\/a><\/p>\n","protected":false},"excerpt":{"rendered":"<p>&nbsp; &nbsp; O Prefeito Manass\u00e9s continua atuando para desenvolver a\u00e7\u00f5es que contribua no desenvolvimento tur\u00edstico do munic\u00edpio de Mara\u00fa. Nesta sexta-feira, 19\/07 mais uma vez recebeu Dr Carlos Chaves &#8211; diretor do grupo Espa\u00e7o XXI e Jos\u00e9 a Antonio Engeheiro administrador e respons\u00e1vel pelo projeto que ser\u00e1 constru\u00eddo. Nessa visita estava em pauta o projeto de revitaliza\u00e7\u00e3o da cidade de Mara\u00fa que faz parte de compromisso de contra partida do grupo Am\u00e9rico Amorim. Com a possibilidade de in\u00edcio das obras da BR-030, O grupo e a prefeitura est\u00e3o tratando do antigo compromisso de contribui\u00e7\u00e3o e melhorias na sede do munic\u00edpio. [&hellip;]<\/p>\n","protected":false},"author":2,"featured_media":137709,"comment_status":"closed","ping_status":"open","sticky":false,"template":"","format":"standard","meta":[],"categories":[27],"tags":[],"_links":{"self":[{"href":"https:\/\/www.barragrande24horas.com.br\/v1\/wp-json\/wp\/v2\/posts\/137707"}],"collection":[{"href":"https:\/\/www.barragrande24horas.com.br\/v1\/wp-json\/wp\/v2\/posts"}],"about":[{"href":"https:\/\/www.barragrande24horas.com.br\/v1\/wp-json\/wp\/v2\/types\/post"}],"author":[{"embeddable":true,"href":"https:\/\/www.barragrande24horas.com.br\/v1\/wp-json\/wp\/v2\/users\/2"}],"replies":[{"embeddable":true,"href":"https:\/\/www.barragrande24horas.com.br\/v1\/wp-json\/wp\/v2\/comments?post=137707"}],"version-history":[{"count":1,"href":"https:\/\/www.barragrande24horas.com.br\/v1\/wp-json\/wp\/v2\/posts\/137707\/revisions"}],"predecessor-version":[{"id":137713,"href":"https:\/\/www.barragrande24horas.com.br\/v1\/wp-json\/wp\/v2\/posts\/137707\/revisions\/137713"}],"wp:featuredmedia":[{"embeddable":true,"href":"https:\/\/www.barragrande24horas.com.br\/v1\/wp-json\/wp\/v2\/media\/137709"}],"wp:attachment":[{"href":"https:\/\/www.barragrande24horas.com.br\/v1\/wp-json\/wp\/v2\/media?parent=137707"}],"wp:term":[{"taxonomy":"category","embeddable":true,"href":"https:\/\/www.barragrande24horas.com.br\/v1\/wp-json\/wp\/v2\/categories?post=137707"},{"taxonomy":"post_tag","embeddable":true,"href":"https:\/\/www.barragrande24horas.com.br\/v1\/wp-json\/wp\/v2\/tags?post=137707"}],"curies":[{"name":"wp","href":"https:\/\/api.w.org\/{rel}","templated":true}]}}