{"id":137671,"date":"2024-07-18T21:05:12","date_gmt":"2024-07-19T00:05:12","guid":{"rendered":"https:\/\/www.barragrande24horas.com.br\/v1\/?p=137671"},"modified":"2024-07-18T21:05:57","modified_gmt":"2024-07-19T00:05:57","slug":"prefeito-manasses-superintendente-do-dnit-e-fp-construtora-definem-detalhes-da-pavimentacao-da-br-030-em-marau","status":"publish","type":"post","link":"https:\/\/www.barragrande24horas.com.br\/v1\/2024\/07\/18\/prefeito-manasses-superintendente-do-dnit-e-fp-construtora-definem-detalhes-da-pavimentacao-da-br-030-em-marau\/","title":{"rendered":"PREFEITO MANASS\u00c9S, SUPERINTENDENTE DO DNIT E FP CONSTRUTORA DEFINEM DETALHES DA PAVIMENTA\u00c7\u00c3O DA BR-030 EM MARA\u00da"},"content":{"rendered":"<p>&nbsp;<\/p>\n<p>&nbsp;<\/p>\n<p style=\"text-align: justify;\">A quinta-feira foi um dia de reuni\u00f5es importantes sobre a pavimenta\u00e7\u00e3o da BR-030 em Mara\u00fa. Ficou definido que o trabalho do cons\u00f3rcio que vai fazer o trabalho j\u00e1 vai come\u00e7ar, com previs\u00e3o de 60 dias para montagem do canteiro de obras e outras provid\u00eancias preliminares, come\u00e7ando em seguida a pavimenta\u00e7\u00e3o. Outra previs\u00e3o que foi feita \u00e9 a de conclus\u00e3o da primeira etapa: dezembro de 2025.<\/p>\n<p><a href=\"https:\/\/www.barragrande24horas.com.br\/v1\/wp-content\/uploads\/2024\/07\/WhatsApp-Image-2024-07-18-at-18.05.16-1.jpeg\" class=\"gallery_colorbox\"><img loading=\"lazy\" class=\" wp-image-137674 aligncenter\" src=\"https:\/\/www.barragrande24horas.com.br\/v1\/wp-content\/uploads\/2024\/07\/WhatsApp-Image-2024-07-18-at-18.05.16-1.jpeg\"  alt=\"\" width=\"593\" height=\"334\" srcset=\"https:\/\/www.barragrande24horas.com.br\/v1\/wp-content\/uploads\/2024\/07\/WhatsApp-Image-2024-07-18-at-18.05.16-1.jpeg 800w, https:\/\/www.barragrande24horas.com.br\/v1\/wp-content\/uploads\/2024\/07\/WhatsApp-Image-2024-07-18-at-18.05.16-1-300x169.jpeg 300w, https:\/\/www.barragrande24horas.com.br\/v1\/wp-content\/uploads\/2024\/07\/WhatsApp-Image-2024-07-18-at-18.05.16-1-768x432.jpeg 768w, https:\/\/www.barragrande24horas.com.br\/v1\/wp-content\/uploads\/2024\/07\/WhatsApp-Image-2024-07-18-at-18.05.16-1-400x225.jpeg 400w, https:\/\/www.barragrande24horas.com.br\/v1\/wp-content\/uploads\/2024\/07\/WhatsApp-Image-2024-07-18-at-18.05.16-1-600x338.jpeg 600w\" sizes=\"(max-width: 593px) 100vw, 593px\" \/><\/a><\/p>\n<p style=\"text-align: justify;\">Na primeira parte da reuni\u00e3o estiveram presentes o prefeito de Mara\u00fa, Manass\u00e9s Souza, vereadores e representantes do DNIT: Roberto Alc\u00e2ntara &#8211; Superintendente, Bruno Alb\u00e9rico (chefe da unidade local\/Itabuna e fiscal da obra e contrato) e Edjunio Mori (t\u00e9cnico de suporte). Na segunda reuni\u00e3o, teve tamb\u00e9m a participa\u00e7\u00e3o de representantes do cons\u00f3rcio que vai executar a obra.<\/p>\n<p><a href=\"https:\/\/www.barragrande24horas.com.br\/v1\/wp-content\/uploads\/2024\/07\/WhatsApp-Image-2024-07-18-at-18.05.16.jpeg\" class=\"gallery_colorbox\"><img loading=\"lazy\" class=\" wp-image-137675 aligncenter\" src=\"https:\/\/www.barragrande24horas.com.br\/v1\/wp-content\/uploads\/2024\/07\/WhatsApp-Image-2024-07-18-at-18.05.16.jpeg\"  alt=\"\" width=\"591\" height=\"333\" srcset=\"https:\/\/www.barragrande24horas.com.br\/v1\/wp-content\/uploads\/2024\/07\/WhatsApp-Image-2024-07-18-at-18.05.16.jpeg 800w, https:\/\/www.barragrande24horas.com.br\/v1\/wp-content\/uploads\/2024\/07\/WhatsApp-Image-2024-07-18-at-18.05.16-300x169.jpeg 300w, https:\/\/www.barragrande24horas.com.br\/v1\/wp-content\/uploads\/2024\/07\/WhatsApp-Image-2024-07-18-at-18.05.16-768x432.jpeg 768w, https:\/\/www.barragrande24horas.com.br\/v1\/wp-content\/uploads\/2024\/07\/WhatsApp-Image-2024-07-18-at-18.05.16-400x225.jpeg 400w, https:\/\/www.barragrande24horas.com.br\/v1\/wp-content\/uploads\/2024\/07\/WhatsApp-Image-2024-07-18-at-18.05.16-600x338.jpeg 600w\" sizes=\"(max-width: 591px) 100vw, 591px\" \/><\/a><\/p>\n<p style=\"text-align: justify;\">&#8211; O momento agora \u00e9 de instala\u00e7\u00e3o do canteiro de obras, para pelo menos 200 funcion\u00e1rios e mais a \u00e1rea administrativa, estudo topogr\u00e1fico, drenagem, pontes &#8211; explicou o engenheiro Bruno Alb\u00e9rico, que acompanha a manuten\u00e7\u00e3o desse trecho da BR 030 h\u00e1 14 anos.<\/p>\n<p><a href=\"https:\/\/www.barragrande24horas.com.br\/v1\/wp-content\/uploads\/2024\/07\/WhatsApp-Image-2024-07-18-at-18.05.15.jpeg\" class=\"gallery_colorbox\"><img loading=\"lazy\" class=\" wp-image-137676 aligncenter\" src=\"https:\/\/www.barragrande24horas.com.br\/v1\/wp-content\/uploads\/2024\/07\/WhatsApp-Image-2024-07-18-at-18.05.15.jpeg\"  alt=\"\" width=\"595\" height=\"335\" srcset=\"https:\/\/www.barragrande24horas.com.br\/v1\/wp-content\/uploads\/2024\/07\/WhatsApp-Image-2024-07-18-at-18.05.15.jpeg 800w, https:\/\/www.barragrande24horas.com.br\/v1\/wp-content\/uploads\/2024\/07\/WhatsApp-Image-2024-07-18-at-18.05.15-300x169.jpeg 300w, https:\/\/www.barragrande24horas.com.br\/v1\/wp-content\/uploads\/2024\/07\/WhatsApp-Image-2024-07-18-at-18.05.15-768x432.jpeg 768w, https:\/\/www.barragrande24horas.com.br\/v1\/wp-content\/uploads\/2024\/07\/WhatsApp-Image-2024-07-18-at-18.05.15-400x225.jpeg 400w, https:\/\/www.barragrande24horas.com.br\/v1\/wp-content\/uploads\/2024\/07\/WhatsApp-Image-2024-07-18-at-18.05.15-600x338.jpeg 600w\" sizes=\"(max-width: 595px) 100vw, 595px\" \/><\/a><\/p>\n<p style=\"text-align: justify;\">&#8211; A nossa previs\u00e3o \u00e9 terminar os 20 quil\u00f4metros que ligam a BA 001 \u00e0 sede de Mara\u00fa at\u00e9 o final de 2025, mas esse prazo pode ser alterado por fatores que n\u00e3o dependem de n\u00f3s, como interven\u00e7\u00f5es el\u00e9tricas com mudan\u00e7a de postes, que nesse caso depende da Coelba, e tamb\u00e9m o fator clim\u00e1tico, j\u00e1 que aqui \u00e9 uma regi\u00e3o que chove muito &#8211; informou o superintendente Roberto Alc\u00e2ntara.<\/p>\n<p><a href=\"https:\/\/www.barragrande24horas.com.br\/v1\/wp-content\/uploads\/2024\/07\/WhatsApp-Image-2024-07-18-at-20.59.09.jpeg\" class=\"gallery_colorbox\"><img loading=\"lazy\" class=\" wp-image-137682 aligncenter\" src=\"https:\/\/www.barragrande24horas.com.br\/v1\/wp-content\/uploads\/2024\/07\/WhatsApp-Image-2024-07-18-at-20.59.09.jpeg\"  alt=\"\" width=\"595\" height=\"335\" srcset=\"https:\/\/www.barragrande24horas.com.br\/v1\/wp-content\/uploads\/2024\/07\/WhatsApp-Image-2024-07-18-at-20.59.09.jpeg 800w, https:\/\/www.barragrande24horas.com.br\/v1\/wp-content\/uploads\/2024\/07\/WhatsApp-Image-2024-07-18-at-20.59.09-300x169.jpeg 300w, https:\/\/www.barragrande24horas.com.br\/v1\/wp-content\/uploads\/2024\/07\/WhatsApp-Image-2024-07-18-at-20.59.09-768x432.jpeg 768w, https:\/\/www.barragrande24horas.com.br\/v1\/wp-content\/uploads\/2024\/07\/WhatsApp-Image-2024-07-18-at-20.59.09-400x225.jpeg 400w, https:\/\/www.barragrande24horas.com.br\/v1\/wp-content\/uploads\/2024\/07\/WhatsApp-Image-2024-07-18-at-20.59.09-600x338.jpeg 600w\" sizes=\"(max-width: 595px) 100vw, 595px\" \/><\/a><\/p>\n<p style=\"text-align: justify;\">Conclu\u00edda essa primeira etapa, de 20 quil\u00f4metros, parte para a segunda etapa, com os 39 quil\u00f4metros que ligam a BA 001 \u00e0 BR 101 (na altura de Aurelino Leal). Mais pra adiante, a inten\u00e7\u00e3o do Governo Federal \u00e9 asfaltar da sede de Mara\u00fa \u00e0 Campinho, na ponta da Pen\u00ednsula.<\/p>\n<p><a href=\"https:\/\/www.barragrande24horas.com.br\/v1\/wp-content\/uploads\/2024\/07\/WhatsApp-Image-2024-07-18-at-20.59.09-1_Easy-Resize.com_.jpg\" class=\"gallery_colorbox\"><img loading=\"lazy\" class=\" wp-image-137683 aligncenter\" src=\"https:\/\/www.barragrande24horas.com.br\/v1\/wp-content\/uploads\/2024\/07\/WhatsApp-Image-2024-07-18-at-20.59.09-1_Easy-Resize.com_.jpg\"  alt=\"\" width=\"595\" height=\"335\" srcset=\"https:\/\/www.barragrande24horas.com.br\/v1\/wp-content\/uploads\/2024\/07\/WhatsApp-Image-2024-07-18-at-20.59.09-1_Easy-Resize.com_.jpg 800w, https:\/\/www.barragrande24horas.com.br\/v1\/wp-content\/uploads\/2024\/07\/WhatsApp-Image-2024-07-18-at-20.59.09-1_Easy-Resize.com_-300x169.jpg 300w, https:\/\/www.barragrande24horas.com.br\/v1\/wp-content\/uploads\/2024\/07\/WhatsApp-Image-2024-07-18-at-20.59.09-1_Easy-Resize.com_-768x432.jpg 768w, https:\/\/www.barragrande24horas.com.br\/v1\/wp-content\/uploads\/2024\/07\/WhatsApp-Image-2024-07-18-at-20.59.09-1_Easy-Resize.com_-400x225.jpg 400w, https:\/\/www.barragrande24horas.com.br\/v1\/wp-content\/uploads\/2024\/07\/WhatsApp-Image-2024-07-18-at-20.59.09-1_Easy-Resize.com_-600x338.jpg 600w\" sizes=\"(max-width: 595px) 100vw, 595px\" \/><\/a><\/p>\n<p style=\"text-align: justify;\">&#8211; \u00c9 um sonho antigo de todos os moradores de Mara\u00fa. Desde a \u00e9poca de vereador que venho pedindo por isso. Recentemente fomos \u00e0 Bras\u00edlia, pedir ao Ministro Rui Costa por nossa estrada. Mara\u00fa vai alcan\u00e7ar um outro patamar de desenvolvimento econ\u00f4mico e tur\u00edstico com essa pavimenta\u00e7\u00e3o &#8211; declarou o prefeito Manass\u00e9s.<\/p>\n<p><a href=\"https:\/\/www.barragrande24horas.com.br\/v1\/wp-content\/uploads\/2024\/07\/WhatsApp-Image-2024-07-18-at-20.59.09-2_Easy-Resize.com_.jpg\" class=\"gallery_colorbox\"><img loading=\"lazy\" class=\" wp-image-137684 aligncenter\" src=\"https:\/\/www.barragrande24horas.com.br\/v1\/wp-content\/uploads\/2024\/07\/WhatsApp-Image-2024-07-18-at-20.59.09-2_Easy-Resize.com_.jpg\"  alt=\"\" width=\"588\" height=\"331\" srcset=\"https:\/\/www.barragrande24horas.com.br\/v1\/wp-content\/uploads\/2024\/07\/WhatsApp-Image-2024-07-18-at-20.59.09-2_Easy-Resize.com_.jpg 800w, https:\/\/www.barragrande24horas.com.br\/v1\/wp-content\/uploads\/2024\/07\/WhatsApp-Image-2024-07-18-at-20.59.09-2_Easy-Resize.com_-300x169.jpg 300w, https:\/\/www.barragrande24horas.com.br\/v1\/wp-content\/uploads\/2024\/07\/WhatsApp-Image-2024-07-18-at-20.59.09-2_Easy-Resize.com_-768x432.jpg 768w, https:\/\/www.barragrande24horas.com.br\/v1\/wp-content\/uploads\/2024\/07\/WhatsApp-Image-2024-07-18-at-20.59.09-2_Easy-Resize.com_-400x225.jpg 400w, https:\/\/www.barragrande24horas.com.br\/v1\/wp-content\/uploads\/2024\/07\/WhatsApp-Image-2024-07-18-at-20.59.09-2_Easy-Resize.com_-600x338.jpg 600w\" sizes=\"(max-width: 588px) 100vw, 588px\" \/><\/a><\/p>\n<p style=\"text-align: justify;\">O trabalho de pavimenta\u00e7\u00e3o vai ser feito por um cons\u00f3rcio envolvendo as empresas Conserve, FP e Vanguarda. Pela Lei or\u00e7ament\u00e1ria de 2024m R$ 48 milh\u00f5es j\u00e1 est\u00e3o destinados \u00e0 obra, que teve Ordem de Servi\u00e7o assinada h\u00e1 duas semanas pelo presidente Lula, quando esteve em Feira de Santana.<\/p>\n<p style=\"text-align: justify;\">Os vereadores que estiveram presentes \u00e0s reuni\u00f5es foram Augusto, Adson, Daise, Jaj\u00e1, Cara de Nike, Ada\u00edlson e Liliano.<\/p>\n","protected":false},"excerpt":{"rendered":"<p>&nbsp; &nbsp; A quinta-feira foi um dia de reuni\u00f5es importantes sobre a pavimenta\u00e7\u00e3o da BR-030 em Mara\u00fa. Ficou definido que o trabalho do cons\u00f3rcio que vai fazer o trabalho j\u00e1 vai come\u00e7ar, com previs\u00e3o de 60 dias para montagem do canteiro de obras e outras provid\u00eancias preliminares, come\u00e7ando em seguida a pavimenta\u00e7\u00e3o. Outra previs\u00e3o que foi feita \u00e9 a de conclus\u00e3o da primeira etapa: dezembro de 2025. Na primeira parte da reuni\u00e3o estiveram presentes o prefeito de Mara\u00fa, Manass\u00e9s Souza, vereadores e representantes do DNIT: Roberto Alc\u00e2ntara &#8211; Superintendente, Bruno Alb\u00e9rico (chefe da unidade local\/Itabuna e fiscal da obra e [&hellip;]<\/p>\n","protected":false},"author":2,"featured_media":137673,"comment_status":"closed","ping_status":"open","sticky":false,"template":"","format":"standard","meta":[],"categories":[27],"tags":[],"_links":{"self":[{"href":"https:\/\/www.barragrande24horas.com.br\/v1\/wp-json\/wp\/v2\/posts\/137671"}],"collection":[{"href":"https:\/\/www.barragrande24horas.com.br\/v1\/wp-json\/wp\/v2\/posts"}],"about":[{"href":"https:\/\/www.barragrande24horas.com.br\/v1\/wp-json\/wp\/v2\/types\/post"}],"author":[{"embeddable":true,"href":"https:\/\/www.barragrande24horas.com.br\/v1\/wp-json\/wp\/v2\/users\/2"}],"replies":[{"embeddable":true,"href":"https:\/\/www.barragrande24horas.com.br\/v1\/wp-json\/wp\/v2\/comments?post=137671"}],"version-history":[{"count":4,"href":"https:\/\/www.barragrande24horas.com.br\/v1\/wp-json\/wp\/v2\/posts\/137671\/revisions"}],"predecessor-version":[{"id":137686,"href":"https:\/\/www.barragrande24horas.com.br\/v1\/wp-json\/wp\/v2\/posts\/137671\/revisions\/137686"}],"wp:featuredmedia":[{"embeddable":true,"href":"https:\/\/www.barragrande24horas.com.br\/v1\/wp-json\/wp\/v2\/media\/137673"}],"wp:attachment":[{"href":"https:\/\/www.barragrande24horas.com.br\/v1\/wp-json\/wp\/v2\/media?parent=137671"}],"wp:term":[{"taxonomy":"category","embeddable":true,"href":"https:\/\/www.barragrande24horas.com.br\/v1\/wp-json\/wp\/v2\/categories?post=137671"},{"taxonomy":"post_tag","embeddable":true,"href":"https:\/\/www.barragrande24horas.com.br\/v1\/wp-json\/wp\/v2\/tags?post=137671"}],"curies":[{"name":"wp","href":"https:\/\/api.w.org\/{rel}","templated":true}]}}