{"id":137659,"date":"2024-07-17T01:34:53","date_gmt":"2024-07-17T04:34:53","guid":{"rendered":"https:\/\/www.barragrande24horas.com.br\/v1\/?p=137659"},"modified":"2024-07-17T01:34:53","modified_gmt":"2024-07-17T04:34:53","slug":"itacare-prefeito-antonio-de-anizio-cumpre-agenda-em-salvador-e-se-reune-com-governador-jeronimo","status":"publish","type":"post","link":"https:\/\/www.barragrande24horas.com.br\/v1\/2024\/07\/17\/itacare-prefeito-antonio-de-anizio-cumpre-agenda-em-salvador-e-se-reune-com-governador-jeronimo\/","title":{"rendered":"ITACAR\u00c9: PREFEITO ANT\u00d4NIO DE AN\u00cdZIO CUMPRE AGENDA EM SALVADOR E SE RE\u00daNE COM GOVERNADOR JER\u00d4NIMO"},"content":{"rendered":"<p class=\"p1\"><span class=\"s1\">O prefeito de Itacar\u00e9, Ant\u00f4nio de An\u00edzio, est\u00e1 em Salvador, acompanhado do pr\u00e9-candidato a prefeito de Itacar\u00e9 pelo PT, Nego de Saronga, e do secret\u00e1rio de Turismo municipal, Marcos Japu. A comitiva itacareense participa de uma s\u00e9rie de encontros importantes. Nesta ter\u00e7a-feira, 16 de julho, um dos principais eventos da agenda foi a reuni\u00e3o com o governador da Bahia, Jer\u00f4nimo Rodrigues.<\/span><\/p>\n<p><a href=\"https:\/\/www.barragrande24horas.com.br\/v1\/wp-content\/uploads\/2024\/07\/5ba8a5bb-52d3-4dca-a23a-5f2423fe8d61.jpeg\" class=\"gallery_colorbox\"><img loading=\"lazy\" class=\"alignnone size-full wp-image-137662\" src=\"https:\/\/www.barragrande24horas.com.br\/v1\/wp-content\/uploads\/2024\/07\/5ba8a5bb-52d3-4dca-a23a-5f2423fe8d61.jpeg\"  alt=\"\" width=\"800\" height=\"600\" srcset=\"https:\/\/www.barragrande24horas.com.br\/v1\/wp-content\/uploads\/2024\/07\/5ba8a5bb-52d3-4dca-a23a-5f2423fe8d61.jpeg 800w, https:\/\/www.barragrande24horas.com.br\/v1\/wp-content\/uploads\/2024\/07\/5ba8a5bb-52d3-4dca-a23a-5f2423fe8d61-300x225.jpeg 300w, https:\/\/www.barragrande24horas.com.br\/v1\/wp-content\/uploads\/2024\/07\/5ba8a5bb-52d3-4dca-a23a-5f2423fe8d61-768x576.jpeg 768w, https:\/\/www.barragrande24horas.com.br\/v1\/wp-content\/uploads\/2024\/07\/5ba8a5bb-52d3-4dca-a23a-5f2423fe8d61-180x135.jpeg 180w, https:\/\/www.barragrande24horas.com.br\/v1\/wp-content\/uploads\/2024\/07\/5ba8a5bb-52d3-4dca-a23a-5f2423fe8d61-400x300.jpeg 400w, https:\/\/www.barragrande24horas.com.br\/v1\/wp-content\/uploads\/2024\/07\/5ba8a5bb-52d3-4dca-a23a-5f2423fe8d61-600x450.jpeg 600w\" sizes=\"(max-width: 800px) 100vw, 800px\" \/><\/a><\/p>\n<p class=\"p1\"><span class=\"s1\">Durante o encontro, que tamb\u00e9m contou com participa\u00e7\u00e3o do deputado<span class=\"Apple-converted-space\">\u00a0 <\/span>Rosemberg Pinto e do chefe de gabinete do governador, Adolpho Loyola, Jer\u00f4nimo Rodrigues destacou a import\u00e2ncia de atender as necessidades dos munic\u00edpios. O alinhamento entre o prefeito e o governador \u00e9 fundamental para fortalecer os la\u00e7os administrativos e buscar novas iniciativas de desenvolvimento.<\/span><\/p>\n<p class=\"p1\"><span class=\"s1\"><a href=\"https:\/\/www.barragrande24horas.com.br\/v1\/wp-content\/uploads\/2024\/07\/e0825dd1-6eb4-442b-9cee-684c72ad5f3b.jpeg\" class=\"gallery_colorbox\"><img loading=\"lazy\" class=\"alignnone size-full wp-image-137664\" src=\"https:\/\/www.barragrande24horas.com.br\/v1\/wp-content\/uploads\/2024\/07\/e0825dd1-6eb4-442b-9cee-684c72ad5f3b.jpeg\"  alt=\"\" width=\"800\" height=\"600\" srcset=\"https:\/\/www.barragrande24horas.com.br\/v1\/wp-content\/uploads\/2024\/07\/e0825dd1-6eb4-442b-9cee-684c72ad5f3b.jpeg 800w, https:\/\/www.barragrande24horas.com.br\/v1\/wp-content\/uploads\/2024\/07\/e0825dd1-6eb4-442b-9cee-684c72ad5f3b-300x225.jpeg 300w, https:\/\/www.barragrande24horas.com.br\/v1\/wp-content\/uploads\/2024\/07\/e0825dd1-6eb4-442b-9cee-684c72ad5f3b-768x576.jpeg 768w, https:\/\/www.barragrande24horas.com.br\/v1\/wp-content\/uploads\/2024\/07\/e0825dd1-6eb4-442b-9cee-684c72ad5f3b-180x135.jpeg 180w, https:\/\/www.barragrande24horas.com.br\/v1\/wp-content\/uploads\/2024\/07\/e0825dd1-6eb4-442b-9cee-684c72ad5f3b-400x300.jpeg 400w, https:\/\/www.barragrande24horas.com.br\/v1\/wp-content\/uploads\/2024\/07\/e0825dd1-6eb4-442b-9cee-684c72ad5f3b-600x450.jpeg 600w\" sizes=\"(max-width: 800px) 100vw, 800px\" \/><\/a><\/p>\n<p>Outro ponto importante da agenda foi a visita \u00e0 Ag\u00eancia Reguladora de Saneamento B\u00e1sico do Estado da Bahia (AGERSA), onde o prefeito Ant\u00f4nio de An\u00edzio discutiu quest\u00f5es relacionadas a res\u00edduos s\u00f3lidos. Ele apresentou o programa &#8220;Lix\u00e3o Nunca Mais&#8221;, que teve impacto significativo na cidade ao fechar o lix\u00e3o. Nesta pauta estiveram presentes da Agersa Juvenal Maynart &#8211; Diretor Geral, Osmar Marques &#8211; Diretor de Normatiza\u00e7\u00e3o, Daniel Oliveira &#8211; Assessor T\u00e9cnico e Andreza Araujo &#8211; Diretora substituta de Fiscaliza\u00e7\u00e3o.<\/span><\/p>\n<p><a href=\"https:\/\/www.barragrande24horas.com.br\/v1\/wp-content\/uploads\/2024\/07\/c2050e50-7531-4c8d-8b01-afcc65825c95.jpeg\" class=\"gallery_colorbox\"><img loading=\"lazy\" class=\"alignnone size-full wp-image-137663\" src=\"https:\/\/www.barragrande24horas.com.br\/v1\/wp-content\/uploads\/2024\/07\/c2050e50-7531-4c8d-8b01-afcc65825c95.jpeg\"  alt=\"\" width=\"800\" height=\"600\" srcset=\"https:\/\/www.barragrande24horas.com.br\/v1\/wp-content\/uploads\/2024\/07\/c2050e50-7531-4c8d-8b01-afcc65825c95.jpeg 800w, https:\/\/www.barragrande24horas.com.br\/v1\/wp-content\/uploads\/2024\/07\/c2050e50-7531-4c8d-8b01-afcc65825c95-300x225.jpeg 300w, https:\/\/www.barragrande24horas.com.br\/v1\/wp-content\/uploads\/2024\/07\/c2050e50-7531-4c8d-8b01-afcc65825c95-768x576.jpeg 768w, https:\/\/www.barragrande24horas.com.br\/v1\/wp-content\/uploads\/2024\/07\/c2050e50-7531-4c8d-8b01-afcc65825c95-180x135.jpeg 180w, https:\/\/www.barragrande24horas.com.br\/v1\/wp-content\/uploads\/2024\/07\/c2050e50-7531-4c8d-8b01-afcc65825c95-400x300.jpeg 400w, https:\/\/www.barragrande24horas.com.br\/v1\/wp-content\/uploads\/2024\/07\/c2050e50-7531-4c8d-8b01-afcc65825c95-600x450.jpeg 600w\" sizes=\"(max-width: 800px) 100vw, 800px\" \/><\/a><\/p>\n<p class=\"p1\"><span class=\"s1\"><br \/>\nComo desdobramento, o diretor Maynart j\u00e1 agendou para as pr\u00f3ximas semanas uma visita da equipe t\u00e9cnica do \u00f3rg\u00e3o a Itacar\u00e9, para conhecer o Programa Lix\u00e3o Nunca Mais.<\/span><\/p>\n","protected":false},"excerpt":{"rendered":"<p>O prefeito de Itacar\u00e9, Ant\u00f4nio de An\u00edzio, est\u00e1 em Salvador, acompanhado do pr\u00e9-candidato a prefeito de Itacar\u00e9 pelo PT, Nego de Saronga, e do secret\u00e1rio de Turismo municipal, Marcos Japu. A comitiva itacareense participa de uma s\u00e9rie de encontros importantes. Nesta ter\u00e7a-feira, 16 de julho, um dos principais eventos da agenda foi a reuni\u00e3o com o governador da Bahia, Jer\u00f4nimo Rodrigues. Durante o encontro, que tamb\u00e9m contou com participa\u00e7\u00e3o do deputado\u00a0 Rosemberg Pinto e do chefe de gabinete do governador, Adolpho Loyola, Jer\u00f4nimo Rodrigues destacou a import\u00e2ncia de atender as necessidades dos munic\u00edpios. O alinhamento entre o prefeito e o [&hellip;]<\/p>\n","protected":false},"author":2,"featured_media":137661,"comment_status":"closed","ping_status":"open","sticky":false,"template":"","format":"standard","meta":[],"categories":[11],"tags":[],"_links":{"self":[{"href":"https:\/\/www.barragrande24horas.com.br\/v1\/wp-json\/wp\/v2\/posts\/137659"}],"collection":[{"href":"https:\/\/www.barragrande24horas.com.br\/v1\/wp-json\/wp\/v2\/posts"}],"about":[{"href":"https:\/\/www.barragrande24horas.com.br\/v1\/wp-json\/wp\/v2\/types\/post"}],"author":[{"embeddable":true,"href":"https:\/\/www.barragrande24horas.com.br\/v1\/wp-json\/wp\/v2\/users\/2"}],"replies":[{"embeddable":true,"href":"https:\/\/www.barragrande24horas.com.br\/v1\/wp-json\/wp\/v2\/comments?post=137659"}],"version-history":[{"count":1,"href":"https:\/\/www.barragrande24horas.com.br\/v1\/wp-json\/wp\/v2\/posts\/137659\/revisions"}],"predecessor-version":[{"id":137665,"href":"https:\/\/www.barragrande24horas.com.br\/v1\/wp-json\/wp\/v2\/posts\/137659\/revisions\/137665"}],"wp:featuredmedia":[{"embeddable":true,"href":"https:\/\/www.barragrande24horas.com.br\/v1\/wp-json\/wp\/v2\/media\/137661"}],"wp:attachment":[{"href":"https:\/\/www.barragrande24horas.com.br\/v1\/wp-json\/wp\/v2\/media?parent=137659"}],"wp:term":[{"taxonomy":"category","embeddable":true,"href":"https:\/\/www.barragrande24horas.com.br\/v1\/wp-json\/wp\/v2\/categories?post=137659"},{"taxonomy":"post_tag","embeddable":true,"href":"https:\/\/www.barragrande24horas.com.br\/v1\/wp-json\/wp\/v2\/tags?post=137659"}],"curies":[{"name":"wp","href":"https:\/\/api.w.org\/{rel}","templated":true}]}}