{"id":137608,"date":"2024-07-10T07:23:58","date_gmt":"2024-07-10T10:23:58","guid":{"rendered":"https:\/\/www.barragrande24horas.com.br\/v1\/?p=137608"},"modified":"2024-07-10T09:12:04","modified_gmt":"2024-07-10T12:12:04","slug":"prefeitos-de-marau-e-itacare-se-reunem-com-empresa-responsavel-pela-pavimentacao-da-br-030","status":"publish","type":"post","link":"https:\/\/www.barragrande24horas.com.br\/v1\/2024\/07\/10\/prefeitos-de-marau-e-itacare-se-reunem-com-empresa-responsavel-pela-pavimentacao-da-br-030\/","title":{"rendered":"PREFEITOS DE MARA\u00da E ITACAR\u00c9 SE RE\u00daNEM COM EMPRESA RESPONS\u00c1VEL PELA PAVIMENTA\u00c7\u00c3O DA BR-030"},"content":{"rendered":"<p>&nbsp;<\/p>\n<p style=\"text-align: justify;\">Na tarde desta ter\u00e7a-feira, 09 de julho, os prefeitos de Mara\u00fa (Manass\u00e9s Souza) e de Itacar\u00e9 (Ant\u00f4nio de An\u00edzio) se reuniram com o Engenheiro Fl\u00e1vio da FP Construtora, empresa respons\u00e1vel pelas obras de pavimenta\u00e7\u00e3o asf\u00e1ltica da rodovia federal BR-030.<\/p>\n<p><a href=\"https:\/\/www.barragrande24horas.com.br\/v1\/wp-content\/uploads\/2024\/07\/WhatsApp-Image-2024-07-09-at-21.38.41_Easy-Resize.com_.jpg\" class=\"gallery_colorbox\"><img loading=\"lazy\" class=\" wp-image-137609 aligncenter\" src=\"https:\/\/www.barragrande24horas.com.br\/v1\/wp-content\/uploads\/2024\/07\/WhatsApp-Image-2024-07-09-at-21.38.41_Easy-Resize.com_.jpg\"  alt=\"\" width=\"595\" height=\"335\" srcset=\"https:\/\/www.barragrande24horas.com.br\/v1\/wp-content\/uploads\/2024\/07\/WhatsApp-Image-2024-07-09-at-21.38.41_Easy-Resize.com_.jpg 800w, https:\/\/www.barragrande24horas.com.br\/v1\/wp-content\/uploads\/2024\/07\/WhatsApp-Image-2024-07-09-at-21.38.41_Easy-Resize.com_-300x169.jpg 300w, https:\/\/www.barragrande24horas.com.br\/v1\/wp-content\/uploads\/2024\/07\/WhatsApp-Image-2024-07-09-at-21.38.41_Easy-Resize.com_-768x432.jpg 768w, https:\/\/www.barragrande24horas.com.br\/v1\/wp-content\/uploads\/2024\/07\/WhatsApp-Image-2024-07-09-at-21.38.41_Easy-Resize.com_-400x225.jpg 400w, https:\/\/www.barragrande24horas.com.br\/v1\/wp-content\/uploads\/2024\/07\/WhatsApp-Image-2024-07-09-at-21.38.41_Easy-Resize.com_-600x338.jpg 600w\" sizes=\"(max-width: 595px) 100vw, 595px\" \/><\/a><\/p>\n<p style=\"text-align: justify;\">Na pauta, os ajustes finais para o in\u00edcio das obras no trecho que Liga a Sede de Mara\u00fa a BA-001. No per\u00edodo da manh\u00e3, o prefeito Manass\u00e9s fez uma visita t\u00e9cnica com engenheiro da FP construtora no local onde ser\u00e1 o canteiro de obras do asfalto da BR-030.<\/p>\n<p><a href=\"https:\/\/www.barragrande24horas.com.br\/v1\/wp-content\/uploads\/2024\/07\/WhatsApp-Image-2024-07-09-at-21.38.39_Easy-Resize.com_.jpg\" class=\"gallery_colorbox\"><img loading=\"lazy\" class=\" wp-image-137610 aligncenter\" src=\"https:\/\/www.barragrande24horas.com.br\/v1\/wp-content\/uploads\/2024\/07\/WhatsApp-Image-2024-07-09-at-21.38.39_Easy-Resize.com_.jpg\"  alt=\"\" width=\"595\" height=\"335\" srcset=\"https:\/\/www.barragrande24horas.com.br\/v1\/wp-content\/uploads\/2024\/07\/WhatsApp-Image-2024-07-09-at-21.38.39_Easy-Resize.com_.jpg 800w, https:\/\/www.barragrande24horas.com.br\/v1\/wp-content\/uploads\/2024\/07\/WhatsApp-Image-2024-07-09-at-21.38.39_Easy-Resize.com_-300x169.jpg 300w, https:\/\/www.barragrande24horas.com.br\/v1\/wp-content\/uploads\/2024\/07\/WhatsApp-Image-2024-07-09-at-21.38.39_Easy-Resize.com_-768x432.jpg 768w, https:\/\/www.barragrande24horas.com.br\/v1\/wp-content\/uploads\/2024\/07\/WhatsApp-Image-2024-07-09-at-21.38.39_Easy-Resize.com_-400x225.jpg 400w, https:\/\/www.barragrande24horas.com.br\/v1\/wp-content\/uploads\/2024\/07\/WhatsApp-Image-2024-07-09-at-21.38.39_Easy-Resize.com_-600x338.jpg 600w\" sizes=\"(max-width: 595px) 100vw, 595px\" \/><\/a><\/p>\n<p style=\"text-align: justify;\">Tamb\u00e9m esteve presente na visita t\u00e9cnica, o engenheiro Luiz Ant\u00f4nio, representante do Grupo Portugu\u00eas Am\u00e9rico Amorim que vai investir na constru\u00e7\u00e3o de um mega complexo hoteleiro de luxo na Pen\u00ednsula de Mara\u00fa.<\/p>\n<p><a href=\"https:\/\/www.barragrande24horas.com.br\/v1\/wp-content\/uploads\/2024\/07\/WhatsApp-Image-2024-07-09-at-21.38.40-1_Easy-Resize.com_.jpg\" class=\"gallery_colorbox\"><img loading=\"lazy\" class=\" wp-image-137611 aligncenter\" src=\"https:\/\/www.barragrande24horas.com.br\/v1\/wp-content\/uploads\/2024\/07\/WhatsApp-Image-2024-07-09-at-21.38.40-1_Easy-Resize.com_.jpg\"  alt=\"\" width=\"592\" height=\"562\" srcset=\"https:\/\/www.barragrande24horas.com.br\/v1\/wp-content\/uploads\/2024\/07\/WhatsApp-Image-2024-07-09-at-21.38.40-1_Easy-Resize.com_.jpg 800w, https:\/\/www.barragrande24horas.com.br\/v1\/wp-content\/uploads\/2024\/07\/WhatsApp-Image-2024-07-09-at-21.38.40-1_Easy-Resize.com_-300x285.jpg 300w, https:\/\/www.barragrande24horas.com.br\/v1\/wp-content\/uploads\/2024\/07\/WhatsApp-Image-2024-07-09-at-21.38.40-1_Easy-Resize.com_-768x730.jpg 768w\" sizes=\"(max-width: 592px) 100vw, 592px\" \/><\/a><\/p>\n<p style=\"text-align: justify;\">O Presidente Luiz In\u00e1cio Lula da Silva assinou a ordem de servi\u00e7o para a t\u00e3o aguardada pavimenta\u00e7\u00e3o da BR-030, no trecho que atravessa o munic\u00edpio de Mara\u00fa.<\/p>\n<p><a href=\"https:\/\/www.barragrande24horas.com.br\/v1\/wp-content\/uploads\/2024\/07\/WhatsApp-Image-2024-07-09-at-21.38.40_Easy-Resize.com_.jpg\" class=\"gallery_colorbox\"><img loading=\"lazy\" class=\" wp-image-137612 aligncenter\" src=\"https:\/\/www.barragrande24horas.com.br\/v1\/wp-content\/uploads\/2024\/07\/WhatsApp-Image-2024-07-09-at-21.38.40_Easy-Resize.com_.jpg\"  alt=\"\" width=\"591\" height=\"420\" srcset=\"https:\/\/www.barragrande24horas.com.br\/v1\/wp-content\/uploads\/2024\/07\/WhatsApp-Image-2024-07-09-at-21.38.40_Easy-Resize.com_.jpg 800w, https:\/\/www.barragrande24horas.com.br\/v1\/wp-content\/uploads\/2024\/07\/WhatsApp-Image-2024-07-09-at-21.38.40_Easy-Resize.com_-300x213.jpg 300w, https:\/\/www.barragrande24horas.com.br\/v1\/wp-content\/uploads\/2024\/07\/WhatsApp-Image-2024-07-09-at-21.38.40_Easy-Resize.com_-768x545.jpg 768w\" sizes=\"(max-width: 591px) 100vw, 591px\" \/><\/a><\/p>\n<p style=\"text-align: justify;\">A obra, que \u00e9 um desejo antigo da popula\u00e7\u00e3o, promete trazer significativas melhorias para a infraestrutura da regi\u00e3o, al\u00e9m de impulsionar o turismo e o desenvolvimento econ\u00f4mico local.<\/p>\n","protected":false},"excerpt":{"rendered":"<p>&nbsp; Na tarde desta ter\u00e7a-feira, 09 de julho, os prefeitos de Mara\u00fa (Manass\u00e9s Souza) e de Itacar\u00e9 (Ant\u00f4nio de An\u00edzio) se reuniram com o Engenheiro Fl\u00e1vio da FP Construtora, empresa respons\u00e1vel pelas obras de pavimenta\u00e7\u00e3o asf\u00e1ltica da rodovia federal BR-030. Na pauta, os ajustes finais para o in\u00edcio das obras no trecho que Liga a Sede de Mara\u00fa a BA-001. No per\u00edodo da manh\u00e3, o prefeito Manass\u00e9s fez uma visita t\u00e9cnica com engenheiro da FP construtora no local onde ser\u00e1 o canteiro de obras do asfalto da BR-030. Tamb\u00e9m esteve presente na visita t\u00e9cnica, o engenheiro Luiz Ant\u00f4nio, representante do [&hellip;]<\/p>\n","protected":false},"author":2,"featured_media":137613,"comment_status":"closed","ping_status":"open","sticky":false,"template":"","format":"standard","meta":[],"categories":[27],"tags":[],"_links":{"self":[{"href":"https:\/\/www.barragrande24horas.com.br\/v1\/wp-json\/wp\/v2\/posts\/137608"}],"collection":[{"href":"https:\/\/www.barragrande24horas.com.br\/v1\/wp-json\/wp\/v2\/posts"}],"about":[{"href":"https:\/\/www.barragrande24horas.com.br\/v1\/wp-json\/wp\/v2\/types\/post"}],"author":[{"embeddable":true,"href":"https:\/\/www.barragrande24horas.com.br\/v1\/wp-json\/wp\/v2\/users\/2"}],"replies":[{"embeddable":true,"href":"https:\/\/www.barragrande24horas.com.br\/v1\/wp-json\/wp\/v2\/comments?post=137608"}],"version-history":[{"count":3,"href":"https:\/\/www.barragrande24horas.com.br\/v1\/wp-json\/wp\/v2\/posts\/137608\/revisions"}],"predecessor-version":[{"id":137629,"href":"https:\/\/www.barragrande24horas.com.br\/v1\/wp-json\/wp\/v2\/posts\/137608\/revisions\/137629"}],"wp:featuredmedia":[{"embeddable":true,"href":"https:\/\/www.barragrande24horas.com.br\/v1\/wp-json\/wp\/v2\/media\/137613"}],"wp:attachment":[{"href":"https:\/\/www.barragrande24horas.com.br\/v1\/wp-json\/wp\/v2\/media?parent=137608"}],"wp:term":[{"taxonomy":"category","embeddable":true,"href":"https:\/\/www.barragrande24horas.com.br\/v1\/wp-json\/wp\/v2\/categories?post=137608"},{"taxonomy":"post_tag","embeddable":true,"href":"https:\/\/www.barragrande24horas.com.br\/v1\/wp-json\/wp\/v2\/tags?post=137608"}],"curies":[{"name":"wp","href":"https:\/\/api.w.org\/{rel}","templated":true}]}}