{"id":137177,"date":"2024-02-01T19:12:24","date_gmt":"2024-02-01T22:12:24","guid":{"rendered":"https:\/\/www.barragrande24horas.com.br\/v1\/?p=137177"},"modified":"2024-04-16T11:57:21","modified_gmt":"2024-04-16T14:57:21","slug":"entrega-de-ambulancia-movimenta-zona-rural-de-marau","status":"publish","type":"post","link":"https:\/\/www.barragrande24horas.com.br\/v1\/2024\/02\/01\/entrega-de-ambulancia-movimenta-zona-rural-de-marau\/","title":{"rendered":"ENTREGA DE AMBUL\u00c2NCIA MOVIMENTA ZONA RURAL DE MARA\u00da"},"content":{"rendered":"<p style=\"text-align: justify;\">O munic\u00edpio de Mara\u00fa, localizado no Baixo Sul da Bahia, tem se destacado nos \u00faltimos tr\u00eas anos pelo cuidado com a sa\u00fade p\u00fablica. Unidades de sa\u00fade reformadas, ampliadas ou criadas, nas mais diversas regi\u00f5es do munic\u00edpio, introdu\u00e7\u00e3o do programa que leva o m\u00e9dico \u00e0s comunidades que n\u00e3o t\u00eam unidade de sa\u00fade e entrega de ambul\u00e2ncias em locais chaves, permitindo que esse atendimento chegue ao maior n\u00famero poss\u00edvel de marauenses.<a href=\"https:\/\/www.barragrande24horas.com.br\/v1\/wp-content\/uploads\/2024\/02\/WhatsApp-Image-2024-04-16-at-11.32.37.jpeg\" class=\"gallery_colorbox\"><img loading=\"lazy\" class=\"size-full wp-image-137246 aligncenter\" src=\"https:\/\/www.barragrande24horas.com.br\/v1\/wp-content\/uploads\/2024\/02\/WhatsApp-Image-2024-04-16-at-11.32.37.jpeg\"  alt=\"\" width=\"800\" height=\"517\" srcset=\"https:\/\/www.barragrande24horas.com.br\/v1\/wp-content\/uploads\/2024\/02\/WhatsApp-Image-2024-04-16-at-11.32.37.jpeg 800w, https:\/\/www.barragrande24horas.com.br\/v1\/wp-content\/uploads\/2024\/02\/WhatsApp-Image-2024-04-16-at-11.32.37-300x194.jpeg 300w, https:\/\/www.barragrande24horas.com.br\/v1\/wp-content\/uploads\/2024\/02\/WhatsApp-Image-2024-04-16-at-11.32.37-768x496.jpeg 768w\" sizes=\"(max-width: 800px) 100vw, 800px\" \/><\/a><br \/>\nFoi dentro desse projeto que esse fim de semana o prefeito Manass\u00e9s Souza (Avante) fez a entrega \u00e0 comunidade quilombola de Empata Viagem de uma nova ambul\u00e2ncia, 4 x 4, gra\u00e7as a uma emenda do deputado Raimundo Costa junto ao governador Jer\u00f4nimo Rodrigues. Essa ambul\u00e2ncia vai atender n\u00e3o s\u00f3 as pessoas da comunidade quilombola, mas aos moradores de toda aquela regi\u00e3o.<\/p>\n<p style=\"text-align: justify;\"><a href=\"https:\/\/www.barragrande24horas.com.br\/v1\/wp-content\/uploads\/2024\/02\/WhatsApp-Image-2024-04-16-at-11.32.40.jpeg\" class=\"gallery_colorbox\"><img loading=\"lazy\" class=\"size-full wp-image-137243 aligncenter\" src=\"https:\/\/www.barragrande24horas.com.br\/v1\/wp-content\/uploads\/2024\/02\/WhatsApp-Image-2024-04-16-at-11.32.40.jpeg\"  alt=\"\" width=\"800\" height=\"652\" srcset=\"https:\/\/www.barragrande24horas.com.br\/v1\/wp-content\/uploads\/2024\/02\/WhatsApp-Image-2024-04-16-at-11.32.40.jpeg 800w, https:\/\/www.barragrande24horas.com.br\/v1\/wp-content\/uploads\/2024\/02\/WhatsApp-Image-2024-04-16-at-11.32.40-300x245.jpeg 300w, https:\/\/www.barragrande24horas.com.br\/v1\/wp-content\/uploads\/2024\/02\/WhatsApp-Image-2024-04-16-at-11.32.40-768x626.jpeg 768w\" sizes=\"(max-width: 800px) 100vw, 800px\" \/><\/a><br \/>\n&#8211; \u00c9 uma grande conquista para nosso munic\u00edpio, mas essa ambul\u00e2ncia n\u00e3o vai servir s\u00f3 Empata Viagem. A ambul\u00e2ncia \u00e9 para servir ao munic\u00edpio. Onde precisar, ela poder\u00e1 ser acionada para prestar socorro \u2013 informou o prefeito Manass\u00e9s.<\/p>\n<p style=\"text-align: justify;\"><a href=\"https:\/\/www.barragrande24horas.com.br\/v1\/wp-content\/uploads\/2024\/02\/WhatsApp-Image-2024-04-16-at-11.32.39.jpeg\" class=\"gallery_colorbox\"><img loading=\"lazy\" class=\"size-full wp-image-137245 aligncenter\" src=\"https:\/\/www.barragrande24horas.com.br\/v1\/wp-content\/uploads\/2024\/02\/WhatsApp-Image-2024-04-16-at-11.32.39.jpeg\"  alt=\"\" width=\"800\" height=\"899\" srcset=\"https:\/\/www.barragrande24horas.com.br\/v1\/wp-content\/uploads\/2024\/02\/WhatsApp-Image-2024-04-16-at-11.32.39.jpeg 800w, https:\/\/www.barragrande24horas.com.br\/v1\/wp-content\/uploads\/2024\/02\/WhatsApp-Image-2024-04-16-at-11.32.39-267x300.jpeg 267w, https:\/\/www.barragrande24horas.com.br\/v1\/wp-content\/uploads\/2024\/02\/WhatsApp-Image-2024-04-16-at-11.32.39-768x863.jpeg 768w\" sizes=\"(max-width: 800px) 100vw, 800px\" \/><\/a><br \/>\n&#8211; Briguei por essa ambul\u00e2ncia 4 x 4 porque chove muito em nossa regi\u00e3o e as estradas, mesmo bem cuidadas, com chuva forte sempre tem lama e essa qualidade do ve\u00edculo pode fazer a diferen\u00e7a na hora de um atendimento de urg\u00eancia \u2013 disse o vereador Ada\u00edlson, representante da comunidade e que, com o prefeito e o tamb\u00e9m vereador Augusto, articularam com o deputado a emenda que deu a ambul\u00e2ncia ao munic\u00edpio.<\/p>\n<p style=\"text-align: justify;\"><a href=\"https:\/\/www.barragrande24horas.com.br\/v1\/wp-content\/uploads\/2024\/02\/WhatsApp-Image-2024-04-16-at-11.32.38-1.jpeg\" class=\"gallery_colorbox\"><img loading=\"lazy\" class=\"alignnone size-full wp-image-137247\" src=\"https:\/\/www.barragrande24horas.com.br\/v1\/wp-content\/uploads\/2024\/02\/WhatsApp-Image-2024-04-16-at-11.32.38-1.jpeg\"  alt=\"\" width=\"800\" height=\"872\" srcset=\"https:\/\/www.barragrande24horas.com.br\/v1\/wp-content\/uploads\/2024\/02\/WhatsApp-Image-2024-04-16-at-11.32.38-1.jpeg 800w, https:\/\/www.barragrande24horas.com.br\/v1\/wp-content\/uploads\/2024\/02\/WhatsApp-Image-2024-04-16-at-11.32.38-1-275x300.jpeg 275w, https:\/\/www.barragrande24horas.com.br\/v1\/wp-content\/uploads\/2024\/02\/WhatsApp-Image-2024-04-16-at-11.32.38-1-768x837.jpeg 768w\" sizes=\"(max-width: 800px) 100vw, 800px\" \/><\/a><\/p>\n<p style=\"text-align: justify;\">Foi um dia de festa na comunidade quilombola de Empata Viagem. Culto, apresenta\u00e7\u00f5es musicais, discursos dos envolvidos nessa conquista e alegria geral dos moradores locais. Em seu discurso, o prefeito anunciou que ainda esta semana come\u00e7a a pavimenta\u00e7\u00e3o de ruas naquele local e mais em P\u00e9 de Serra e no Min\u00e9rio (comunidades pr\u00f3ximas), e mais duas ambul\u00e2ncias, adquiridas com recursos pr\u00f3prios, que v\u00e3o servir ao distrito de Piabanha e \u00e0 comunidade de Taipu de Dentro (que est\u00e1 prestes a inaugurar um novo posto m\u00e9dico).<\/p>\n<p style=\"text-align: justify;\"><a href=\"https:\/\/www.barragrande24horas.com.br\/v1\/wp-content\/uploads\/2024\/02\/WhatsApp-Image-2024-04-16-at-11.32.40.jpeg\" class=\"gallery_colorbox\"><img loading=\"lazy\" class=\"size-full wp-image-137243 aligncenter\" src=\"https:\/\/www.barragrande24horas.com.br\/v1\/wp-content\/uploads\/2024\/02\/WhatsApp-Image-2024-04-16-at-11.32.40.jpeg\"  alt=\"\" width=\"800\" height=\"652\" srcset=\"https:\/\/www.barragrande24horas.com.br\/v1\/wp-content\/uploads\/2024\/02\/WhatsApp-Image-2024-04-16-at-11.32.40.jpeg 800w, https:\/\/www.barragrande24horas.com.br\/v1\/wp-content\/uploads\/2024\/02\/WhatsApp-Image-2024-04-16-at-11.32.40-300x245.jpeg 300w, https:\/\/www.barragrande24horas.com.br\/v1\/wp-content\/uploads\/2024\/02\/WhatsApp-Image-2024-04-16-at-11.32.40-768x626.jpeg 768w\" sizes=\"(max-width: 800px) 100vw, 800px\" \/><\/a><br \/>\n&#8211; A Sa\u00fade \u00e9 e vai continuar sendo um dos pilares de nossa administra\u00e7\u00e3o. Por isso sempre investimos sempre e cada vez mais, para dar mais amplitude e qualidade nesse atendimento \u00e0 nossa popula\u00e7\u00e3o. E esse aumento no atendimento, tem gerado tamb\u00e9m novos empregos, preenchidos preferencialmente e quase em sua totalidade, por moradores de Mara\u00fa \u2013 finalizou o prefeito Manass\u00e9s.<\/p>\n<p style=\"text-align: justify;\">Minha filha nasceu na estrada, no caminho para a maternidade. Meu filho, no quintal de uma casa no caminho. Nos dois casos, estava indo andando com minha esposa, para chegar em algum local que pudesse ser atendida. Isso agora \u00e9 passado. Ningu\u00e9m mais no Empata Viagem vai nascer assim &#8211; contou o vereador Ada\u00edlson, Neto do primeiro morador do local.<\/p>\n","protected":false},"excerpt":{"rendered":"<p>O munic\u00edpio de Mara\u00fa, localizado no Baixo Sul da Bahia, tem se destacado nos \u00faltimos tr\u00eas anos pelo cuidado com a sa\u00fade p\u00fablica. Unidades de sa\u00fade reformadas, ampliadas ou criadas, nas mais diversas regi\u00f5es do munic\u00edpio, introdu\u00e7\u00e3o do programa que leva o m\u00e9dico \u00e0s comunidades que n\u00e3o t\u00eam unidade de sa\u00fade e entrega de ambul\u00e2ncias em locais chaves, permitindo que esse atendimento chegue ao maior n\u00famero poss\u00edvel de marauenses. Foi dentro desse projeto que esse fim de semana o prefeito Manass\u00e9s Souza (Avante) fez a entrega \u00e0 comunidade quilombola de Empata Viagem de uma nova ambul\u00e2ncia, 4 x 4, gra\u00e7as [&hellip;]<\/p>\n","protected":false},"author":2,"featured_media":137248,"comment_status":"closed","ping_status":"open","sticky":false,"template":"","format":"standard","meta":[],"categories":[27],"tags":[],"_links":{"self":[{"href":"https:\/\/www.barragrande24horas.com.br\/v1\/wp-json\/wp\/v2\/posts\/137177"}],"collection":[{"href":"https:\/\/www.barragrande24horas.com.br\/v1\/wp-json\/wp\/v2\/posts"}],"about":[{"href":"https:\/\/www.barragrande24horas.com.br\/v1\/wp-json\/wp\/v2\/types\/post"}],"author":[{"embeddable":true,"href":"https:\/\/www.barragrande24horas.com.br\/v1\/wp-json\/wp\/v2\/users\/2"}],"replies":[{"embeddable":true,"href":"https:\/\/www.barragrande24horas.com.br\/v1\/wp-json\/wp\/v2\/comments?post=137177"}],"version-history":[{"count":5,"href":"https:\/\/www.barragrande24horas.com.br\/v1\/wp-json\/wp\/v2\/posts\/137177\/revisions"}],"predecessor-version":[{"id":137250,"href":"https:\/\/www.barragrande24horas.com.br\/v1\/wp-json\/wp\/v2\/posts\/137177\/revisions\/137250"}],"wp:featuredmedia":[{"embeddable":true,"href":"https:\/\/www.barragrande24horas.com.br\/v1\/wp-json\/wp\/v2\/media\/137248"}],"wp:attachment":[{"href":"https:\/\/www.barragrande24horas.com.br\/v1\/wp-json\/wp\/v2\/media?parent=137177"}],"wp:term":[{"taxonomy":"category","embeddable":true,"href":"https:\/\/www.barragrande24horas.com.br\/v1\/wp-json\/wp\/v2\/categories?post=137177"},{"taxonomy":"post_tag","embeddable":true,"href":"https:\/\/www.barragrande24horas.com.br\/v1\/wp-json\/wp\/v2\/tags?post=137177"}],"curies":[{"name":"wp","href":"https:\/\/api.w.org\/{rel}","templated":true}]}}