{"id":137149,"date":"2024-01-11T13:12:48","date_gmt":"2024-01-11T16:12:48","guid":{"rendered":"https:\/\/www.barragrande24horas.com.br\/v1\/?p=137149"},"modified":"2024-01-11T13:12:48","modified_gmt":"2024-01-11T16:12:48","slug":"cerimonia-marca-a-posse-dos-novos-conselheiros-tutelares-de-marau","status":"publish","type":"post","link":"https:\/\/www.barragrande24horas.com.br\/v1\/2024\/01\/11\/cerimonia-marca-a-posse-dos-novos-conselheiros-tutelares-de-marau\/","title":{"rendered":"CERIM\u00d4NIA MARCA A POSSE DOS NOVOS CONSELHEIROS TUTELARES DE MARA\u00da"},"content":{"rendered":"<p>&nbsp;<\/p>\n<p style=\"text-align: justify;\">A Prefeitura de Mara\u00fa, por meio da Secretaria Municipal de Desenvolvimento Social e do Conselho Municipal dos Direitos da Crian\u00e7a e do Adolescente &#8211; CMDCA, realizou no dia 10 de janeiro de 2024, conforme determina o par\u00e1grafo 2\u00ba do art. 139 do ECA, a posse dos novos conselheiros tutelares titulares e suplentes, eleitos democraticamente em 1\u00ba de outubro de 2023, para o quadri\u00eanio 2024\/2028.<\/p>\n<p><a href=\"https:\/\/www.barragrande24horas.com.br\/v1\/wp-content\/uploads\/2024\/01\/WhatsApp-Image-2024-01-11-at-13.08.58.jpeg\" class=\"gallery_colorbox\"><img loading=\"lazy\" class=\" wp-image-137156 aligncenter\" src=\"https:\/\/www.barragrande24horas.com.br\/v1\/wp-content\/uploads\/2024\/01\/WhatsApp-Image-2024-01-11-at-13.08.58.jpeg\"  alt=\"\" width=\"594\" height=\"354\" srcset=\"https:\/\/www.barragrande24horas.com.br\/v1\/wp-content\/uploads\/2024\/01\/WhatsApp-Image-2024-01-11-at-13.08.58.jpeg 768w, https:\/\/www.barragrande24horas.com.br\/v1\/wp-content\/uploads\/2024\/01\/WhatsApp-Image-2024-01-11-at-13.08.58-300x179.jpeg 300w\" sizes=\"(max-width: 594px) 100vw, 594px\" \/><\/a><\/p>\n<p style=\"text-align: justify;\">A Solenidade contou com a presen\u00e7a do Prefeito Manass\u00e9s, vereadores, secret\u00e1rios, representantes da rede de prote\u00e7\u00e3o dos direitos da crian\u00e7a e do adolescente, onde na oportunidade o gestor municipal reafirmou o seu compromisso em fortalecer ainda mais o Conselho Tutelar, \u00f3rg\u00e3o que tem total apoio do munic\u00edpio na execu\u00e7\u00e3o de suas atividades em defesa dos direitos da crian\u00e7a e do adolescente.<\/p>\n<p><a href=\"https:\/\/www.barragrande24horas.com.br\/v1\/wp-content\/uploads\/2024\/01\/WhatsApp-Image-2024-01-11-at-13.08.58-1.jpeg\" class=\"gallery_colorbox\"><img loading=\"lazy\" class=\" wp-image-137155 aligncenter\" src=\"https:\/\/www.barragrande24horas.com.br\/v1\/wp-content\/uploads\/2024\/01\/WhatsApp-Image-2024-01-11-at-13.08.58-1.jpeg\"  alt=\"\" width=\"576\" height=\"423\" srcset=\"https:\/\/www.barragrande24horas.com.br\/v1\/wp-content\/uploads\/2024\/01\/WhatsApp-Image-2024-01-11-at-13.08.58-1.jpeg 768w, https:\/\/www.barragrande24horas.com.br\/v1\/wp-content\/uploads\/2024\/01\/WhatsApp-Image-2024-01-11-at-13.08.58-1-300x220.jpeg 300w\" sizes=\"(max-width: 576px) 100vw, 576px\" \/><\/a><\/p>\n<p style=\"text-align: justify;\">A Secretaria de Desenvolvimento Social, apresentou as a\u00e7\u00f5es que vem sendo desenvolvidas em prol das crian\u00e7as e adolescentes marauenses para prevenir as viola\u00e7\u00e3o de direitos, garantir o fortalecimento de v\u00ednculos e a melhoria da qualidade de vida.<\/p>\n<p><a href=\"https:\/\/www.barragrande24horas.com.br\/v1\/wp-content\/uploads\/2024\/01\/WhatsApp-Image-2024-01-11-at-13.08.58-3.jpeg\" class=\"gallery_colorbox\"><img loading=\"lazy\" class=\" wp-image-137153 aligncenter\" src=\"https:\/\/www.barragrande24horas.com.br\/v1\/wp-content\/uploads\/2024\/01\/WhatsApp-Image-2024-01-11-at-13.08.58-3.jpeg\"  alt=\"\" width=\"585\" height=\"396\" srcset=\"https:\/\/www.barragrande24horas.com.br\/v1\/wp-content\/uploads\/2024\/01\/WhatsApp-Image-2024-01-11-at-13.08.58-3.jpeg 768w, https:\/\/www.barragrande24horas.com.br\/v1\/wp-content\/uploads\/2024\/01\/WhatsApp-Image-2024-01-11-at-13.08.58-3-300x203.jpeg 300w\" sizes=\"(max-width: 585px) 100vw, 585px\" \/><\/a><\/p>\n<p style=\"text-align: justify;\">As conselheiras empossadas comprometeram-se em desempenhar suas fun\u00e7\u00f5es com dedica\u00e7\u00e3o, \u00e9tica e compromisso, zelando sempre pela defesa dos direitos da crian\u00e7a e do adolescente \u00e0 luz da Constitui\u00e7\u00e3o Federal e do ECA.<\/p>\n<p><a href=\"https:\/\/www.barragrande24horas.com.br\/v1\/wp-content\/uploads\/2024\/01\/WhatsApp-Image-2024-01-11-at-13.08.58-2.jpeg\" class=\"gallery_colorbox\"><img loading=\"lazy\" class=\" wp-image-137154 aligncenter\" src=\"https:\/\/www.barragrande24horas.com.br\/v1\/wp-content\/uploads\/2024\/01\/WhatsApp-Image-2024-01-11-at-13.08.58-2.jpeg\"  alt=\"\" width=\"585\" height=\"355\" srcset=\"https:\/\/www.barragrande24horas.com.br\/v1\/wp-content\/uploads\/2024\/01\/WhatsApp-Image-2024-01-11-at-13.08.58-2.jpeg 768w, https:\/\/www.barragrande24horas.com.br\/v1\/wp-content\/uploads\/2024\/01\/WhatsApp-Image-2024-01-11-at-13.08.58-2-300x182.jpeg 300w\" sizes=\"(max-width: 585px) 100vw, 585px\" \/><\/a><\/p>\n<p><strong>NOVAS CONSELHEIRAS TUTELARES DE MARA\u00da<\/strong><\/p>\n<p>Val\u00e9ria Nascimento<br \/>\nAline Roque Correia Porto<br \/>\nGraziele de Oliveira dos Santos Alves<br \/>\nJosimar santos santos<br \/>\nSimone Concei\u00e7\u00e3o Coutinho<\/p>\n<p>&nbsp;<\/p>\n<p><strong>Prefeitura Municipal De Mara\u00fa<\/strong><br \/>\nGOVERNO &#8211; O PROGRESSO CONTINUA<\/p>\n<p style=\"text-align: justify;\">\n","protected":false},"excerpt":{"rendered":"<p>&nbsp; A Prefeitura de Mara\u00fa, por meio da Secretaria Municipal de Desenvolvimento Social e do Conselho Municipal dos Direitos da Crian\u00e7a e do Adolescente &#8211; CMDCA, realizou no dia 10 de janeiro de 2024, conforme determina o par\u00e1grafo 2\u00ba do art. 139 do ECA, a posse dos novos conselheiros tutelares titulares e suplentes, eleitos democraticamente em 1\u00ba de outubro de 2023, para o quadri\u00eanio 2024\/2028. A Solenidade contou com a presen\u00e7a do Prefeito Manass\u00e9s, vereadores, secret\u00e1rios, representantes da rede de prote\u00e7\u00e3o dos direitos da crian\u00e7a e do adolescente, onde na oportunidade o gestor municipal reafirmou o seu compromisso em fortalecer [&hellip;]<\/p>\n","protected":false},"author":2,"featured_media":137151,"comment_status":"closed","ping_status":"open","sticky":false,"template":"","format":"standard","meta":[],"categories":[23],"tags":[],"_links":{"self":[{"href":"https:\/\/www.barragrande24horas.com.br\/v1\/wp-json\/wp\/v2\/posts\/137149"}],"collection":[{"href":"https:\/\/www.barragrande24horas.com.br\/v1\/wp-json\/wp\/v2\/posts"}],"about":[{"href":"https:\/\/www.barragrande24horas.com.br\/v1\/wp-json\/wp\/v2\/types\/post"}],"author":[{"embeddable":true,"href":"https:\/\/www.barragrande24horas.com.br\/v1\/wp-json\/wp\/v2\/users\/2"}],"replies":[{"embeddable":true,"href":"https:\/\/www.barragrande24horas.com.br\/v1\/wp-json\/wp\/v2\/comments?post=137149"}],"version-history":[{"count":2,"href":"https:\/\/www.barragrande24horas.com.br\/v1\/wp-json\/wp\/v2\/posts\/137149\/revisions"}],"predecessor-version":[{"id":137157,"href":"https:\/\/www.barragrande24horas.com.br\/v1\/wp-json\/wp\/v2\/posts\/137149\/revisions\/137157"}],"wp:featuredmedia":[{"embeddable":true,"href":"https:\/\/www.barragrande24horas.com.br\/v1\/wp-json\/wp\/v2\/media\/137151"}],"wp:attachment":[{"href":"https:\/\/www.barragrande24horas.com.br\/v1\/wp-json\/wp\/v2\/media?parent=137149"}],"wp:term":[{"taxonomy":"category","embeddable":true,"href":"https:\/\/www.barragrande24horas.com.br\/v1\/wp-json\/wp\/v2\/categories?post=137149"},{"taxonomy":"post_tag","embeddable":true,"href":"https:\/\/www.barragrande24horas.com.br\/v1\/wp-json\/wp\/v2\/tags?post=137149"}],"curies":[{"name":"wp","href":"https:\/\/api.w.org\/{rel}","templated":true}]}}