{"id":137125,"date":"2024-01-09T15:50:02","date_gmt":"2024-01-09T18:50:02","guid":{"rendered":"https:\/\/www.barragrande24horas.com.br\/v1\/?p=137125"},"modified":"2024-01-09T15:50:02","modified_gmt":"2024-01-09T18:50:02","slug":"cmdca-publica-edital-de-chamamento-de-projetos-financiados-pelo-fundo-municipal-da-crianca-e-adolescentes","status":"publish","type":"post","link":"https:\/\/www.barragrande24horas.com.br\/v1\/2024\/01\/09\/cmdca-publica-edital-de-chamamento-de-projetos-financiados-pelo-fundo-municipal-da-crianca-e-adolescentes\/","title":{"rendered":"CMDCA PUBLICA EDITAL DE CHAMAMENTO DE PROJETOS FINANCIADOS PELO FUNDO MUNICIPAL DA CRIAN\u00c7A E ADOLESCENTES"},"content":{"rendered":"<p>&nbsp;<\/p>\n<p style=\"text-align: justify;\">A Prefeitura Municipal de Mara\u00fa atrav\u00e9s da Secretaria Desenvolvimento Social e Conselho Municipal da Crian\u00e7a e do Adolescente- CMDCA, publicou na \u00faltima quinta-feira, 28 de dezembro, o Edital de Chamamento de Projetos financiados pelo Fundo Municipal da Crian\u00e7a e do Adolescente- FMDCA<\/p>\n<p><a href=\"https:\/\/www.barragrande24horas.com.br\/v1\/wp-content\/uploads\/2024\/01\/WhatsApp-Image-2024-01-05-at-10.20.02.jpeg\" class=\"gallery_colorbox\"><img loading=\"lazy\" class=\" wp-image-137127 aligncenter\" src=\"https:\/\/www.barragrande24horas.com.br\/v1\/wp-content\/uploads\/2024\/01\/WhatsApp-Image-2024-01-05-at-10.20.02.jpeg\"  alt=\"\" width=\"574\" height=\"718\" srcset=\"https:\/\/www.barragrande24horas.com.br\/v1\/wp-content\/uploads\/2024\/01\/WhatsApp-Image-2024-01-05-at-10.20.02.jpeg 800w, https:\/\/www.barragrande24horas.com.br\/v1\/wp-content\/uploads\/2024\/01\/WhatsApp-Image-2024-01-05-at-10.20.02-240x300.jpeg 240w, https:\/\/www.barragrande24horas.com.br\/v1\/wp-content\/uploads\/2024\/01\/WhatsApp-Image-2024-01-05-at-10.20.02-768x960.jpeg 768w\" sizes=\"(max-width: 574px) 100vw, 574px\" \/><\/a><\/p>\n<p style=\"text-align: justify;\">A finalidade do presente Chamamento P\u00fablico \u00e9 a sele\u00e7\u00e3o de projetos para a celebra\u00e7\u00e3o de termo de fomento com Organiza\u00e7\u00f5es da Sociedade Civil (OSCs) para a consecu\u00e7\u00e3o de finalidade de interesse p\u00fablico e rec\u00edproco envolvendo a transfer\u00eancia de recursos financeiros provenientes do Fundo Municipal dos Direitos da Crian\u00e7a e do Adolescente de Mara\u00fa (FMDCA-Mara\u00fa).<\/p>\n<p style=\"text-align: justify;\">Ser\u00e3o selecionados ao menos 3 projetos, observada a ordem de classifica\u00e7\u00e3o e o valor referencial total de R$ 210.000,00 (duzentos e dez mil reais) provenientes do FMDCA-Mara\u00fa, sendo que cada projeto selecionado n\u00e3o pode exceder o valor de R$ 70.000,00 (setenta mil reais).<\/p>\n<p style=\"text-align: justify;\">Os projetos apresentados e as a\u00e7\u00f5es previstas devem se enquadrar em ao menos 1 (um) dos seguintes eixos tem\u00e1ticos, conforme estabelecido detalhadamente no Termo de Refer\u00eancia:<\/p>\n<p style=\"text-align: justify;\">Eixo 1 \u2013 Primeira Inf\u00e2ncia<br \/>\nEixo 2 \u2013 Garantia do Direito \u00e0 Sa\u00fade<br \/>\nEixo 3 \u2013 Garantia do Direito \u00e0 Educa\u00e7\u00e3o<br \/>\nEixo 4 \u2013 Diversidade e Inclus\u00e3o de Crian\u00e7as e Adolescentes<br \/>\nEixo 5 \u2013 Da Garantia \u00e0 Prote\u00e7\u00e3o Social de Crian\u00e7as e Adolescentes<br \/>\nEixo 6 \u2013 Promo\u00e7\u00e3o de Direitos para Adolescentes entre 15 e 17 anos<\/p>\n<p style=\"text-align: justify;\">Este Chamamento \u00e9 in\u00e9dito no nosso Munic\u00edpio, acreditamos que a destina\u00e7\u00e3o desse recursos para as OSCs, ser\u00e1 de grande impacto para as comunidades contempladas . Diz Jo\u00e3o Vitor Presidente do CMDCA.<\/p>\n","protected":false},"excerpt":{"rendered":"<p>&nbsp; A Prefeitura Municipal de Mara\u00fa atrav\u00e9s da Secretaria Desenvolvimento Social e Conselho Municipal da Crian\u00e7a e do Adolescente- CMDCA, publicou na \u00faltima quinta-feira, 28 de dezembro, o Edital de Chamamento de Projetos financiados pelo Fundo Municipal da Crian\u00e7a e do Adolescente- FMDCA A finalidade do presente Chamamento P\u00fablico \u00e9 a sele\u00e7\u00e3o de projetos para a celebra\u00e7\u00e3o de termo de fomento com Organiza\u00e7\u00f5es da Sociedade Civil (OSCs) para a consecu\u00e7\u00e3o de finalidade de interesse p\u00fablico e rec\u00edproco envolvendo a transfer\u00eancia de recursos financeiros provenientes do Fundo Municipal dos Direitos da Crian\u00e7a e do Adolescente de Mara\u00fa (FMDCA-Mara\u00fa). Ser\u00e3o selecionados ao [&hellip;]<\/p>\n","protected":false},"author":2,"featured_media":137127,"comment_status":"closed","ping_status":"open","sticky":false,"template":"","format":"standard","meta":[],"categories":[27],"tags":[],"_links":{"self":[{"href":"https:\/\/www.barragrande24horas.com.br\/v1\/wp-json\/wp\/v2\/posts\/137125"}],"collection":[{"href":"https:\/\/www.barragrande24horas.com.br\/v1\/wp-json\/wp\/v2\/posts"}],"about":[{"href":"https:\/\/www.barragrande24horas.com.br\/v1\/wp-json\/wp\/v2\/types\/post"}],"author":[{"embeddable":true,"href":"https:\/\/www.barragrande24horas.com.br\/v1\/wp-json\/wp\/v2\/users\/2"}],"replies":[{"embeddable":true,"href":"https:\/\/www.barragrande24horas.com.br\/v1\/wp-json\/wp\/v2\/comments?post=137125"}],"version-history":[{"count":2,"href":"https:\/\/www.barragrande24horas.com.br\/v1\/wp-json\/wp\/v2\/posts\/137125\/revisions"}],"predecessor-version":[{"id":137128,"href":"https:\/\/www.barragrande24horas.com.br\/v1\/wp-json\/wp\/v2\/posts\/137125\/revisions\/137128"}],"wp:featuredmedia":[{"embeddable":true,"href":"https:\/\/www.barragrande24horas.com.br\/v1\/wp-json\/wp\/v2\/media\/137127"}],"wp:attachment":[{"href":"https:\/\/www.barragrande24horas.com.br\/v1\/wp-json\/wp\/v2\/media?parent=137125"}],"wp:term":[{"taxonomy":"category","embeddable":true,"href":"https:\/\/www.barragrande24horas.com.br\/v1\/wp-json\/wp\/v2\/categories?post=137125"},{"taxonomy":"post_tag","embeddable":true,"href":"https:\/\/www.barragrande24horas.com.br\/v1\/wp-json\/wp\/v2\/tags?post=137125"}],"curies":[{"name":"wp","href":"https:\/\/api.w.org\/{rel}","templated":true}]}}