{"id":136438,"date":"2023-09-15T14:26:58","date_gmt":"2023-09-15T17:26:58","guid":{"rendered":"https:\/\/www.barragrande24horas.com.br\/v1\/?p=136438"},"modified":"2023-09-15T14:47:52","modified_gmt":"2023-09-15T17:47:52","slug":"cmdca-convida-a-populacao-de-marau-para-eleicoes-do-conselho-tutelar-em-1a-de-outubro","status":"publish","type":"post","link":"https:\/\/www.barragrande24horas.com.br\/v1\/2023\/09\/15\/cmdca-convida-a-populacao-de-marau-para-eleicoes-do-conselho-tutelar-em-1a-de-outubro\/","title":{"rendered":"CMDCA CONVIDA A POPULA\u00c7\u00c3O DE MARA\u00da PARA ELEI\u00c7\u00d5ES DO CONSELHO TUTELAR EM 1\u00aa DE OUTUBRO"},"content":{"rendered":"<h2 class=\"title is-size-1 is-size-3-mobile\"><\/h2>\n<div class=\"meta level\">\n<div class=\"level-left\"><\/div>\n<\/div>\n<p style=\"text-align: justify;\">O Conselho Municipal dos Direitos da Crian\u00e7a e do Adolescente (CMDCA), em parceria com a Secretaria de Assist\u00eancia Social da Prefeitura de Mara\u00fa, vai realizar no dia 1\u00ba outubro (domingo) a elei\u00e7\u00e3o para conselheiros tutelares de Mara\u00fa.<\/p>\n<p style=\"text-align: justify;\">Ao todo, ser\u00e3o eleitos 5 conselheiros e 3 suplentes, que v\u00e3o atuar de 2024 a 2028. A vota\u00e7\u00e3o vai acontecer na Sede, povoados e distritos do munic\u00edpio. O conselheiro tutelar \u00e9 respons\u00e1vel por agir em defesa dos direitos da crian\u00e7a e do adolescente em situa\u00e7\u00f5es de risco e vulnerabilidade, por neglig\u00eancia, discrimina\u00e7\u00e3o, explora\u00e7\u00e3o, viol\u00eancia, crueldade e opress\u00e3o.<\/p>\n<p><a href=\"https:\/\/www.barragrande24horas.com.br\/v1\/wp-content\/uploads\/2023\/09\/WhatsApp-Image-2023-09-15-at-14.23.25.jpeg\" class=\"gallery_colorbox\"><img loading=\"lazy\" class=\"alignnone wp-image-136441\" src=\"https:\/\/www.barragrande24horas.com.br\/v1\/wp-content\/uploads\/2023\/09\/WhatsApp-Image-2023-09-15-at-14.23.25.jpeg\"  alt=\"\" width=\"590\" height=\"590\" srcset=\"https:\/\/www.barragrande24horas.com.br\/v1\/wp-content\/uploads\/2023\/09\/WhatsApp-Image-2023-09-15-at-14.23.25.jpeg 800w, https:\/\/www.barragrande24horas.com.br\/v1\/wp-content\/uploads\/2023\/09\/WhatsApp-Image-2023-09-15-at-14.23.25-300x300.jpeg 300w, https:\/\/www.barragrande24horas.com.br\/v1\/wp-content\/uploads\/2023\/09\/WhatsApp-Image-2023-09-15-at-14.23.25-150x150.jpeg 150w, https:\/\/www.barragrande24horas.com.br\/v1\/wp-content\/uploads\/2023\/09\/WhatsApp-Image-2023-09-15-at-14.23.25-768x768.jpeg 768w, https:\/\/www.barragrande24horas.com.br\/v1\/wp-content\/uploads\/2023\/09\/WhatsApp-Image-2023-09-15-at-14.23.25-180x180.jpeg 180w, https:\/\/www.barragrande24horas.com.br\/v1\/wp-content\/uploads\/2023\/09\/WhatsApp-Image-2023-09-15-at-14.23.25-400x400.jpeg 400w, https:\/\/www.barragrande24horas.com.br\/v1\/wp-content\/uploads\/2023\/09\/WhatsApp-Image-2023-09-15-at-14.23.25-600x600.jpeg 600w\" sizes=\"(max-width: 590px) 100vw, 590px\" \/><\/a><\/p>\n<p style=\"text-align: justify;\">O Coordenador da Comiss\u00e3o Especial Eleitoral, Jo\u00e3o Vitor de Jesus, orienta a popula\u00e7\u00e3o que todos os cidad\u00e3os maiores de 16 anos e eleitores de Mara\u00fa, poder\u00e3o votar em um \u00fanico candidato para a atua\u00e7\u00e3o no conselho tutelar. No dia da vota\u00e7\u00e3o, \u00e9 necess\u00e1rio apresentar documento original oficial com foto ou t\u00edtulo de eleitor.<\/p>\n<p><a href=\"https:\/\/www.barragrande24horas.com.br\/v1\/wp-content\/uploads\/2023\/09\/WhatsApp-Image-2023-09-15-at-14.23.25-1.jpeg\" class=\"gallery_colorbox\"><img loading=\"lazy\" class=\" wp-image-136440 aligncenter\" src=\"https:\/\/www.barragrande24horas.com.br\/v1\/wp-content\/uploads\/2023\/09\/WhatsApp-Image-2023-09-15-at-14.23.25-1.jpeg\"  alt=\"\" width=\"592\" height=\"592\" srcset=\"https:\/\/www.barragrande24horas.com.br\/v1\/wp-content\/uploads\/2023\/09\/WhatsApp-Image-2023-09-15-at-14.23.25-1.jpeg 800w, https:\/\/www.barragrande24horas.com.br\/v1\/wp-content\/uploads\/2023\/09\/WhatsApp-Image-2023-09-15-at-14.23.25-1-300x300.jpeg 300w, https:\/\/www.barragrande24horas.com.br\/v1\/wp-content\/uploads\/2023\/09\/WhatsApp-Image-2023-09-15-at-14.23.25-1-150x150.jpeg 150w, https:\/\/www.barragrande24horas.com.br\/v1\/wp-content\/uploads\/2023\/09\/WhatsApp-Image-2023-09-15-at-14.23.25-1-768x768.jpeg 768w, https:\/\/www.barragrande24horas.com.br\/v1\/wp-content\/uploads\/2023\/09\/WhatsApp-Image-2023-09-15-at-14.23.25-1-180x180.jpeg 180w, https:\/\/www.barragrande24horas.com.br\/v1\/wp-content\/uploads\/2023\/09\/WhatsApp-Image-2023-09-15-at-14.23.25-1-400x400.jpeg 400w, https:\/\/www.barragrande24horas.com.br\/v1\/wp-content\/uploads\/2023\/09\/WhatsApp-Image-2023-09-15-at-14.23.25-1-600x600.jpeg 600w\" sizes=\"(max-width: 592px) 100vw, 592px\" \/><\/a><\/p>\n<p style=\"text-align: justify;\">O voto \u00e9 facultativo, mas o processo de escolha \u00e9 uma oportunidade para que a sociedade defina seus representantes na miss\u00e3o de garantir os direitos da crian\u00e7a e do adolescente. A elei\u00e7\u00e3o ocorrer\u00e1 no dia 01 de outubro de 2023, no hor\u00e1rio de 08:00 \u00e0s 17:00.<\/p>\n<p><strong>LOCAIS PARA VOTA\u00c7\u00c3O NO MUNIC\u00cdPIO DE MARA\u00da<\/strong><\/p>\n<p><strong>Sede de Mara\u00fa &#8211;<\/strong> Col\u00e9gio Dr Antenor Lemos<br \/>\n<strong>Taipu de Dentro &#8211;<\/strong> Escola Get\u00falio Vargas<br \/>\n<strong>Barra Grande &#8211;<\/strong> Col\u00e9gio Estadual Ant\u00f4nio Eduardo Ribeiro Rocha<br \/>\n<strong>Campinho &#8211;<\/strong> Escola S\u00e3o Sebasti\u00e3o<br \/>\n<strong>Saqua\u00edra &#8211;<\/strong> Escola Nossa Senhora da Concei\u00e7\u00e3o<br \/>\n<strong>Caubi &#8211;<\/strong> Escola Municipal<br \/>\n<strong>Ilha do Tanque &#8211;<\/strong> Escola Municipal Dr Mario Augusto Teixeira de Freitas<br \/>\n<strong>Trememb\u00e9 &#8211;<\/strong> Escola Municipal Manoel Hemet\u00e9rio de Lemos<br \/>\n<strong>Empata Viagem &#8211;<\/strong> Col\u00e9gio Municipal Tom\u00e9 Monteiro<br \/>\n<strong>Tabuleiro &#8211;<\/strong> Escola S\u00e3o Ger\u00f4nimo<br \/>\n<strong>Ibia\u00e7\u00fa &#8211;<\/strong> Col\u00e9gio Municipal Ant\u00f4nio Viana Filho<br \/>\n<strong>Piabanha &#8211;<\/strong> Escola Odilon Andrade<\/p>\n<p>&nbsp;<\/p>\n<p><strong>Confira a lista com os 08 candidatos aptos que concorrerem ao pleito:<\/strong><\/p>\n<p style=\"text-align: justify;\">Simone (01) &#8211; Josi &#8211; (02) Graziele (03) &#8211; Aline (04) &#8211; Val\u00e9ia (05) &#8211; Jonildes (06) &#8211; Ulisses (07) &#8211; Claudia (08).<\/p>\n<p>&nbsp;<\/p>\n","protected":false},"excerpt":{"rendered":"<p>O Conselho Municipal dos Direitos da Crian\u00e7a e do Adolescente (CMDCA), em parceria com a Secretaria de Assist\u00eancia Social da Prefeitura de Mara\u00fa, vai realizar no dia 1\u00ba outubro (domingo) a elei\u00e7\u00e3o para conselheiros tutelares de Mara\u00fa. Ao todo, ser\u00e3o eleitos 5 conselheiros e 3 suplentes, que v\u00e3o atuar de 2024 a 2028. A vota\u00e7\u00e3o vai acontecer na Sede, povoados e distritos do munic\u00edpio. O conselheiro tutelar \u00e9 respons\u00e1vel por agir em defesa dos direitos da crian\u00e7a e do adolescente em situa\u00e7\u00f5es de risco e vulnerabilidade, por neglig\u00eancia, discrimina\u00e7\u00e3o, explora\u00e7\u00e3o, viol\u00eancia, crueldade e opress\u00e3o. O Coordenador da Comiss\u00e3o Especial Eleitoral, [&hellip;]<\/p>\n","protected":false},"author":2,"featured_media":136441,"comment_status":"closed","ping_status":"open","sticky":false,"template":"","format":"standard","meta":[],"categories":[27],"tags":[],"_links":{"self":[{"href":"https:\/\/www.barragrande24horas.com.br\/v1\/wp-json\/wp\/v2\/posts\/136438"}],"collection":[{"href":"https:\/\/www.barragrande24horas.com.br\/v1\/wp-json\/wp\/v2\/posts"}],"about":[{"href":"https:\/\/www.barragrande24horas.com.br\/v1\/wp-json\/wp\/v2\/types\/post"}],"author":[{"embeddable":true,"href":"https:\/\/www.barragrande24horas.com.br\/v1\/wp-json\/wp\/v2\/users\/2"}],"replies":[{"embeddable":true,"href":"https:\/\/www.barragrande24horas.com.br\/v1\/wp-json\/wp\/v2\/comments?post=136438"}],"version-history":[{"count":2,"href":"https:\/\/www.barragrande24horas.com.br\/v1\/wp-json\/wp\/v2\/posts\/136438\/revisions"}],"predecessor-version":[{"id":136443,"href":"https:\/\/www.barragrande24horas.com.br\/v1\/wp-json\/wp\/v2\/posts\/136438\/revisions\/136443"}],"wp:featuredmedia":[{"embeddable":true,"href":"https:\/\/www.barragrande24horas.com.br\/v1\/wp-json\/wp\/v2\/media\/136441"}],"wp:attachment":[{"href":"https:\/\/www.barragrande24horas.com.br\/v1\/wp-json\/wp\/v2\/media?parent=136438"}],"wp:term":[{"taxonomy":"category","embeddable":true,"href":"https:\/\/www.barragrande24horas.com.br\/v1\/wp-json\/wp\/v2\/categories?post=136438"},{"taxonomy":"post_tag","embeddable":true,"href":"https:\/\/www.barragrande24horas.com.br\/v1\/wp-json\/wp\/v2\/tags?post=136438"}],"curies":[{"name":"wp","href":"https:\/\/api.w.org\/{rel}","templated":true}]}}