{"id":135369,"date":"2023-04-26T18:58:53","date_gmt":"2023-04-26T21:58:53","guid":{"rendered":"https:\/\/www.barragrande24horas.com.br\/v1\/?p=135369"},"modified":"2023-04-26T18:58:53","modified_gmt":"2023-04-26T21:58:53","slug":"prefeito-manasses-assina-convenio-com-sebrae-para-execucao-do-programa-cidade-empreendedora-em-marau","status":"publish","type":"post","link":"https:\/\/www.barragrande24horas.com.br\/v1\/2023\/04\/26\/prefeito-manasses-assina-convenio-com-sebrae-para-execucao-do-programa-cidade-empreendedora-em-marau\/","title":{"rendered":"PREFEITO MANASS\u00c9S ASSINA CONV\u00caNIO COM SEBRAE PARA EXECU\u00c7\u00c3O DO PROGRAMA CIDADE EMPREENDEDORA EM MARA\u00da"},"content":{"rendered":"<p>&nbsp;<\/p>\n<p style=\"text-align: justify;\">Nesta ter\u00e7a-feira, dia 25 de abril de 2023, o Prefeito Manass\u00e9s Souza recebeu no seu gabinete, na sede de Mara\u00fa, representantes do Sebrae Regional &#8211;\u00a0 o Consultor &#8211; Sr. Ricardo Marques, o Gerente Regional &#8211; Sr. Carlos Henrique, a Analista de Atendimento &#8211; Sra. La\u00eds Meireles, Analista de Projetos &#8211; Sra. Jamile Andrade e a Consultora &#8211; Sra. Aline, juntamente com a coordenadora de turismo Nilza Vicente e\u00a0 os Secret\u00e1rios de Administra\u00e7\u00e3o Ant\u00f4nio, de Agricultura Mica e Leonardo Levitta\u00a0 de Turismo, para tratar sobre cursos de capacita\u00e7\u00e3o relevantes para a toda a popula\u00e7\u00e3o marauense e\u00a0 um grande momento, onde o prefeito Manass\u00e9s assinou o conv\u00eanio junto ao Sebrae para instala\u00e7\u00e3o do projeto &#8220;CIDADE EMPREENDEDORA&#8221;.<\/p>\n<p style=\"text-align: justify;\">O objetivo do PROGRAMA CIDADE EMPREENDEDORA \u00e9 engajar a gest\u00e3o p\u00fablica municipal e as lideran\u00e7as locais na promo\u00e7\u00e3o de pol\u00edticas p\u00fablicas de desenvolvimento econ\u00f4mico local, por meio da efetiva\u00e7\u00e3o de um Plano de A\u00e7\u00e3o para Fomento aos Pequenos Neg\u00f3cios que prev\u00ea o fortalecimento do ambiente empresarial no munic\u00edpio. Implanta\u00e7\u00e3o da sala do empreendedor. Al\u00e9m disso, vale destacar a cria\u00e7\u00e3o do curso para a educa\u00e7\u00e3o b\u00e1sica que \u00e9:\u00a0 Jovens Empreendedores Primeiros Passos (JEPP).<\/p>\n<p style=\"text-align: justify;\">Nessa etapa, o curso \u00e9 destinado a fomentar a educa\u00e7\u00e3o e a cultura empreendedora, e al\u00e9m disso, procura apresentar pr\u00e1ticas de aprendizagem, considerando a autonomia do aluno para aprender e favorecer o desenvolvimento de atributos e atitudes essenciais para a gest\u00e3o da pr\u00f3pria vida. Vale lembrar que pode incluir de forma transversal no trabalho escolar, direcionado ao aprendizado financeiro, ambiental entre outro.<\/p>\n<p>Prefeitura Municipal De Mara\u00fa<br \/>\nGOVERNO &#8211; O PROGRESSO CONTINUA<\/p>\n","protected":false},"excerpt":{"rendered":"<p>&nbsp; Nesta ter\u00e7a-feira, dia 25 de abril de 2023, o Prefeito Manass\u00e9s Souza recebeu no seu gabinete, na sede de Mara\u00fa, representantes do Sebrae Regional &#8211;\u00a0 o Consultor &#8211; Sr. Ricardo Marques, o Gerente Regional &#8211; Sr. Carlos Henrique, a Analista de Atendimento &#8211; Sra. La\u00eds Meireles, Analista de Projetos &#8211; Sra. Jamile Andrade e a Consultora &#8211; Sra. Aline, juntamente com a coordenadora de turismo Nilza Vicente e\u00a0 os Secret\u00e1rios de Administra\u00e7\u00e3o Ant\u00f4nio, de Agricultura Mica e Leonardo Levitta\u00a0 de Turismo, para tratar sobre cursos de capacita\u00e7\u00e3o relevantes para a toda a popula\u00e7\u00e3o marauense e\u00a0 um grande momento, onde [&hellip;]<\/p>\n","protected":false},"author":2,"featured_media":135370,"comment_status":"closed","ping_status":"open","sticky":false,"template":"","format":"standard","meta":[],"categories":[27],"tags":[],"_links":{"self":[{"href":"https:\/\/www.barragrande24horas.com.br\/v1\/wp-json\/wp\/v2\/posts\/135369"}],"collection":[{"href":"https:\/\/www.barragrande24horas.com.br\/v1\/wp-json\/wp\/v2\/posts"}],"about":[{"href":"https:\/\/www.barragrande24horas.com.br\/v1\/wp-json\/wp\/v2\/types\/post"}],"author":[{"embeddable":true,"href":"https:\/\/www.barragrande24horas.com.br\/v1\/wp-json\/wp\/v2\/users\/2"}],"replies":[{"embeddable":true,"href":"https:\/\/www.barragrande24horas.com.br\/v1\/wp-json\/wp\/v2\/comments?post=135369"}],"version-history":[{"count":1,"href":"https:\/\/www.barragrande24horas.com.br\/v1\/wp-json\/wp\/v2\/posts\/135369\/revisions"}],"predecessor-version":[{"id":135371,"href":"https:\/\/www.barragrande24horas.com.br\/v1\/wp-json\/wp\/v2\/posts\/135369\/revisions\/135371"}],"wp:featuredmedia":[{"embeddable":true,"href":"https:\/\/www.barragrande24horas.com.br\/v1\/wp-json\/wp\/v2\/media\/135370"}],"wp:attachment":[{"href":"https:\/\/www.barragrande24horas.com.br\/v1\/wp-json\/wp\/v2\/media?parent=135369"}],"wp:term":[{"taxonomy":"category","embeddable":true,"href":"https:\/\/www.barragrande24horas.com.br\/v1\/wp-json\/wp\/v2\/categories?post=135369"},{"taxonomy":"post_tag","embeddable":true,"href":"https:\/\/www.barragrande24horas.com.br\/v1\/wp-json\/wp\/v2\/tags?post=135369"}],"curies":[{"name":"wp","href":"https:\/\/api.w.org\/{rel}","templated":true}]}}